{"id":20228,"date":"2025-09-15T19:25:12","date_gmt":"2025-09-15T23:25:12","guid":{"rendered":"https:\/\/agromt.news\/?p=20228"},"modified":"2025-09-15T19:25:12","modified_gmt":"2025-09-15T23:25:12","slug":"suplementacao-na-cria-primiparas-e-bezerras-sao-a-prioridade-na-fazenda","status":"publish","type":"post","link":"https:\/\/agromt.news\/?p=20228","title":{"rendered":"Suplementa\u00e7\u00e3o na cria: prim\u00edparas e bezerras s\u00e3o a prioridade na fazenda"},"content":{"rendered":"<p> <br \/>\n<\/p>\n<div>\n<p>Pecuaristas, em uma fazenda de cria, a escolha da categoria priorit\u00e1ria para a <strong>suplementa\u00e7\u00e3o<\/strong> pode fazer a diferen\u00e7a entre o lucro e o preju\u00edzo. <strong>Ant\u00f4nio Carlos Zuntini<\/strong>, da Fazenda Recanto, em Parana\u00edta, no <strong>estado de Mato Grosso<\/strong>, quer saber qual categoria tem prioridade na fazenda de cria. Assista ao v\u00eddeo abaixo e confira.<\/p>\n<figure class=\"wp-block-embed is-type-video is-provider-youtube wp-block-embed-youtube wp-embed-aspect-16-9 wp-has-aspect-ratio\">\n<p>\n<iframe title=\"SUPLEMENTA\u00c7\u00c3O NA CRIA: DESCUBRA QUAL CATEGORIA TEM PRIORIDADE NA FAZENDA\" width=\"800\" height=\"450\" src=\"https:\/\/www.youtube.com\/embed\/ZW8pEdVPRY8?feature=oembed\" frameborder=\"0\" allow=\"accelerometer; autoplay; clipboard-write; encrypted-media; gyroscope; picture-in-picture; web-share\" referrerpolicy=\"strict-origin-when-cross-origin\" allowfullscreen><\/iframe>\n<\/p>\n<\/figure>\n<p>Nesta segunda-feira (15), o zootecnista <strong>Edmar Peluso<\/strong>, s\u00f3cio-fundador da consultoria Gerente de Pasto, respondeu \u00e0 pergunta no quadro \u201c<strong>Giro do Boi Responde<\/strong>\u201d do programa <strong>Giro do Boi<\/strong>.<\/p>\n<p>Ele explica que, <a href=\"https:\/\/girodoboi.canalrural.com.br\/pecuaria\/tecnologia-e-inovacao\/suplementacao-na-cria-descubra-qual-categoria-tem-prioridade-na-fazenda\/\">embora a prim\u00edpara seja a categoria mais sens\u00edvel, o manejo deve come\u00e7ar na bezerra<\/a>, a futura matriz da fazenda.<\/p>\n<h2 class=\"wp-block-heading\" id=\"h-primipara-a-categoria-mais-sensivel\">Prim\u00edpara: a categoria mais sens\u00edvel<\/h2>\n<figure class=\"wp-block-image size-large\"><img fetchpriority=\"high\" decoding=\"async\" width=\"1024\" height=\"576\" src=\"https:\/\/agromt.news\/wp-content\/uploads\/2025\/09\/Suplementacao-na-cria-primiparas-e-bezerras-sao-a-prioridade-na.jpg\" alt=\"Pe\u00f5es movimentando vacas e novilhas na fazenda Nova Piratinga. Foto: Reprodu\u00e7\u00e3o\/Giro do Boi\" class=\"wp-image-4117968\"  \/><figcaption class=\"wp-element-caption\">Pe\u00f5es movimentando vacas e novilhas na fazenda Nova Piratinga. Foto: Reprodu\u00e7\u00e3o\/Giro do Boi<\/figcaption><\/figure>\n<p>A categoria de <strong>prim\u00edparas<\/strong> \u00e9 a mais sens\u00edvel em uma fazenda de cria. \u00c9 um animal jovem que pariu, est\u00e1 cuidando do bezerro, est\u00e1 em crescimento corporal e precisa emprenhar novamente.<\/p>\n<p>O manejo nutricional para essa categoria \u00e9 crucial, pois a falta de nutri\u00e7\u00e3o pode comprometer a sua sa\u00fade e a sua capacidade reprodutiva, gerando perdas e preju\u00edzos.<\/p>\n<p>No entanto, o especialista ressalta que a prim\u00edpara de hoje \u00e9 a bezerra de ontem. Conduzir bem a recria \u00e9 o primeiro passo para ter prim\u00edparas saud\u00e1veis e produtivas.<\/p>\n<h2 class=\"wp-block-heading\" id=\"h-o-manejo-correto-da-bezerra-e-da-novilha\">O manejo correto da bezerra e da novilha<\/h2>\n<p>O manejo da bezerra, que ser\u00e1 a futura prim\u00edpara, deve come\u00e7ar desde o desmame.<\/p>\n<ul class=\"wp-block-list\">\n<li><strong>Primeira seca:<\/strong> A bezerra n\u00e3o deve ficar apenas no sal mineral. O ideal \u00e9 fornecer uma palhada de boa qualidade (pasto seco, mas com boa quantidade de folha seca) e um <strong>proteinado 0.1<\/strong>, com bom teor de prote\u00edna.<\/li>\n<li><strong>Per\u00edodo das \u00e1guas:<\/strong> Quando as \u00e1guas voltarem, a bezerra pode voltar para o sal mineral, mas na transi\u00e7\u00e3o para a pr\u00f3xima seca, \u00e9 preciso voltar com o proteinado.<\/li>\n<li><strong>Novilhas prenhas:<\/strong> As nul\u00edparas que se tornar\u00e3o prim\u00edparas precisam continuar a receber o <strong>proteinado<\/strong> na seca para que n\u00e3o percam peso antes de parir.<\/li>\n<\/ul>\n<p>No caso das prim\u00edparas, o proteinado deve ser iniciado logo ap\u00f3s o final das \u00e1guas. A suplementa\u00e7\u00e3o deve continuar, se poss\u00edvel, at\u00e9 o final da esta\u00e7\u00e3o de monta, para que a vaca tenha um bom escore corporal e mais chances de emprenhar novamente.<\/p>\n<h2 class=\"wp-block-heading\" id=\"h-a-importancia-do-manejo-de-pastagem\">A import\u00e2ncia do manejo de pastagem<\/h2>\n<figure class=\"wp-block-image size-large\"><img decoding=\"async\" width=\"1024\" height=\"576\" src=\"https:\/\/agromt.news\/wp-content\/uploads\/2025\/09\/Pasto-e-boi-por-que-a-boca-do-gado-e.jpg\" alt=\"Bovinos em \u00e1rea de pastagem. Foto: Reprodu\u00e7\u00e3o\" class=\"wp-image-4120698\"  \/><figcaption class=\"wp-element-caption\">Bovinos em \u00e1rea de pastagem. Foto: Reprodu\u00e7\u00e3o<\/figcaption><\/figure>\n<p>Edmar Peluso alerta que, independentemente da suplementa\u00e7\u00e3o, o <strong>manejo de pastagem<\/strong> \u00e9 fundamental. Pasto passado, com hastes altas e lignificadas, n\u00e3o \u00e9 bom para o desempenho animal.<\/p>\n<p>O gado n\u00e3o ter\u00e1 bom desempenho em um <strong>Momba\u00e7a<\/strong> de 60 cm ou em um <strong>Massai<\/strong> de 70 cm. O pasto deve ter uma boa quantidade de folha, e n\u00e3o de talo.<\/p>\n<p>O foco na suplementa\u00e7\u00e3o na cria \u00e9 crucial para o sucesso da fazenda. Conduzir bem a recria, com manejo e nutri\u00e7\u00e3o corretos, evita perdas na prim\u00edpara e garante que ela emprenhe bem, cres\u00e7a o m\u00e1ximo poss\u00edvel e pare bem.<\/p>\n<\/p><\/div>\n<p><br \/>\n<br \/><a href=\"https:\/\/www.canalrural.com.br\/pecuaria\/suplementacao-na-cria-primiparas-e-bezerras-sao-a-prioridade-na-fazenda\/\">Source link <\/a><\/p>\n","protected":false},"excerpt":{"rendered":"<p>Pecuaristas, em uma fazenda de cria, a escolha da categoria priorit\u00e1ria para a suplementa\u00e7\u00e3o pode fazer a diferen\u00e7a entre o<\/p>\n","protected":false},"author":1,"featured_media":20229,"comment_status":"open","ping_status":"open","sticky":false,"template":"","format":"standard","meta":{"_monsterinsights_skip_tracking":false,"_monsterinsights_sitenote_active":false,"_monsterinsights_sitenote_note":"","_monsterinsights_sitenote_category":0,"_uf_show_specific_survey":0,"_uf_disable_surveys":false,"footnotes":""},"categories":[1],"tags":[],"class_list":["post-20228","post","type-post","status-publish","format-standard","has-post-thumbnail","hentry","category-news"],"_links":{"self":[{"href":"https:\/\/agromt.news\/index.php?rest_route=\/wp\/v2\/posts\/20228"}],"collection":[{"href":"https:\/\/agromt.news\/index.php?rest_route=\/wp\/v2\/posts"}],"about":[{"href":"https:\/\/agromt.news\/index.php?rest_route=\/wp\/v2\/types\/post"}],"author":[{"embeddable":true,"href":"https:\/\/agromt.news\/index.php?rest_route=\/wp\/v2\/users\/1"}],"replies":[{"embeddable":true,"href":"https:\/\/agromt.news\/index.php?rest_route=%2Fwp%2Fv2%2Fcomments&post=20228"}],"version-history":[{"count":0,"href":"https:\/\/agromt.news\/index.php?rest_route=\/wp\/v2\/posts\/20228\/revisions"}],"wp:featuredmedia":[{"embeddable":true,"href":"https:\/\/agromt.news\/index.php?rest_route=\/wp\/v2\/media\/20229"}],"wp:attachment":[{"href":"https:\/\/agromt.news\/index.php?rest_route=%2Fwp%2Fv2%2Fmedia&parent=20228"}],"wp:term":[{"taxonomy":"category","embeddable":true,"href":"https:\/\/agromt.news\/index.php?rest_route=%2Fwp%2Fv2%2Fcategories&post=20228"},{"taxonomy":"post_tag","embeddable":true,"href":"https:\/\/agromt.news\/index.php?rest_route=%2Fwp%2Fv2%2Ftags&post=20228"}],"curies":[{"name":"wp","href":"https:\/\/api.w.org\/{rel}","templated":true}]}}