{"id":20226,"date":"2025-09-15T19:09:00","date_gmt":"2025-09-15T23:09:00","guid":{"rendered":"https:\/\/agromt.news\/?p=20226"},"modified":"2025-09-15T19:09:00","modified_gmt":"2025-09-15T23:09:00","slug":"fabrica-da-nestle-e-atingida-por-incendio-no-interior-paulista","status":"publish","type":"post","link":"https:\/\/agromt.news\/?p=20226","title":{"rendered":"f\u00e1brica da Nestl\u00e9 \u00e9 atingida por inc\u00eandio no interior paulista"},"content":{"rendered":"<p> <br \/>\n<br \/><img decoding=\"async\" src=\"https:\/\/agromt.news\/wp-content\/uploads\/2025\/09\/fabrica-da-Nestle-e-atingida-por-incendio-no-interior-paulista.jpg\" \/><\/p>\n<div>\n<p>Um inc\u00eandio atingiu uma das f\u00e1bricas da Nestl\u00e9, em Araras, no interior de S\u00e3o Paulo, na tarde de domingo (14).<\/p>\n<p>De acordo com a empresa, as chamas se concentraram em um equipamento localizado na \u00e1rea externa da unidade e foram controladas pelo Corpo de Bombeiros e pela Defesa Civil.<\/p>\n<p>Segundo a companhia, n\u00e3o houve feridos nem necessidade de evacua\u00e7\u00e3o, j\u00e1 que a ocorr\u00eancia n\u00e3o atingiu as \u00e1reas internas da f\u00e1brica. <\/p>\n<figure class=\"wp-block-embed is-type-rich is-provider-instagram wp-block-embed-instagram\">\n<p><iframe title=\"Instagram frame\" loading=\"lazy\" height=\"628\" class=\"instagram-embed-iframe\" src=\"https:\/\/www.instagram.com\/p\/DOovFsODjMb\/embed\/\" allowtransparency=\"true\" frameborder=\"0\" scrolling=\"no\" onload=\"(function(o){window.instagramIframe = window.instagramIframe || []; window.instagramIframe.push(o);})(this)\" style=\"border: 0px; margin: 0 auto; max-width: 658px; width: calc(100% - 2px); border-radius: 4px; box-shadow: rgba(0, 0, 0, 0.498039) 0px 0px 1px 0px, rgba(0, 0, 0, 0.14902) 0px 1px 10px 0px; display: block; padding: 0px; background: rgb(255, 255, 255);\"><\/iframe><\/p>\n<\/figure>\n<p>O caso foi registrado como inc\u00eandio acidental pela Secretaria de Seguran\u00e7a P\u00fablica (SSP), que informou que as equipes dos bombeiros controlaram as chamas e realizaram o rescaldo no local.<\/p>\n<p>A produ\u00e7\u00e3o tamb\u00e9m n\u00e3o foi interrompida, pois a unidade conta com sistemas de conting\u00eancia e equipamentos de reserva, que garantiram a continuidade das opera\u00e7\u00f5es.<\/p>\n<p>A f\u00e1brica de Araras da Nestl\u00e9 foi inaugurada em 1921 para a produ\u00e7\u00e3o de leite condensado e, ao longo dos anos, diversificou sua linha de produ\u00e7\u00e3o. Atualmente, a unidade produz caf\u00e9 sol\u00favel, achocolatado em p\u00f3 e outros produtos, sendo considerada uma das principais do grupo no Brasil. A planta conta com cerca de mil colaboradores.<\/p>\n<\/p><\/div>\n<p><script async src=\"\/\/www.instagram.com\/embed.js\"><\/script><br \/>\n<br \/><br \/>\n<br \/><a href=\"https:\/\/www.canalrural.com.br\/seguranca\/video-fabrica-da-nestle-e-atingida-por-incendio-no-interior-paulista\/\">Source link <\/a><\/p>\n","protected":false},"excerpt":{"rendered":"<p>Um inc\u00eandio atingiu uma das f\u00e1bricas da Nestl\u00e9, em Araras, no interior de S\u00e3o Paulo, na tarde de domingo (14).<\/p>\n","protected":false},"author":1,"featured_media":20227,"comment_status":"open","ping_status":"open","sticky":false,"template":"","format":"standard","meta":{"_monsterinsights_skip_tracking":false,"_monsterinsights_sitenote_active":false,"_monsterinsights_sitenote_note":"","_monsterinsights_sitenote_category":0,"_uf_show_specific_survey":0,"_uf_disable_surveys":false,"footnotes":""},"categories":[1],"tags":[],"class_list":["post-20226","post","type-post","status-publish","format-standard","has-post-thumbnail","hentry","category-news"],"_links":{"self":[{"href":"https:\/\/agromt.news\/index.php?rest_route=\/wp\/v2\/posts\/20226"}],"collection":[{"href":"https:\/\/agromt.news\/index.php?rest_route=\/wp\/v2\/posts"}],"about":[{"href":"https:\/\/agromt.news\/index.php?rest_route=\/wp\/v2\/types\/post"}],"author":[{"embeddable":true,"href":"https:\/\/agromt.news\/index.php?rest_route=\/wp\/v2\/users\/1"}],"replies":[{"embeddable":true,"href":"https:\/\/agromt.news\/index.php?rest_route=%2Fwp%2Fv2%2Fcomments&post=20226"}],"version-history":[{"count":0,"href":"https:\/\/agromt.news\/index.php?rest_route=\/wp\/v2\/posts\/20226\/revisions"}],"wp:featuredmedia":[{"embeddable":true,"href":"https:\/\/agromt.news\/index.php?rest_route=\/wp\/v2\/media\/20227"}],"wp:attachment":[{"href":"https:\/\/agromt.news\/index.php?rest_route=%2Fwp%2Fv2%2Fmedia&parent=20226"}],"wp:term":[{"taxonomy":"category","embeddable":true,"href":"https:\/\/agromt.news\/index.php?rest_route=%2Fwp%2Fv2%2Fcategories&post=20226"},{"taxonomy":"post_tag","embeddable":true,"href":"https:\/\/agromt.news\/index.php?rest_route=%2Fwp%2Fv2%2Ftags&post=20226"}],"curies":[{"name":"wp","href":"https:\/\/api.w.org\/{rel}","templated":true}]}}