{"id":20223,"date":"2025-09-15T18:10:29","date_gmt":"2025-09-15T22:10:29","guid":{"rendered":"https:\/\/agromt.news\/?p=20223"},"modified":"2025-09-15T18:10:29","modified_gmt":"2025-09-15T22:10:29","slug":"confira-a-previsao-do-tempo-2","status":"publish","type":"post","link":"https:\/\/agromt.news\/?p=20223","title":{"rendered":"confira a previs\u00e3o do tempo"},"content":{"rendered":"<p> <br \/>\n<br \/><img decoding=\"async\" src=\"https:\/\/agromt.news\/wp-content\/uploads\/2024\/09\/1726500002_555_MS-e-o-momento-de-plantar-a-soja.jpg\" \/><\/p>\n<div>\n<p>A previs\u00e3o do tempo para esta ter\u00e7a-feira (16), segundo os meteorologistas da <strong><a href=\"https:\/\/www.canalrural.com.br\/autor\/climatempo\/\">Climatempo<\/a><\/strong>, mostra um cen\u00e1rio de contrastes em todo o Brasil. Enquanto parte do pa\u00eds enfrenta pancadas de chuva intensas e risco de temporais, outras regi\u00f5es seguem sob predom\u00ednio de sol forte, calor e baixa umidade do ar.<\/p>\n<p>Confira como ficam as condi\u00e7\u00f5es em todas as regi\u00f5es do pa\u00eds.<\/p>\n<p>No Rio Grande do Sul, a circula\u00e7\u00e3o dos ventos ajuda a firmar o tempo. Ainda pode chuviscar entre a madrugada e a manh\u00e3, mas durante o dia o sol aparece entre nuvens e as instabilidades perdem for\u00e7a. Apenas a serra e o litoral norte ga\u00facho podem registrar chuviscos isolados. \u00c0 noite, h\u00e1 condi\u00e7\u00f5es para forma\u00e7\u00e3o de nevoeiro em grande parte do estado.<\/p>\n<p>Em Santa Catarina e no Paran\u00e1, o deslocamento de um cavado meteorol\u00f3gico mant\u00e9m a condi\u00e7\u00e3o de chuva forte durante a madrugada e manh\u00e3, mas a tend\u00eancia \u00e9 de perda de intensidade ao longo do dia. Mesmo assim, h\u00e1 risco de raios e ventos no Paran\u00e1. No oeste e sudoeste catarinense, al\u00e9m do noroeste paranaense, o tempo deve permanecer firme.<\/p>\n<p>No Sudeste, o cavado meteorol\u00f3gico favorece \u00e1reas de instabilidade em S\u00e3o Paulo, Rio de Janeiro e Minas Gerais. O dia come\u00e7a com sol e temperaturas em r\u00e1pida eleva\u00e7\u00e3o, mas \u00e0 tarde as pancadas de chuva ganham for\u00e7a, especialmente no interior paulista.<\/p>\n<p>Na Grande S\u00e3o Paulo, h\u00e1 chance de chuva forte, raios e rajadas de vento. A regi\u00e3o da Serra da Mantiqueira, Zona da Mata mineira, Vale do Para\u00edba e sul fluminense tamb\u00e9m tem risco de temporais localizados com eventual queda de granizo.<\/p>\n<p>No Rio de Janeiro, al\u00e9m da chegada da chuva \u00e0 noite, os ventos sopram intensos ao longo do dia, com rajadas entre 51 e 70 km\/h. No Esp\u00edrito Santo, a instabilidade se concentra no litoral, enquanto o norte de Minas segue com ar seco e baixa umidade.<\/p>\n<p>No Centro-Oeste, a presen\u00e7a de umidade favorece pancadas isoladas em Mato Grosso, Mato Grosso do Sul e sul de Goi\u00e1s. No noroeste de Mato Grosso, h\u00e1 risco de chuva forte acompanhada por raios.<\/p>\n<p>J\u00e1 em Goi\u00e1s e no Distrito Federal, predomina o ar seco, com alerta de baixa umidade durante a tarde, alcan\u00e7ando n\u00edveis cr\u00edticos em algumas \u00e1reas.<\/p>\n<p>Na faixa leste do Nordeste, a circula\u00e7\u00e3o de ventos oce\u00e2nicos provoca instabilidade. Entre Sergipe e Alagoas, h\u00e1 risco de chuva mais intensa. O litoral da Bahia registra pancadas moderadas.<\/p>\n<p>No interior nordestino, o tempo segue firme, com sol, calor e baixa umidade, especialmente no sert\u00e3o e no Matopiba, onde aumenta o risco de queimadas.<\/p>\n<p>No Norte, a umidade mant\u00e9m a forma\u00e7\u00e3o de instabilidades sobre Amazonas, Acre, Rond\u00f4nia e oeste do Amap\u00e1, com risco de chuva forte em alguns per\u00edodos. J\u00e1 no Tocantins, o dia \u00e9 de tempo firme, sol forte e baixa umidade, com \u00edndices cr\u00edticos \u00e0 tarde.<\/p>\n<div data-icp-cta=\"1\" id=\"icp-cta-unique\">Voc\u00ea quer entender como usar o clima a seu favor?<b> <\/b><a href=\"https:\/\/climacampo.canalrural.com.br\/climacampo_-01\">Preparamos um e-book exclusivo<\/a> para ajudar produtores rurais a se antecipar \u00e0s mudan\u00e7as do tempo e planejar melhor suas a\u00e7\u00f5es. Com base em previs\u00f5es meteorol\u00f3gicas confi\u00e1veis, ele oferece orienta\u00e7\u00f5es pr\u00e1ticas para proteger sua lavoura e otimizar seus resultados.<\/div>\n<\/div>\n<p><br \/>\n<br \/><a href=\"https:\/\/www.canalrural.com.br\/tempo\/temporais-e-ventos-de-ate-70-km-h-vem-ai-confira-a-previsao-do-tempo\/\">Source link <\/a><\/p>\n","protected":false},"excerpt":{"rendered":"<p>A previs\u00e3o do tempo para esta ter\u00e7a-feira (16), segundo os meteorologistas da Climatempo, mostra um cen\u00e1rio de contrastes em todo<\/p>\n","protected":false},"author":1,"featured_media":2374,"comment_status":"open","ping_status":"open","sticky":false,"template":"","format":"standard","meta":{"_monsterinsights_skip_tracking":false,"_monsterinsights_sitenote_active":false,"_monsterinsights_sitenote_note":"","_monsterinsights_sitenote_category":0,"_uf_show_specific_survey":0,"_uf_disable_surveys":false,"footnotes":""},"categories":[1],"tags":[],"class_list":["post-20223","post","type-post","status-publish","format-standard","has-post-thumbnail","hentry","category-news"],"_links":{"self":[{"href":"https:\/\/agromt.news\/index.php?rest_route=\/wp\/v2\/posts\/20223"}],"collection":[{"href":"https:\/\/agromt.news\/index.php?rest_route=\/wp\/v2\/posts"}],"about":[{"href":"https:\/\/agromt.news\/index.php?rest_route=\/wp\/v2\/types\/post"}],"author":[{"embeddable":true,"href":"https:\/\/agromt.news\/index.php?rest_route=\/wp\/v2\/users\/1"}],"replies":[{"embeddable":true,"href":"https:\/\/agromt.news\/index.php?rest_route=%2Fwp%2Fv2%2Fcomments&post=20223"}],"version-history":[{"count":0,"href":"https:\/\/agromt.news\/index.php?rest_route=\/wp\/v2\/posts\/20223\/revisions"}],"wp:featuredmedia":[{"embeddable":true,"href":"https:\/\/agromt.news\/index.php?rest_route=\/wp\/v2\/media\/2374"}],"wp:attachment":[{"href":"https:\/\/agromt.news\/index.php?rest_route=%2Fwp%2Fv2%2Fmedia&parent=20223"}],"wp:term":[{"taxonomy":"category","embeddable":true,"href":"https:\/\/agromt.news\/index.php?rest_route=%2Fwp%2Fv2%2Fcategories&post=20223"},{"taxonomy":"post_tag","embeddable":true,"href":"https:\/\/agromt.news\/index.php?rest_route=%2Fwp%2Fv2%2Ftags&post=20223"}],"curies":[{"name":"wp","href":"https:\/\/api.w.org\/{rel}","templated":true}]}}