{"id":20222,"date":"2025-09-15T17:54:21","date_gmt":"2025-09-15T21:54:21","guid":{"rendered":"https:\/\/agromt.news\/?p=20222"},"modified":"2025-09-15T17:54:21","modified_gmt":"2025-09-15T21:54:21","slug":"o-dialogo-que-precisamos-ouvir","status":"publish","type":"post","link":"https:\/\/agromt.news\/?p=20222","title":{"rendered":"o di\u00e1logo que precisamos ouvir"},"content":{"rendered":"<p> <br \/>\n<\/p>\n<div>\n<p>No pr\u00f3ximo dia 19 de setembro, sexta-feira, das 8h30 \u00e0s 13h30, estarei na Sociedade Rural Brasileira participando do Semin\u00e1rio T\u00e9cnico Nacional \u2013 Gest\u00e3o de Riscos Agropecu\u00e1rios e Seguros Param\u00e9tricos. <\/p>\n<p>As inscri\u00e7\u00f5es presenciais j\u00e1 esgotaram, mas ainda d\u00e1 tempo de se <strong><a href=\"https:\/\/docs.google.com\/forms\/d\/e\/1FAIpQLSdcETEWNlVZXx77D8IZqC2TRON4-MloxezbtrExU4v46AOonA\/viewform?pli=1\">inscrever para acompanhar virtualmente<\/a><\/strong> \u2013 de gra\u00e7a, mas com vagas limitadas.<\/p>\n<p>Por que fa\u00e7o esse convite? Porque sei que esse debate interessa a muita gente que acompanha de perto o dia a dia do agro. O seguro rural, para alguns, ainda parece um tema distante, restrito a especialistas ou a quem trabalha diretamente no setor. Mas, na pr\u00e1tica, ele diz respeito \u00e0 continuidade da produ\u00e7\u00e3o, \u00e0 estabilidade do fluxo de caixa do produtor e at\u00e9 mesmo \u00e0 forma como o pa\u00eds lida com as mudan\u00e7as clim\u00e1ticas.<\/p>\n<p>N\u00e3o \u00e9 novidade que, no Brasil, o dinheiro para renegocia\u00e7\u00e3o de d\u00edvidas costuma aparecer mais r\u00e1pido do que os recursos para preven\u00e7\u00e3o. Basta ver a Medida Provis\u00f3ria recente que abriu R$ 12 bilh\u00f5es para refinanciamentos. <\/p>\n<p>O seguro, quando bem estruturado, \u00e9 justamente a pe\u00e7a que poderia reduzir a necessidade desse ciclo de endividamento. S\u00f3 que, para isso, precisa ser discutido de frente, sem f\u00f3rmulas prontas e sem repetir velhos discursos. <\/p>\n<p>\u00c9 isso que me anima nesse semin\u00e1rio: a chance de ouvir diferentes perspectivas, de gente da academia, do setor privado e do governo, sobre como tornar o seguro rural mais efetivo. Quero aprender, provocar e tamb\u00e9m dividir algumas inquieta\u00e7\u00f5es.<\/p>\n<p>Al\u00e9m disso, ser\u00e3o apresentadas experi\u00eancias de inova\u00e7\u00e3o em monitoramento por sat\u00e9lite aplicado a seguros agr\u00edcolas, com tr\u00eas empresas de tecnologia: uma consolidada, mostrando resultados concretos; e duas startups, apresentando iniciativas em desenvolvimento para seguros param\u00e9tricos.<\/p>\n<p>A iniciativa desse di\u00e1logo com governo, academia e setor privado \u00e9 promovida pelo SRB em parceria com o Instituto de Inova\u00e7\u00e3o em Seguros e Resseguros da FGV (FGV IISR), o Observat\u00f3rio do Seguro Rural (OSR FGV Agro), a Confedera\u00e7\u00e3o da Agricultura e Pecu\u00e1ria do Brasil (CNA), a Organiza\u00e7\u00e3o das Cooperativas Brasileiras (OCB), a Confedera\u00e7\u00e3o Nacional das Seguradoras (CNseg) e a Federa\u00e7\u00e3o Nacional de Seguros Gerais (FenSeg).<\/p>\n<p>Se esse assunto desperta sua curiosidade ou se voc\u00ea j\u00e1 trabalha com ele e quer trocar ideias, fica aqui meu convite. A inscri\u00e7\u00e3o \u00e9 gratuita, mas necess\u00e1ria para garantir o acesso virtual: <strong><a href=\"https:\/\/docs.google.com\/forms\/d\/e\/1FAIpQLSdcETEWNlVZXx77D8IZqC2TRON4-MloxezbtrExU4v46AOonA\/viewform?pli=1\">clique aqui para garantir o seu lugar nesse debate<\/a><\/strong>.<\/p>\n<div class=\"wp-block-media-text is-stacked-on-mobile\">\n<figure class=\"wp-block-media-text__media\"><img fetchpriority=\"high\" decoding=\"async\" width=\"443\" height=\"660\" src=\"https:\/\/agromt.news\/wp-content\/uploads\/2025\/09\/Credito-Rural-completa-60-anos-e-a-industria-das-renegociacoes.jpg\" alt=\"\" class=\"wp-image-4121585 size-full\"  \/><\/figure>\n<div class=\"wp-block-media-text__content\">\n<p>*<em><strong>Pedro Loyola<\/strong> \u00e9 consultor em gest\u00e3o de riscos agropecu\u00e1rios e financiamento sustent\u00e1vel e coordenador executivo do Observat\u00f3rio do Seguro Rural da FGV Agro.<\/em><\/p>\n<\/div>\n<\/div>\n<hr class=\"wp-block-separator has-alpha-channel-opacity\"\/>\n<p><em>O\u00a0<strong>Canal Rural<\/strong>\u00a0e a FGV Agro n\u00e3o se responsabilizam pelas opini\u00f5es e conceitos emitidos nos textos desta sess\u00e3o, sendo os conte\u00fados de inteira responsabilidade de seu autor. O <strong>Canal Rural <\/strong>se reserva o direito de fazer ajustes no texto para adequa\u00e7\u00e3o \u00e0s normas de publica\u00e7\u00e3o.<\/em><\/p>\n<\/p><\/div>\n<p><br \/>\n<br \/><a href=\"https:\/\/www.canalrural.com.br\/opiniao-noticias\/seguro-riscos-climaticos-e-endividamento-rural-o-dialogo-que-precisamos-ouvir\/\">Source link <\/a><\/p>\n","protected":false},"excerpt":{"rendered":"<p>No pr\u00f3ximo dia 19 de setembro, sexta-feira, das 8h30 \u00e0s 13h30, estarei na Sociedade Rural Brasileira participando do Semin\u00e1rio T\u00e9cnico<\/p>\n","protected":false},"author":1,"featured_media":13274,"comment_status":"open","ping_status":"open","sticky":false,"template":"","format":"standard","meta":{"_monsterinsights_skip_tracking":false,"_monsterinsights_sitenote_active":false,"_monsterinsights_sitenote_note":"","_monsterinsights_sitenote_category":0,"_uf_show_specific_survey":0,"_uf_disable_surveys":false,"footnotes":""},"categories":[1],"tags":[],"class_list":["post-20222","post","type-post","status-publish","format-standard","has-post-thumbnail","hentry","category-news"],"_links":{"self":[{"href":"https:\/\/agromt.news\/index.php?rest_route=\/wp\/v2\/posts\/20222"}],"collection":[{"href":"https:\/\/agromt.news\/index.php?rest_route=\/wp\/v2\/posts"}],"about":[{"href":"https:\/\/agromt.news\/index.php?rest_route=\/wp\/v2\/types\/post"}],"author":[{"embeddable":true,"href":"https:\/\/agromt.news\/index.php?rest_route=\/wp\/v2\/users\/1"}],"replies":[{"embeddable":true,"href":"https:\/\/agromt.news\/index.php?rest_route=%2Fwp%2Fv2%2Fcomments&post=20222"}],"version-history":[{"count":0,"href":"https:\/\/agromt.news\/index.php?rest_route=\/wp\/v2\/posts\/20222\/revisions"}],"wp:featuredmedia":[{"embeddable":true,"href":"https:\/\/agromt.news\/index.php?rest_route=\/wp\/v2\/media\/13274"}],"wp:attachment":[{"href":"https:\/\/agromt.news\/index.php?rest_route=%2Fwp%2Fv2%2Fmedia&parent=20222"}],"wp:term":[{"taxonomy":"category","embeddable":true,"href":"https:\/\/agromt.news\/index.php?rest_route=%2Fwp%2Fv2%2Fcategories&post=20222"},{"taxonomy":"post_tag","embeddable":true,"href":"https:\/\/agromt.news\/index.php?rest_route=%2Fwp%2Fv2%2Ftags&post=20222"}],"curies":[{"name":"wp","href":"https:\/\/api.w.org\/{rel}","templated":true}]}}