{"id":20217,"date":"2025-09-15T17:25:42","date_gmt":"2025-09-15T21:25:42","guid":{"rendered":"https:\/\/agromt.news\/?p=20217"},"modified":"2025-09-15T17:25:42","modified_gmt":"2025-09-15T21:25:42","slug":"como-fica-o-tempo-com-a-nova-estacao","status":"publish","type":"post","link":"https:\/\/agromt.news\/?p=20217","title":{"rendered":"como fica o tempo com a nova esta\u00e7\u00e3o?"},"content":{"rendered":"<p> <br \/>\n<br \/><img decoding=\"async\" src=\"https:\/\/agromt.news\/wp-content\/uploads\/2025\/09\/como-fica-o-tempo-com-a-nova-estacao.jpg\" \/><\/p>\n<div>\n<p>Aten\u00e7\u00e3o <a href=\"https:\/\/www.canalrural.com.br\/?s=previs%C3%A3o+do+tempo\">sojicultores<\/a>: a semana come\u00e7a com <a href=\"https:\/\/www.canalrural.com.br\/?s=calor+intenso\">calor intenso<\/a> e tempo seco no Brasil Central. As \u00e1reas produtoras de Mato Grosso, Mato Grosso do Sul, Goi\u00e1s e Rond\u00f4nia seguem registrando temperaturas elevadas, com m\u00e1ximas pr\u00f3ximas de 40 \u00b0C.<\/p>\n<ul class=\"wp-block-list\">\n<li><strong><em>Fique por dentro das novidades e not\u00edcias recentes sobre a soja! Participe da nossa comunidade atrav\u00e9s do\u00a0<a href=\"https:\/\/chat.whatsapp.com\/BmMRwA0TZ2DHGyhzoaVEWu\">link<\/a>! \ud83c\udf31<\/em><\/strong><\/li>\n<\/ul>\n<p>Na regi\u00e3o de Sorriso (MT), por exemplo, a previs\u00e3o do tempo para os pr\u00f3ximos 30 dias indica pancadas de chuva, mas de forma isolada. A mudan\u00e7a mais vis\u00edvel deve ocorrer com a chegada da primavera, entre os dias 20 e 21 de setembro. Nesse per\u00edodo, as <a href=\"https:\/\/www.canalrural.com.br\/?s=calor\">temperaturas <\/a>tendem a se estabilizar entre 33 \u00b0C e 35 \u00b0C, ainda com chuvas moderadas. O ritmo mais consistente das precipita\u00e7\u00f5es s\u00f3 deve se firmar a partir da primeira quinzena de outubro.<\/p>\n<p><iframe title=\"Primavera chega em breve: como deve ficar o tempo com a nova esta\u00e7\u00e3o?\" width=\"800\" height=\"450\" src=\"https:\/\/www.youtube.com\/embed\/16aYro9pMEk?feature=oembed\" frameborder=\"0\" allow=\"accelerometer; autoplay; clipboard-write; encrypted-media; gyroscope; picture-in-picture; web-share\" referrerpolicy=\"strict-origin-when-cross-origin\" allowfullscreen><\/iframe><noscript><iframe title=\"Primavera chega em breve: como deve ficar o tempo com a nova esta\u00e7\u00e3o?\" width=\"800\" height=\"450\" src=\"https:\/\/www.youtube.com\/embed\/16aYro9pMEk?feature=oembed\" frameborder=\"0\" allow=\"accelerometer; autoplay; clipboard-write; encrypted-media; gyroscope; picture-in-picture; web-share\" referrerpolicy=\"strict-origin-when-cross-origin\" allowfullscreen><\/iframe><\/noscript><\/p>\n<p>O mapa de umidade do solo apresentado pelo meteorologista do Canal Rural, Arthur M\u00fcller, mostra que o Brasil Central enfrenta forte d\u00e9ficit h\u00eddrico, necessitando de cerca de 100 mm de chuva para reverter a condi\u00e7\u00e3o atual. Nos pr\u00f3ximos cinco dias, o cen\u00e1rio segue desfavor\u00e1vel para o in\u00edcio da semeadura, j\u00e1 que o tempo permanece muito seco.<\/p>\n<h2 class=\"wp-block-heading\" id=\"h-o-tempo-na-virada-do-mes\">O tempo na virada do m\u00eas <\/h2>\n<p>Na virada do m\u00eas, h\u00e1 expectativa de chuvas distribu\u00eddas pelo Sudeste, Centro-Oeste e interior do Matopiba. No entanto, os acumulados devem ser baixos, entre 20 e 30 mm. A \u00faltima semana de setembro volta a ser marcada por tempo seco, refor\u00e7ando que a retomada efetiva das chuvas s\u00f3 deve acontecer no in\u00edcio de outubro.<\/p>\n<h2 class=\"wp-block-heading\" id=\"h-muita-chuva\">Muita chuva! <\/h2>\n<p>As anomalias de precipita\u00e7\u00e3o indicam que outubro ter\u00e1 volumes mais expressivos, especialmente em Rond\u00f4nia, Centro-Oeste, Sudeste, centro-sul da Bahia e tamb\u00e9m no Paran\u00e1.<\/p>\n<\/p><\/div>\n<p><br \/>\n<br \/><a href=\"https:\/\/www.canalrural.com.br\/agricultura\/projeto-soja-brasil\/primavera-chega-em-breve-como-fica-o-tempo-com-a-nova-estacao\/\">Source link <\/a><\/p>\n","protected":false},"excerpt":{"rendered":"<p>Aten\u00e7\u00e3o sojicultores: a semana come\u00e7a com calor intenso e tempo seco no Brasil Central. As \u00e1reas produtoras de Mato Grosso,<\/p>\n","protected":false},"author":1,"featured_media":20218,"comment_status":"open","ping_status":"open","sticky":false,"template":"","format":"standard","meta":{"_monsterinsights_skip_tracking":false,"_monsterinsights_sitenote_active":false,"_monsterinsights_sitenote_note":"","_monsterinsights_sitenote_category":0,"_uf_show_specific_survey":0,"_uf_disable_surveys":false,"footnotes":""},"categories":[1],"tags":[],"class_list":["post-20217","post","type-post","status-publish","format-standard","has-post-thumbnail","hentry","category-news"],"_links":{"self":[{"href":"https:\/\/agromt.news\/index.php?rest_route=\/wp\/v2\/posts\/20217"}],"collection":[{"href":"https:\/\/agromt.news\/index.php?rest_route=\/wp\/v2\/posts"}],"about":[{"href":"https:\/\/agromt.news\/index.php?rest_route=\/wp\/v2\/types\/post"}],"author":[{"embeddable":true,"href":"https:\/\/agromt.news\/index.php?rest_route=\/wp\/v2\/users\/1"}],"replies":[{"embeddable":true,"href":"https:\/\/agromt.news\/index.php?rest_route=%2Fwp%2Fv2%2Fcomments&post=20217"}],"version-history":[{"count":0,"href":"https:\/\/agromt.news\/index.php?rest_route=\/wp\/v2\/posts\/20217\/revisions"}],"wp:featuredmedia":[{"embeddable":true,"href":"https:\/\/agromt.news\/index.php?rest_route=\/wp\/v2\/media\/20218"}],"wp:attachment":[{"href":"https:\/\/agromt.news\/index.php?rest_route=%2Fwp%2Fv2%2Fmedia&parent=20217"}],"wp:term":[{"taxonomy":"category","embeddable":true,"href":"https:\/\/agromt.news\/index.php?rest_route=%2Fwp%2Fv2%2Fcategories&post=20217"},{"taxonomy":"post_tag","embeddable":true,"href":"https:\/\/agromt.news\/index.php?rest_route=%2Fwp%2Fv2%2Ftags&post=20217"}],"curies":[{"name":"wp","href":"https:\/\/api.w.org\/{rel}","templated":true}]}}