{"id":20215,"date":"2025-09-15T17:11:31","date_gmt":"2025-09-15T21:11:31","guid":{"rendered":"https:\/\/agromt.news\/?p=20215"},"modified":"2025-09-15T17:11:31","modified_gmt":"2025-09-15T21:11:31","slug":"expo-rio-preto-comeca-com-show-da-raca-sindi-e-promete-ser-a-maior-da-historia","status":"publish","type":"post","link":"https:\/\/agromt.news\/?p=20215","title":{"rendered":"Expo Rio Preto come\u00e7a com show da ra\u00e7a Sindi e promete ser a maior da hist\u00f3ria"},"content":{"rendered":"<p> <br \/>\n<\/p>\n<div>\n<p>Pecuaristas, a <strong>62\u00aa Expo Rio Preto<\/strong> j\u00e1 come\u00e7ou em S\u00e3o Jos\u00e9 do Rio Preto, no <strong>estado de S\u00e3o Paulo<\/strong>, e a primeira etapa, dedicada ao <strong>gado leiteiro<\/strong>, j\u00e1 se mostra um sucesso absoluto. Com entrada e estacionamento gratuitos, a exposi\u00e7\u00e3o se consolida como um evento imperd\u00edvel para o agroneg\u00f3cio e para a comunidade local, que lotou o parque de exposi\u00e7\u00f5es nos primeiros dias. Assista ao v\u00eddeo abaixo e confira.<\/p>\n<figure class=\"wp-block-embed is-type-video is-provider-youtube wp-block-embed-youtube wp-embed-aspect-16-9 wp-has-aspect-ratio\">\n<p>\n<iframe title=\"EXPO RIO PRETO: COME\u00c7OU A FESTA DO GADO LEITEIRO COM DESTAQUE PARA A RA\u00c7A SINDI\" width=\"800\" height=\"450\" src=\"https:\/\/www.youtube.com\/embed\/eSKO_lgSJlQ?feature=oembed\" frameborder=\"0\" allow=\"accelerometer; autoplay; clipboard-write; encrypted-media; gyroscope; picture-in-picture; web-share\" referrerpolicy=\"strict-origin-when-cross-origin\" allowfullscreen><\/iframe>\n<\/p>\n<\/figure>\n<p>O programa <strong>Giro do Boi<\/strong>, do Canal Rural, conversou com <strong>Carina Ayres<\/strong>, produtora rural e secret\u00e1ria de Agricultura e Abastecimento do munic\u00edpio.<\/p>\n<p>Ela, que tamb\u00e9m \u00e9 embaixadora do Congresso Nacional das Mulheres do Agro, destacou o sucesso do evento e a import\u00e2ncia de um dos destaques desta edi\u00e7\u00e3o: a <strong>ra\u00e7a sindi<\/strong>.<\/p>\n<h2 class=\"wp-block-heading\" id=\"h-destaque-para-a-raca-sindi-e-o-torneio-leiteiro\">Destaque para a ra\u00e7a Sindi e o torneio leiteiro<\/h2>\n<figure class=\"wp-block-image size-large\"><img fetchpriority=\"high\" decoding=\"async\" width=\"1024\" height=\"576\" src=\"https:\/\/agromt.news\/wp-content\/uploads\/2025\/09\/Expo-Rio-Preto-comeca-com-show-da-raca-Sindi-e.jpg\" alt=\"Foto: Arthur Merlotti\/Prefeitura de Rio Preto\" class=\"wp-image-4122515\"  \/><figcaption class=\"wp-element-caption\">Foto: Arthur Merlotti\/Prefeitura de Rio Preto<\/figcaption><\/figure>\n<p>A <a href=\"https:\/\/girodoboi.canalrural.com.br\/tag\/expo-rio-preto\/\"><strong>Expo Rio Preto<\/strong><\/a> teve um in\u00edcio impressionante, com um show da ra\u00e7a <a href=\"https:\/\/girodoboi.canalrural.com.br\/pecuaria\/tecnologia-e-inovacao\/sindi-rebanho-da-embrapa-e-reconhecido-pela-abcz-pela-sua-pureza-e-rusticidade\/\"><strong>sindi<\/strong><\/a>. Carina Ayres ressaltou que a Nacional do Sindi, que aconteceu no final de semana, reuniu mais de <strong>15 criadores<\/strong> e animais de alt\u00edssimo n\u00edvel.<\/p>\n<p>O julgamento foi t\u00e3o disputado que os ju\u00edzes tiveram que se desdobrar para julgar o que h\u00e1 de melhor na ra\u00e7a.<\/p>\n<p>A festa do gado leiteiro continua, e a exposi\u00e7\u00e3o ter\u00e1 a etapa do <strong>gir<\/strong> e do <a href=\"https:\/\/girodoboi.canalrural.com.br\/pecuaria\/tecnologia-e-inovacao\/girolando-no-semiarido-raca-e-a-solucao-para-mais-leite-do-nordeste\/\"><strong>girolando<\/strong><\/a>, com uma premia\u00e7\u00e3o especial para a \u201c<strong>vaca suprema<\/strong>\u201d.<\/p>\n<p>Ser\u00e3o analisados o fen\u00f3tipo, o gen\u00f3tipo e a quantidade de leite do animal, o que mostra o rigor e a import\u00e2ncia que a Expo Rio Preto tem para o <em>ranking<\/em> nacional das ra\u00e7as.<\/p>\n<h2 class=\"wp-block-heading\" id=\"h-programacao-e-entretenimento-para-toda-a-familia\">Programa\u00e7\u00e3o e entretenimento para toda a fam\u00edlia<\/h2>\n<figure class=\"wp-block-image size-large\"><img decoding=\"async\" width=\"1024\" height=\"576\" src=\"https:\/\/agromt.news\/wp-content\/uploads\/2025\/09\/1757970691_277_Expo-Rio-Preto-comeca-com-show-da-raca-Sindi-e.jpg\" alt=\"Foto: Arthur Merlotti\/Prefeitura de Rio Preto\" class=\"wp-image-4122513\"  \/><figcaption class=\"wp-element-caption\">Foto: Arthur Merlotti\/Prefeitura de Rio Preto<\/figcaption><\/figure>\n<p>Sob o slogan \u201c<em>Bom de neg\u00f3cio. Bom para a fam\u00edlia<\/em>\u201c, a Expo Rio Preto busca conectar o agroneg\u00f3cio com a popula\u00e7\u00e3o urbana.<\/p>\n<p>A entrada e o estacionamento gratuitos foram um sucesso, e os estacionamentos ficaram lotados j\u00e1 no primeiro final de semana, com o show gratuito de Louren\u00e7o e Lourival.<\/p>\n<p>A programa\u00e7\u00e3o da feira \u00e9 diversificada e atende a todos os p\u00fablicos:<\/p>\n<ul class=\"wp-block-list\">\n<li><strong>Julgamentos e leil\u00f5es:<\/strong> Julgamentos de ra\u00e7as, leil\u00f5es de gen\u00e9tica de touros e leil\u00e3o beneficente de ovinos, com verba revertida para a APAE.<\/li>\n<li><strong>Provas esportivas:<\/strong> Na nova arena multiuso, o p\u00fablico poder\u00e1 acompanhar a Prova do Tambor e o Ranch Sorting.<\/li>\n<li><strong>Palestras e debates:<\/strong> A Intertech Agro promover\u00e1 pain\u00e9is sobre inova\u00e7\u00e3o, sustentabilidade e agricultura familiar. A programa\u00e7\u00e3o inclui o <strong>Encontro de Mulheres Embaixadoras do Agro<\/strong> e o <strong>Encontro de Jovens do Agro<\/strong>.<\/li>\n<li><strong>Fazendinha:<\/strong> Exposi\u00e7\u00e3o de mini animais e esp\u00e9cies ex\u00f3ticas para as crian\u00e7as.<\/li>\n<\/ul>\n<p>A <strong>Expo Rio Preto<\/strong> se consolida como a maior feira agropecu\u00e1ria do Noroeste Paulista, com mais de <strong>3 mil animais<\/strong>, e uma exposi\u00e7\u00e3o que mostra a for\u00e7a do agroneg\u00f3cio e a tradi\u00e7\u00e3o das fam\u00edlias produtoras. A etapa do <strong>gado de corte<\/strong> ser\u00e1 de <strong>28 de setembro a 5 de outubro<\/strong>.<\/p>\n<\/p><\/div>\n<p><br \/>\n<br \/><a href=\"https:\/\/www.canalrural.com.br\/pecuaria\/expo-rio-preto-comeca-com-show-da-raca-sindi-e-promete-ser-a-maior-da-historia\/\">Source link <\/a><\/p>\n","protected":false},"excerpt":{"rendered":"<p>Pecuaristas, a 62\u00aa Expo Rio Preto j\u00e1 come\u00e7ou em S\u00e3o Jos\u00e9 do Rio Preto, no estado de S\u00e3o Paulo, e<\/p>\n","protected":false},"author":1,"featured_media":20216,"comment_status":"open","ping_status":"open","sticky":false,"template":"","format":"standard","meta":{"_monsterinsights_skip_tracking":false,"_monsterinsights_sitenote_active":false,"_monsterinsights_sitenote_note":"","_monsterinsights_sitenote_category":0,"_uf_show_specific_survey":0,"_uf_disable_surveys":false,"footnotes":""},"categories":[1],"tags":[],"class_list":["post-20215","post","type-post","status-publish","format-standard","has-post-thumbnail","hentry","category-news"],"_links":{"self":[{"href":"https:\/\/agromt.news\/index.php?rest_route=\/wp\/v2\/posts\/20215"}],"collection":[{"href":"https:\/\/agromt.news\/index.php?rest_route=\/wp\/v2\/posts"}],"about":[{"href":"https:\/\/agromt.news\/index.php?rest_route=\/wp\/v2\/types\/post"}],"author":[{"embeddable":true,"href":"https:\/\/agromt.news\/index.php?rest_route=\/wp\/v2\/users\/1"}],"replies":[{"embeddable":true,"href":"https:\/\/agromt.news\/index.php?rest_route=%2Fwp%2Fv2%2Fcomments&post=20215"}],"version-history":[{"count":0,"href":"https:\/\/agromt.news\/index.php?rest_route=\/wp\/v2\/posts\/20215\/revisions"}],"wp:featuredmedia":[{"embeddable":true,"href":"https:\/\/agromt.news\/index.php?rest_route=\/wp\/v2\/media\/20216"}],"wp:attachment":[{"href":"https:\/\/agromt.news\/index.php?rest_route=%2Fwp%2Fv2%2Fmedia&parent=20215"}],"wp:term":[{"taxonomy":"category","embeddable":true,"href":"https:\/\/agromt.news\/index.php?rest_route=%2Fwp%2Fv2%2Fcategories&post=20215"},{"taxonomy":"post_tag","embeddable":true,"href":"https:\/\/agromt.news\/index.php?rest_route=%2Fwp%2Fv2%2Ftags&post=20215"}],"curies":[{"name":"wp","href":"https:\/\/api.w.org\/{rel}","templated":true}]}}