{"id":20213,"date":"2025-09-15T16:57:17","date_gmt":"2025-09-15T20:57:17","guid":{"rendered":"https:\/\/agromt.news\/?p=20213"},"modified":"2025-09-15T16:57:17","modified_gmt":"2025-09-15T20:57:17","slug":"sistema-para-monitoramento-diario-de-toda-a-amazonia-e-lancado","status":"publish","type":"post","link":"https:\/\/agromt.news\/?p=20213","title":{"rendered":"Sistema para monitoramento di\u00e1rio de toda a Amaz\u00f4nia \u00e9 lan\u00e7ado"},"content":{"rendered":"<p> <br \/>\n<br \/><img decoding=\"async\" src=\"https:\/\/agromt.news\/wp-content\/uploads\/2025\/09\/Sistema-para-monitoramento-diario-de-toda-a-Amazonia-e-lancado.jpg\" \/><\/p>\n<div>\n<p>O Minist\u00e9rio do Meio Ambiente e Mudan\u00e7a do Clima (MMA) e o Instituto Nacional de Pesquisas Espaciais <strong><a href=\"https:\/\/www.canalrural.com.br\/tag\/inpe\/\">(Inpe)<\/a><\/strong> lan\u00e7aram nesta segunda-feira (15) o Deter N\u00e3o Floresta (Deter NF), sistema que passa a monitorar diariamente todo o bioma Amaz\u00f4nia.<\/p>\n<p>Diferente do modelo tradicional do Deter, focado apenas na floresta densa, o Deter NF amplia a cobertura para \u00e1reas n\u00e3o florestais, como campos naturais, savanas e zonas de transi\u00e7\u00e3o, que representam cerca de 20% do bioma.<\/p>\n<p>A ferramenta usar\u00e1 imagens de sat\u00e9lite e intelig\u00eancia artificial para detectar altera\u00e7\u00f5es na vegeta\u00e7\u00e3o, como desmatamento, queimadas, minera\u00e7\u00e3o e outras atividades irregulares.<\/p>\n<p>Os alertas gerados s\u00e3o p\u00fablicos, gratuitos, e j\u00e1 est\u00e3o dispon\u00edveis na <strong><a href=\"https:\/\/terrabrasilis.dpi.inpe.br\/\">plataforma TerraBrasilis<\/a><\/strong>.<\/p>\n<p>Segundo o MMA, a inova\u00e7\u00e3o representa um avan\u00e7o na governan\u00e7a ambiental da Amaz\u00f4nia e fortalece a fiscaliza\u00e7\u00e3o de \u00f3rg\u00e3os como o Instituto Brasileiro do Meio Ambiente e dos Recursos Naturais Renov\u00e1veis (Ibama) e as pol\u00edcias ambientais estaduais.<\/p>\n<p>\u201cEstamos fechando uma lacuna cr\u00edtica no monitoramento. Onde antes t\u00ednhamos um vazio de informa\u00e7\u00e3o di\u00e1ria, agora temos transpar\u00eancia e agilidade. Isso democratiza o acesso \u00e0 informa\u00e7\u00e3o e fortalece imensamente a a\u00e7\u00e3o do Estado\u201d, destacou o secret\u00e1rio Extraordin\u00e1rio de Controle do Desmatamento e Ordenamento Ambiental Territorial do MMA, Andr\u00e9 Lima.<\/p>\n<p>Segundo o Inpe, o sistema \u00e9 resultado de anos de pesquisa e desenvolvimento, utilizando t\u00e9cnicas avan\u00e7adas de processamento de imagens. A meta agora \u00e9 expandir a tecnologia para os biomas Mata Atl\u00e2ntica, Caatinga e Pampa, ainda sem monitoramento di\u00e1rio.<\/p>\n<p>\u201cAplicamos t\u00e9cnicas avan\u00e7adas de processamento de imagens com o uso de m\u00e9todos de aprendizagem por m\u00e1quina [intelig\u00eancia artificial] para criar um sistema robusto e confi\u00e1vel que atende a uma necessidade urgente de prote\u00e7\u00e3o de todos os ecossistemas do bioma\u201d, disse o coordenador do programa BiomasBR do Inpe, Cl\u00e1udio Almeida.<\/p>\n<p>Dados do Deter apontam que, em agosto deste ano, os alertas de desmatamento ca\u00edram <strong>36,6%<\/strong> na Amaz\u00f4nia Florestal em compara\u00e7\u00e3o com o mesmo m\u00eas do ano anterior. Nas \u00e1reas n\u00e3o florestais da Amaz\u00f4nia houve aumento de 8%. No Cerrado, a redu\u00e7\u00e3o foi de<strong> 27,3%<\/strong>, e no Pantanal, <strong>16,8%<\/strong>.<\/p>\n<\/p><\/div>\n<p><br \/>\n<br \/><a href=\"https:\/\/www.canalrural.com.br\/sustentabilidade\/sistema-para-monitoramento-diario-de-toda-a-amazonia-e-lancado\/\">Source link <\/a><\/p>\n","protected":false},"excerpt":{"rendered":"<p>O Minist\u00e9rio do Meio Ambiente e Mudan\u00e7a do Clima (MMA) e o Instituto Nacional de Pesquisas Espaciais (Inpe) lan\u00e7aram nesta<\/p>\n","protected":false},"author":1,"featured_media":20214,"comment_status":"open","ping_status":"open","sticky":false,"template":"","format":"standard","meta":{"_monsterinsights_skip_tracking":false,"_monsterinsights_sitenote_active":false,"_monsterinsights_sitenote_note":"","_monsterinsights_sitenote_category":0,"_uf_show_specific_survey":0,"_uf_disable_surveys":false,"footnotes":""},"categories":[1],"tags":[],"class_list":["post-20213","post","type-post","status-publish","format-standard","has-post-thumbnail","hentry","category-news"],"_links":{"self":[{"href":"https:\/\/agromt.news\/index.php?rest_route=\/wp\/v2\/posts\/20213"}],"collection":[{"href":"https:\/\/agromt.news\/index.php?rest_route=\/wp\/v2\/posts"}],"about":[{"href":"https:\/\/agromt.news\/index.php?rest_route=\/wp\/v2\/types\/post"}],"author":[{"embeddable":true,"href":"https:\/\/agromt.news\/index.php?rest_route=\/wp\/v2\/users\/1"}],"replies":[{"embeddable":true,"href":"https:\/\/agromt.news\/index.php?rest_route=%2Fwp%2Fv2%2Fcomments&post=20213"}],"version-history":[{"count":0,"href":"https:\/\/agromt.news\/index.php?rest_route=\/wp\/v2\/posts\/20213\/revisions"}],"wp:featuredmedia":[{"embeddable":true,"href":"https:\/\/agromt.news\/index.php?rest_route=\/wp\/v2\/media\/20214"}],"wp:attachment":[{"href":"https:\/\/agromt.news\/index.php?rest_route=%2Fwp%2Fv2%2Fmedia&parent=20213"}],"wp:term":[{"taxonomy":"category","embeddable":true,"href":"https:\/\/agromt.news\/index.php?rest_route=%2Fwp%2Fv2%2Fcategories&post=20213"},{"taxonomy":"post_tag","embeddable":true,"href":"https:\/\/agromt.news\/index.php?rest_route=%2Fwp%2Fv2%2Ftags&post=20213"}],"curies":[{"name":"wp","href":"https:\/\/api.w.org\/{rel}","templated":true}]}}