{"id":20183,"date":"2025-09-15T10:49:47","date_gmt":"2025-09-15T14:49:47","guid":{"rendered":"https:\/\/agromt.news\/?p=20183"},"modified":"2025-09-15T10:49:47","modified_gmt":"2025-09-15T14:49:47","slug":"cafes-especiais-do-brasil-tem-queda-de-79-nas-vendas-aos-eua","status":"publish","type":"post","link":"https:\/\/agromt.news\/?p=20183","title":{"rendered":"Caf\u00e9s especiais do Brasil t\u00eam queda de 79% nas vendas aos EUA"},"content":{"rendered":"<p> <br \/>\n<br \/><img decoding=\"async\" src=\"https:\/\/agromt.news\/wp-content\/uploads\/2025\/06\/Anvisa-proibe-a-venda-de-tres-marcas-de-cafe.jpg\" \/><\/p>\n<div>\n<p>As exporta\u00e7\u00f5es brasileira de caf\u00e9s especiais para os Estados Unidos sofreram forte retra\u00e7\u00e3o em agosto, ap\u00f3s a ado\u00e7\u00e3o da tarifa de 50% pelo governo de Donald Trump. Segundo o Conselho dos Exportadores de Caf\u00e9 do Brasil (Cecaf\u00e9), o pa\u00eds embarcou 21.679 sacas no m\u00eas. O volume representa queda de 79,5% em rela\u00e7\u00e3o a agosto de 2024 e de 69,6% frente a julho deste ano.<\/p>\n<h3 class=\"wp-block-heading\" id=\"h-queda-muda-posicao-dos-eua-no-ranking\">Queda muda posi\u00e7\u00e3o dos EUA no ranking<\/h3>\n<p>At\u00e9 agosto, os Estados Unidos lideravam o ranking de destino desses caf\u00e9s em 2025. Diante das tarifas, no entanto, o pa\u00eds caiu para a sexta posi\u00e7\u00e3o, atr\u00e1s de Holanda, Alemanha, B\u00e9lgica, It\u00e1lia e Su\u00e9cia. A presidente da <a href=\"https:\/\/www.canalrural.com.br\/tag\/associacao-brasileira-de-cafes-especiais\/\">Associa\u00e7\u00e3o Brasileira de Caf\u00e9s Especiais (BSCA)<\/a>, Carmem Lucia Chaves de Brito, alerta que, se o tarifa\u00e7o permanecer, os norte-americanos podem perder a lideran\u00e7a no acumulado do ano.<\/p>\n<p>Para Brito, o impacto imediato no setor ocorreu a partir da suspens\u00e3o ou do cancelamento de contratos j\u00e1 firmados. \u201cCom a taxa\u00e7\u00e3o atual, o caf\u00e9 brasileiro chega ao mercado norte-americano com pre\u00e7os invi\u00e1veis. Isso explica a queda expressiva dos embarques\u201d, avalia. <\/p>\n<p>Conforme as informa\u00e7\u00f5es da entidade, parte das exporta\u00e7\u00f5es ainda computadas corresponde a contratos assinados antes da tarifa de 50%. Com isso, esses embarques de caf\u00e9s especiais seguem v\u00e1lidos porque pagam a taxa\u00e7\u00e3o inicial de 10%, em vigor desde abril. O prazo, no entanto, termina em 5 de outubro.<\/p>\n<h3 class=\"wp-block-heading\" id=\"h-setor-pede-reacao-do-governo-brasileiro\">Setor pede rea\u00e7\u00e3o do governo brasileiro<\/h3>\n<p>O encarecimento do caf\u00e9 tamb\u00e9m j\u00e1 \u00e9 sentido no varejo norte-americano. \u201cH\u00e1 reflexo direto nos pre\u00e7os ao consumidor, com press\u00e3o inflacion\u00e1ria em um dos maiores mercados do mundo\u201d, observa Brito. Dessa forma, os impactos atingem tanto produtores e exportadores brasileiros quanto a popula\u00e7\u00e3o dos EUA.<\/p>\n<p>A BSCA defende que o governo brasileiro abra di\u00e1logo com Washington para tentar incluir o caf\u00e9 na lista de exce\u00e7\u00f5es prevista na ordem executiva de setembro. <a href=\"https:\/\/www.canalrural.com.br\/agricultura\/cafe\/cafe-brasileiro-pode-ficar-fora-de-isencao-do-tarifaco-entenda\/\">Na semana passada<\/a>, o Cecaf\u00e9 confirmou a inclus\u00e3o do gr\u00e3o em uma \u201clista master\u201d de potenciais exce\u00e7\u00f5es. \u201c\u00c9 fundamental que setor privado e governo atuem juntos para restabelecer o fluxo comercial em condi\u00e7\u00f5es justas\u201d, completa Brito.<\/p>\n<\/p><\/div>\n<p><br \/>\n<br \/><a href=\"https:\/\/www.canalrural.com.br\/agricultura\/cafe\/cafes-especiais-do-brasil-tem-queda-de-79-nas-vendas-aos-eua\/\">Source link <\/a><\/p>\n","protected":false},"excerpt":{"rendered":"<p>As exporta\u00e7\u00f5es brasileira de caf\u00e9s especiais para os Estados Unidos sofreram forte retra\u00e7\u00e3o em agosto, ap\u00f3s a ado\u00e7\u00e3o da tarifa<\/p>\n","protected":false},"author":1,"featured_media":14514,"comment_status":"open","ping_status":"open","sticky":false,"template":"","format":"standard","meta":{"_monsterinsights_skip_tracking":false,"_monsterinsights_sitenote_active":false,"_monsterinsights_sitenote_note":"","_monsterinsights_sitenote_category":0,"_uf_show_specific_survey":0,"_uf_disable_surveys":false,"footnotes":""},"categories":[1],"tags":[],"class_list":["post-20183","post","type-post","status-publish","format-standard","has-post-thumbnail","hentry","category-news"],"_links":{"self":[{"href":"https:\/\/agromt.news\/index.php?rest_route=\/wp\/v2\/posts\/20183"}],"collection":[{"href":"https:\/\/agromt.news\/index.php?rest_route=\/wp\/v2\/posts"}],"about":[{"href":"https:\/\/agromt.news\/index.php?rest_route=\/wp\/v2\/types\/post"}],"author":[{"embeddable":true,"href":"https:\/\/agromt.news\/index.php?rest_route=\/wp\/v2\/users\/1"}],"replies":[{"embeddable":true,"href":"https:\/\/agromt.news\/index.php?rest_route=%2Fwp%2Fv2%2Fcomments&post=20183"}],"version-history":[{"count":0,"href":"https:\/\/agromt.news\/index.php?rest_route=\/wp\/v2\/posts\/20183\/revisions"}],"wp:featuredmedia":[{"embeddable":true,"href":"https:\/\/agromt.news\/index.php?rest_route=\/wp\/v2\/media\/14514"}],"wp:attachment":[{"href":"https:\/\/agromt.news\/index.php?rest_route=%2Fwp%2Fv2%2Fmedia&parent=20183"}],"wp:term":[{"taxonomy":"category","embeddable":true,"href":"https:\/\/agromt.news\/index.php?rest_route=%2Fwp%2Fv2%2Fcategories&post=20183"},{"taxonomy":"post_tag","embeddable":true,"href":"https:\/\/agromt.news\/index.php?rest_route=%2Fwp%2Fv2%2Ftags&post=20183"}],"curies":[{"name":"wp","href":"https:\/\/api.w.org\/{rel}","templated":true}]}}