{"id":20182,"date":"2025-09-15T10:01:46","date_gmt":"2025-09-15T14:01:46","guid":{"rendered":"https:\/\/agromt.news\/?p=20182"},"modified":"2025-09-15T10:01:46","modified_gmt":"2025-09-15T14:01:46","slug":"de-olho-na-eleicao-de-2026-lula-manda-recados-para-trump-em-artigo-no-the-new-york-times","status":"publish","type":"post","link":"https:\/\/agromt.news\/?p=20182","title":{"rendered":"De olho na elei\u00e7\u00e3o de 2026, Lula manda recados para Trump em artigo no The New York Times"},"content":{"rendered":"<p> <br \/>\n<\/p>\n<div>\n<p>O presidente Lula publicou um artigo no <em>The New York Times <\/em>em que rebateu o aumento de tarifas imposto pelos Estados Unidos \u00e0s exporta\u00e7\u00f5es brasileiras e enviou um recado direto ao presidente Donald Trump: o Brasil n\u00e3o aceitar\u00e1 abrir m\u00e3o de sua soberania e de sua democracia em negocia\u00e7\u00f5es comerciais.<\/p>\n<p>O texto combina tom diplom\u00e1tico com pol\u00edtica. <a href=\"https:\/\/www.canalrural.com.br\/politica\/trump-diz-que-lula-pode-falar-com-ele-quando-quiser\/\">Lula afirma que est\u00e1 aberto ao di\u00e1logo e a solu\u00e7\u00f5es de benef\u00edcio m\u00fatuo<\/a>, mas deixa claro que certos princ\u00edpios n\u00e3o est\u00e3o em jogo. \u201cA democracia e a soberania do Brasil n\u00e3o est\u00e3o na mesa\u201d, escreveu. Al\u00e9m disso, defendeu a atua\u00e7\u00e3o do Supremo Tribunal Federal (STF) nas condena\u00e7\u00f5es relacionadas ao ex-presidente Jair Bolsonaro, contrapondo-se \u00e0 narrativa de persegui\u00e7\u00e3o pol\u00edtica difundida nos EUA.<\/p>\n<h2 class=\"wp-block-heading\" id=\"h-a-analise-do-artigo-sugere-uma-dupla-camada-de-objetivos\"><strong>A an\u00e1lise do artigo sugere uma dupla camada de objetivos<\/strong><\/h2>\n<p>Preocupa\u00e7\u00e3o com o Brasil: Lula reage \u00e0s tarifas de 50% sobre produtos brasileiros, que atingem exportadores, empregos e empresas nacionais. Ao mesmo tempo, busca legitimar o sistema judicial brasileiro perante cr\u00edticas externas e garantir respeito \u00e0s institui\u00e7\u00f5es do pa\u00eds.<\/p>\n<p>Constru\u00e7\u00e3o de narrativa eleitoral: em um momento de forte polariza\u00e7\u00e3o, Lula refor\u00e7a a imagem de presidente firme, que n\u00e3o se dobra a press\u00f5es internacionais e que protege a democracia. Essa postura projeta autoridade e pode servir como ativo pol\u00edtico para a elei\u00e7\u00e3o de 2026.<\/p>\n<p>Na pr\u00e1tica, a mensagem ao p\u00fablico externo se mistura com um discurso que pode ressoar internamente, apresentando Lula como defensor da p\u00e1tria contra \u201cinimigos externos\u201d.<\/p>\n<h2 class=\"wp-block-heading\" id=\"h-o-impacto-para-o-brasil-e-para-o-agro\">O impacto para o Brasil e para o agro<\/h2>\n<p>As tarifas impostas pelos EUA n\u00e3o s\u00e3o apenas quest\u00e3o diplom\u00e1tica: afetam cadeias produtivas brasileiras ligadas ao agro e \u00e0 ind\u00fastria. Se as medidas persistirem, haver\u00e1 risco de retra\u00e7\u00e3o de exporta\u00e7\u00f5es, encarecimento de insumos e maior instabilidade para setores estrat\u00e9gicos da economia.<\/p>\n<p>Ao internacionalizar o debate, Lula busca apoio da opini\u00e3o p\u00fablica global, mas tamb\u00e9m se exp\u00f5e ao risco de escalada diplom\u00e1tica com Washington, especialmente em um cen\u00e1rio em que Trump adota pol\u00edticas comerciais agressivas. Para o agro brasileiro, essa tens\u00e3o significa incerteza: os mercados podem se fechar, enquanto alternativas em blocos como BRICS ou Uni\u00e3o Europeia ganham peso.<\/p>\n<p>O artigo de Lula no NYT n\u00e3o \u00e9 apenas uma defesa econ\u00f4mica e institucional do Brasil. Ele tamb\u00e9m funciona como pe\u00e7a pol\u00edtica de alto valor simb\u00f3lico: projeta imagem no exterior e, ao mesmo tempo, pretende fortalecer a narrativa dom\u00e9stica de que Lula \u00e9 o guardi\u00e3o da democracia e da soberania.<\/p>\n<p>Em resumo, h\u00e1 um objetivo duplo: proteger os interesses do pa\u00eds diante das tarifas americanas e, ao mesmo tempo, pavimentar terreno para a reelei\u00e7\u00e3o em 2026. O desafio ser\u00e1 equilibrar esse discurso sem comprometer a economia nacional, sobretudo setores exportadores como o agroneg\u00f3cio, que podem pagar a conta da escalada de tens\u00f5es.<\/p>\n<div class=\"wp-block-media-text is-stacked-on-mobile\">\n<figure class=\"wp-block-media-text__media\"><img fetchpriority=\"high\" decoding=\"async\" width=\"683\" height=\"1024\" alt=\"Miguel Daoud\" class=\"wp-image-4095706 size-full\"  data-lazy- src=\"https:\/\/agromt.news\/wp-content\/uploads\/2025\/04\/Como-guerras-e-crises-moldaram-o-preco-das-commodities-nos.jpg\"\/><img decoding=\"async\" width=\"683\" height=\"1024\" src=\"https:\/\/agromt.news\/wp-content\/uploads\/2025\/04\/Como-guerras-e-crises-moldaram-o-preco-das-commodities-nos.jpg\" alt=\"Miguel Daoud\" class=\"wp-image-4095706 size-full\"  \/><\/figure>\n<div class=\"wp-block-media-text__content\">\n<p class=\"has-text-align-center\">*<em><strong>Miguel Daoud<\/strong>\u00a0\u00e9 comentarista de Economia e Pol\u00edtica\u00a0do Canal Rural<\/em><\/p>\n<\/div>\n<\/div>\n<hr class=\"wp-block-separator has-alpha-channel-opacity\"\/>\n<p><em>O\u00a0<strong>Canal Rural<\/strong>\u00a0n\u00e3o se responsabiliza pelas opini\u00f5es e conceitos emitidos nos textos desta sess\u00e3o, sendo os conte\u00fados de inteira responsabilidade de seus autores. A empresa se reserva o direito de fazer ajustes no texto para adequa\u00e7\u00e3o \u00e0s normas de publica\u00e7\u00e3o.<\/em><\/p>\n<\/p><\/div>\n<p><br \/>\n<br \/><a href=\"https:\/\/www.canalrural.com.br\/opiniao-noticias\/de-olho-na-eleicao-de-2026-lula-manda-recados-para-trump-em-artigo-no-the-new-york-times\/\">Source link <\/a><\/p>\n","protected":false},"excerpt":{"rendered":"<p>O presidente Lula publicou um artigo no The New York Times em que rebateu o aumento de tarifas imposto pelos<\/p>\n","protected":false},"author":1,"featured_media":4551,"comment_status":"open","ping_status":"open","sticky":false,"template":"","format":"standard","meta":{"_monsterinsights_skip_tracking":false,"_monsterinsights_sitenote_active":false,"_monsterinsights_sitenote_note":"","_monsterinsights_sitenote_category":0,"_uf_show_specific_survey":0,"_uf_disable_surveys":false,"footnotes":""},"categories":[1],"tags":[],"class_list":["post-20182","post","type-post","status-publish","format-standard","has-post-thumbnail","hentry","category-news"],"_links":{"self":[{"href":"https:\/\/agromt.news\/index.php?rest_route=\/wp\/v2\/posts\/20182"}],"collection":[{"href":"https:\/\/agromt.news\/index.php?rest_route=\/wp\/v2\/posts"}],"about":[{"href":"https:\/\/agromt.news\/index.php?rest_route=\/wp\/v2\/types\/post"}],"author":[{"embeddable":true,"href":"https:\/\/agromt.news\/index.php?rest_route=\/wp\/v2\/users\/1"}],"replies":[{"embeddable":true,"href":"https:\/\/agromt.news\/index.php?rest_route=%2Fwp%2Fv2%2Fcomments&post=20182"}],"version-history":[{"count":0,"href":"https:\/\/agromt.news\/index.php?rest_route=\/wp\/v2\/posts\/20182\/revisions"}],"wp:featuredmedia":[{"embeddable":true,"href":"https:\/\/agromt.news\/index.php?rest_route=\/wp\/v2\/media\/4551"}],"wp:attachment":[{"href":"https:\/\/agromt.news\/index.php?rest_route=%2Fwp%2Fv2%2Fmedia&parent=20182"}],"wp:term":[{"taxonomy":"category","embeddable":true,"href":"https:\/\/agromt.news\/index.php?rest_route=%2Fwp%2Fv2%2Fcategories&post=20182"},{"taxonomy":"post_tag","embeddable":true,"href":"https:\/\/agromt.news\/index.php?rest_route=%2Fwp%2Fv2%2Ftags&post=20182"}],"curies":[{"name":"wp","href":"https:\/\/api.w.org\/{rel}","templated":true}]}}