{"id":20178,"date":"2025-09-15T09:47:13","date_gmt":"2025-09-15T13:47:13","guid":{"rendered":"https:\/\/agromt.news\/?p=20178"},"modified":"2025-09-15T09:47:13","modified_gmt":"2025-09-15T13:47:13","slug":"amazonia-perdeu-52-milhoes-de-hectares-de-vegetacao-nativa-em-40-anos-aponta-mapbiomas","status":"publish","type":"post","link":"https:\/\/agromt.news\/?p=20178","title":{"rendered":"Amaz\u00f4nia perdeu 52 milh\u00f5es de hectares de vegeta\u00e7\u00e3o nativa em 40 anos, aponta MapBiomas"},"content":{"rendered":"<p> <br \/>\n<br \/><img decoding=\"async\" src=\"https:\/\/agromt.news\/wp-content\/uploads\/2025\/09\/Amazonia-perdeu-52-milhoes-de-hectares-de-vegetacao-nativa-em.jpg\" \/><\/p>\n<div>\n<p>A Amaz\u00f4nia perdeu 52 milh\u00f5es de hectares de vegeta\u00e7\u00e3o nativa entre 1985 e 2024 \u2014 o equivalente a 13% de sua cobertura original. Os dados s\u00e3o do MapBiomas e foram obtidos a partir da an\u00e1lise de imagens de sat\u00e9lite.<\/p>\n<p>A maior parte da supress\u00e3o ocorreu em forma\u00e7\u00f5es florestais, que encolheram 49,1 milh\u00f5es de hectares ao longo de quatro d\u00e9cadas. No ano passado, a vegeta\u00e7\u00e3o nativa cobria 381,3 milh\u00f5es de hectares do bioma, enquanto 15,3% da \u00e1rea j\u00e1 estava ocupada por atividades humanas.<\/p>\n<h2 class=\"wp-block-heading\" id=\"h-ponto-de-nao-retorno\">Ponto de n\u00e3o retorno<\/h2>\n<p>Segundo Bruno Ferreira, do MapBiomas, a perda de floresta coloca a Amaz\u00f4nia pr\u00f3xima da faixa de 20% a 25% de desmatamento, limite que a ci\u00eancia considera como o \u201cponto de n\u00e3o retorno\u201d \u2014 quando a floresta n\u00e3o consegue mais se sustentar.<\/p>\n<p>\u201cJ\u00e1 podemos perceber alguns impactos dessa perda, como a redu\u00e7\u00e3o das \u00e1reas \u00famidas, que mostram sinais de maior secura\u201d, afirma. Entre 1985 e 2024, a superf\u00edcie de \u00e1gua, florestas e campos alag\u00e1veis, mangues e apicuns perdeu 2,6 milh\u00f5es de hectares. Oito dos dez anos mais secos da s\u00e9rie hist\u00f3rica ocorreram na \u00faltima d\u00e9cada.<\/p>\n<h2 class=\"wp-block-heading\" id=\"h-expansao-de-pastagens-e-lavouras\">Expans\u00e3o de pastagens e lavouras<\/h2>\n<p>A antropiza\u00e7\u00e3o da Amaz\u00f4nia \u00e9 recente e acelerada: 83% da \u00e1rea ocupada por atividades humanas foi convertida entre 1985 e 2024. Nesse per\u00edodo, a expans\u00e3o de pastagens foi a mais expressiva em termos de \u00e1rea: aumento de 43,8 milh\u00f5es de hectares (alta de 355%).<\/p>\n<p>A agricultura tamb\u00e9m cresceu de forma acelerada, saltando de 180 mil hectares em 1985 para 7,9 milh\u00f5es em 2024, avan\u00e7o de 44 vezes. Tr\u00eas em cada quatro hectares convertidos para lavouras s\u00e3o ocupados por soja, que atingiu 5,9 milh\u00f5es de hectares no bioma no ano passado.<\/p>\n<p>A minera\u00e7\u00e3o tamb\u00e9m ganhou for\u00e7a, passando de 26 mil hectares em 1985 para 444 mil em 2024. J\u00e1 a silvicultura teve a maior expans\u00e3o proporcional: de 3,2 mil hectares para 352 mil hectares no mesmo per\u00edodo, aumento de mais de 110 vezes.<\/p>\n<h2 class=\"wp-block-heading\" id=\"h-rondonia-lidera-perda-relativa\">Rond\u00f4nia lidera perda relativa<\/h2>\n<p>Rond\u00f4nia se destaca como o estado com maior propor\u00e7\u00e3o de convers\u00e3o da vegeta\u00e7\u00e3o nativa em pastagens. Elas passaram de 7% do territ\u00f3rio em 1985 para 37% em 2024. Hoje, o estado \u00e9 o que menos preserva a vegeta\u00e7\u00e3o nativa na Amaz\u00f4nia (60%), seguido por Mato Grosso (62%), Tocantins (65%) e Maranh\u00e3o (67%).<\/p>\n<p>A regi\u00e3o conhecida como Amacro (Acre, Amazonas e Rond\u00f4nia) responde por 14% da perda l\u00edquida de vegeta\u00e7\u00e3o da Amaz\u00f4nia nos \u00faltimos 40 anos.<\/p>\n<h2 class=\"wp-block-heading\" id=\"h-vegetacao-secundaria-em-recuperacao\">Vegeta\u00e7\u00e3o secund\u00e1ria em recupera\u00e7\u00e3o<\/h2>\n<p>Em 2024, cerca de 2% da Amaz\u00f4nia era composta por vegeta\u00e7\u00e3o secund\u00e1ria, \u00e1reas j\u00e1 desmatadas que est\u00e3o em processo de regenera\u00e7\u00e3o. Elas somavam 6,9 milh\u00f5es de hectares.<br \/>Apesar disso, o desmatamento segue concentrado em \u00e1reas de vegeta\u00e7\u00e3o prim\u00e1ria: no ano passado, 88% da supress\u00e3o ocorreu nesse tipo de floresta, contra 12% em \u00e1reas secund\u00e1rias.<\/p>\n<\/p><\/div>\n<p><br \/>\n<br \/><a href=\"https:\/\/www.canalrural.com.br\/sustentabilidade\/amazonia-perdeu-52-milhoes-de-hectares-de-vegetacao-nativa-em-40-anos-aponta-mapbiomas\/\">Source link <\/a><\/p>\n","protected":false},"excerpt":{"rendered":"<p>A Amaz\u00f4nia perdeu 52 milh\u00f5es de hectares de vegeta\u00e7\u00e3o nativa entre 1985 e 2024 \u2014 o equivalente a 13% de<\/p>\n","protected":false},"author":1,"featured_media":20179,"comment_status":"open","ping_status":"open","sticky":false,"template":"","format":"standard","meta":{"_monsterinsights_skip_tracking":false,"_monsterinsights_sitenote_active":false,"_monsterinsights_sitenote_note":"","_monsterinsights_sitenote_category":0,"_uf_show_specific_survey":0,"_uf_disable_surveys":false,"footnotes":""},"categories":[1],"tags":[],"class_list":["post-20178","post","type-post","status-publish","format-standard","has-post-thumbnail","hentry","category-news"],"_links":{"self":[{"href":"https:\/\/agromt.news\/index.php?rest_route=\/wp\/v2\/posts\/20178"}],"collection":[{"href":"https:\/\/agromt.news\/index.php?rest_route=\/wp\/v2\/posts"}],"about":[{"href":"https:\/\/agromt.news\/index.php?rest_route=\/wp\/v2\/types\/post"}],"author":[{"embeddable":true,"href":"https:\/\/agromt.news\/index.php?rest_route=\/wp\/v2\/users\/1"}],"replies":[{"embeddable":true,"href":"https:\/\/agromt.news\/index.php?rest_route=%2Fwp%2Fv2%2Fcomments&post=20178"}],"version-history":[{"count":0,"href":"https:\/\/agromt.news\/index.php?rest_route=\/wp\/v2\/posts\/20178\/revisions"}],"wp:featuredmedia":[{"embeddable":true,"href":"https:\/\/agromt.news\/index.php?rest_route=\/wp\/v2\/media\/20179"}],"wp:attachment":[{"href":"https:\/\/agromt.news\/index.php?rest_route=%2Fwp%2Fv2%2Fmedia&parent=20178"}],"wp:term":[{"taxonomy":"category","embeddable":true,"href":"https:\/\/agromt.news\/index.php?rest_route=%2Fwp%2Fv2%2Fcategories&post=20178"},{"taxonomy":"post_tag","embeddable":true,"href":"https:\/\/agromt.news\/index.php?rest_route=%2Fwp%2Fv2%2Ftags&post=20178"}],"curies":[{"name":"wp","href":"https:\/\/api.w.org\/{rel}","templated":true}]}}