{"id":20175,"date":"2025-09-15T07:55:14","date_gmt":"2025-09-15T11:55:14","guid":{"rendered":"https:\/\/agromt.news\/?p=20175"},"modified":"2025-09-15T07:55:14","modified_gmt":"2025-09-15T11:55:14","slug":"menor-safra-em-20-anos-pressiona-precos-do-carioca","status":"publish","type":"post","link":"https:\/\/agromt.news\/?p=20175","title":{"rendered":"Menor safra em 20 anos pressiona pre\u00e7os do Carioca"},"content":{"rendered":"<p> <br \/>\n<\/p>\n<div>\n<div class=\"row\">\n<div class=\"col-lg col-infos mt-0 mt-lg-0\">\n<div class=\"section-sub-title\">\n<p itemprop=\"description\">&#13;<br \/>\n                                Esse cen\u00e1rio refor\u00e7a a perspectiva de menor disponibilidade do gr\u00e3o&#13;\n                            <\/p>\n<\/p><\/div>\n<div class=\"container\">\n<div class=\"row\">\n<div class=\"col-lg p-0\">\n<div>\n<div class=\"block-news-main-infos mt-3 text-start\">\n<p>                                            <strong class=\"fn\" itemprop=\"author\" style=\"color: rgb(112, 112, 112); \">&#13;<br \/>\n                                                <a href=\"https:\/\/www.agrolink.com.br\/noticias\/javascript:;\" class=\"text-uppercase\" target=\"_blank\" style=\"color: rgb(112, 112, 112); \" rel=\"noopener\">Agrolink<\/a>&#13;<br \/>\n&#13;<br \/>\n                                                    &#8211; Leonardo Gottems&#13;<br \/>\n&#13;<br \/>\n                                            <\/strong><br \/>\n                                        <\/p>\n<p>                                            <abbr><time datetime=\"2025 - 09 - 15T02:00\" itemprop=\"datePublished dateModified\"> Publicado em 15\/09\/2025 \u00e0s 02:00h.<\/time><\/abbr>\n                                    <\/div>\n<\/p><\/div>\n<\/p><\/div>\n<div class=\"col-lg p-0 text-lg-end\">\n<div>\n<div id=\"mdEnviarPagina\" class=\"modal fade\" role=\"dialog\">\n<div class=\"modal-dialog\">\n<div class=\"modal-content\">\n<div class=\"modal-body\">\n<p><strong>Estimado usu\u00e1rio.<\/strong><br \/>Preencha o formul\u00e1rio abaixo para remeter a p\u00e1gina.<\/p>\n<\/p><\/div>\n<\/p><\/div>\n<\/p><\/div>\n<\/div><\/div>\n<\/p><\/div>\n<\/p><\/div>\n<\/p><\/div>\n<\/p><\/div>\n<\/p><\/div>\n<div class=\"row justify-content-md-center mt-3\">\n<div class=\"col-lg-auto col-image block-news-main-image\">\n<p>                                <img decoding=\"async\" src=\"https:\/\/www.agrolink.com.br\/upload\/imagens-resizes\/eb06683f814d4434aaf99f3e75a91fa8_858x483.jpg\" class=\"lazyload img-fluid\" alt=\"Esse cen\u00e1rio refor\u00e7a a perspectiva de menor disponibilidade do gr\u00e3o\"\/><br \/>\n                                                <span class=\"d-block mt-1\">Esse cen\u00e1rio refor\u00e7a a perspectiva de menor disponibilidade do gr\u00e3o &#8211; Foto: Ibrafe<\/span><\/p><\/div>\n<\/p><\/div>\n<div class=\"section-description section-description-noticias mt-3\">\n<p>O mercado do <a href=\"https:\/\/www.agrolink.com.br\/culturas\/feijao\/?utm_source=agrolink-detalhe-noticia&amp;utm_medium=detalhe-noticia&amp;utm_campaign=links-internos\" target=\"_blank\" rel=\"noopener\">feij\u00e3o<\/a> vive um novo patamar de pre\u00e7os, com o <a href=\"https:\/\/www.agrolink.com.br\/culturas\/feijao\/?utm_source=agrolink-detalhe-noticia&amp;utm_medium=detalhe-noticia&amp;utm_campaign=links-internos\" target=\"_blank\" rel=\"noopener\">feij\u00e3o<\/a>-carioca nota 9 j\u00e1 alcan\u00e7ando R$ 250 por saca em Minas Gerais, enquanto produtores come\u00e7am a testar valores ainda mais altos. Segundo o Instituto Brasileiro de <a href=\"https:\/\/www.agrolink.com.br\/culturas\/feijao\/?utm_source=agrolink-detalhe-noticia&amp;utm_medium=detalhe-noticia&amp;utm_campaign=links-internos\" target=\"_blank\" rel=\"noopener\">feij\u00e3o<\/a> e Pulses (Ibrafe), a movimenta\u00e7\u00e3o encontra respaldo nos n\u00fameros da Conab de setembro, que projetam uma oferta total de 1,642 milh\u00e3o de toneladas de Feij\u00f5es-cores \u2014 menor que em 2016. A diferen\u00e7a, no entanto, \u00e9 que naquela \u00e9poca a produ\u00e7\u00e3o era quase toda de <a href=\"https:\/\/www.agrolink.com.br\/culturas\/feijao\/?utm_source=agrolink-detalhe-noticia&amp;utm_medium=detalhe-noticia&amp;utm_campaign=links-internos\" target=\"_blank\" rel=\"noopener\">feij\u00e3o<\/a>-carioca, ao passo que hoje h\u00e1 uma fatia expressiva de Vermelho, Rajado e Jalo, resultando na menor safra de Carioca em 20 anos.&#13;\n<\/p>\n<p>Esse cen\u00e1rio refor\u00e7a a perspectiva de menor disponibilidade do gr\u00e3o mais consumido no Brasil durante os pr\u00f3ximos meses de setembro, outubro e novembro. A d\u00favida que permeia o setor \u00e9 at\u00e9 onde os pre\u00e7os podem chegar. Embora muitos se perguntem se h\u00e1 espa\u00e7o para repetir os R$ 400 por saca vistos em 2016, especialistas ponderam que as condi\u00e7\u00f5es atuais s\u00e3o diferentes: naquele ano, a seca impulsionou alta generalizada em todos os tipos de Feij\u00e3o, enquanto hoje a exist\u00eancia de estoques de outras variedades pode conter um movimento mais agressivo.&#13;\n<\/p>\n<p>Ainda assim, a firmeza do Feij\u00e3o-carioca vem acompanhada de sinais de rea\u00e7\u00e3o no Feij\u00e3o-preto. Foram reportados neg\u00f3cios acima de R$ 130 por saca, o que acende alerta para poss\u00edveis impactos nos leil\u00f5es de PEP e PEPRO da Conab. A burocracia excessiva que historicamente dificultou a habilita\u00e7\u00e3o de adquirentes continua sendo um entrave, a ponto de, em situa\u00e7\u00f5es anteriores, compradores ficarem sem a subven\u00e7\u00e3o mesmo ap\u00f3s efetivarem suas aquisi\u00e7\u00f5es.&#13;\n<\/p>\n<\/p><\/div>\n<\/p><\/div>\n<p><script data-cfasync=\"false\">\n    !function (f, b, e, v, n, t, s) {\n        if (f.fbq) return; n = f.fbq = function () {\n            n.callMethod ?\n                n.callMethod.apply(n, arguments) : n.queue.push(arguments)\n        };\n        if (!f._fbq) f._fbq = n; n.push = n; n.loaded = !0; n.version = '2.0';\n        n.queue = []; t = b.createElement(e); t.async = !0;\n        t.src = v; s = b.getElementsByTagName(e)[0];\n        s.parentNode.insertBefore(t, s)\n    }(window, document, 'script',\n        'https:\/\/connect.facebook.net\/en_US\/fbevents.js');\n    fbq('init', '522546078623747');\n    fbq('track', 'PageView');\n<\/script><br \/>\n<br \/><br \/>\n<br \/><a href=\"https:\/\/www.agrolink.com.br\/noticias\/menor-safra-em-20-anos-pressiona-precos-do-carioca_505945.html\">Source link <\/a><\/p>\n","protected":false},"excerpt":{"rendered":"<p>&#13; Esse cen\u00e1rio refor\u00e7a a perspectiva de menor disponibilidade do gr\u00e3o&#13; &#13; Agrolink&#13; &#13; &#8211; Leonardo Gottems&#13; &#13; Publicado em<\/p>\n","protected":false},"author":1,"featured_media":2142,"comment_status":"open","ping_status":"open","sticky":false,"template":"","format":"standard","meta":{"_monsterinsights_skip_tracking":false,"_monsterinsights_sitenote_active":false,"_monsterinsights_sitenote_note":"","_monsterinsights_sitenote_category":0,"_uf_show_specific_survey":0,"_uf_disable_surveys":false,"footnotes":""},"categories":[8,1,14],"tags":[],"class_list":["post-20175","post","type-post","status-publish","format-standard","has-post-thumbnail","hentry","category-agro","category-news","category-politica-agro"],"_links":{"self":[{"href":"https:\/\/agromt.news\/index.php?rest_route=\/wp\/v2\/posts\/20175"}],"collection":[{"href":"https:\/\/agromt.news\/index.php?rest_route=\/wp\/v2\/posts"}],"about":[{"href":"https:\/\/agromt.news\/index.php?rest_route=\/wp\/v2\/types\/post"}],"author":[{"embeddable":true,"href":"https:\/\/agromt.news\/index.php?rest_route=\/wp\/v2\/users\/1"}],"replies":[{"embeddable":true,"href":"https:\/\/agromt.news\/index.php?rest_route=%2Fwp%2Fv2%2Fcomments&post=20175"}],"version-history":[{"count":0,"href":"https:\/\/agromt.news\/index.php?rest_route=\/wp\/v2\/posts\/20175\/revisions"}],"wp:featuredmedia":[{"embeddable":true,"href":"https:\/\/agromt.news\/index.php?rest_route=\/wp\/v2\/media\/2142"}],"wp:attachment":[{"href":"https:\/\/agromt.news\/index.php?rest_route=%2Fwp%2Fv2%2Fmedia&parent=20175"}],"wp:term":[{"taxonomy":"category","embeddable":true,"href":"https:\/\/agromt.news\/index.php?rest_route=%2Fwp%2Fv2%2Fcategories&post=20175"},{"taxonomy":"post_tag","embeddable":true,"href":"https:\/\/agromt.news\/index.php?rest_route=%2Fwp%2Fv2%2Ftags&post=20175"}],"curies":[{"name":"wp","href":"https:\/\/api.w.org\/{rel}","templated":true}]}}