{"id":20174,"date":"2025-09-15T07:36:10","date_gmt":"2025-09-15T11:36:10","guid":{"rendered":"https:\/\/agromt.news\/?p=20174"},"modified":"2025-09-15T07:36:10","modified_gmt":"2025-09-15T11:36:10","slug":"temporais-e-risco-de-queimadas-em-algumas-regioes-veja-a-previsao-do-tempo-para-hoje","status":"publish","type":"post","link":"https:\/\/agromt.news\/?p=20174","title":{"rendered":"Temporais e risco de queimadas em algumas regi\u00f5es; veja a previs\u00e3o do tempo para hoje"},"content":{"rendered":"<p> <br \/>\n<br \/><img decoding=\"async\" src=\"https:\/\/agromt.news\/wp-content\/uploads\/2024\/10\/Frente-fria-causa-temporais-no-Sul-e-chuvas-intensas-no.jpg\" \/><\/p>\n<div>\n<p>A presen\u00e7a de um sistema de baixa press\u00e3o, somado ao fluxo de ar quente e \u00famido do Norte do Brasil e a presen\u00e7a de um cavado meteorol\u00f3gico nos n\u00edveis m\u00e9dios da atmosfera, aumenta a umidade sobre o Sul do nesta segunda-feira (15). No Rio Grande do Sul, as pancadas de chuva come\u00e7am a se espalhar ainda pela manh\u00e3, com risco para alguns temporais no meio-oeste, na regi\u00e3o central e na Serra Ga\u00facha, chuva que pode vir acompanhada por raios e trovoadas.<\/p>\n<div data-icp-cta=\"1\" id=\"icp-cta-unique\">Voc\u00ea quer entender como usar o clima a seu favor?<b> <\/b><a href=\"https:\/\/climacampo.canalrural.com.br\/climacampo_-01\">Preparamos um e-book exclusivo<\/a> para ajudar produtores rurais a se antecipar \u00e0s mudan\u00e7as do tempo e planejar melhor suas a\u00e7\u00f5es. Com base em previs\u00f5es meteorol\u00f3gicas confi\u00e1veis, ele oferece orienta\u00e7\u00f5es pr\u00e1ticas para proteger sua lavoura e otimizar seus resultados.<\/div>\n<p>A situa\u00e7\u00e3o \u00e9 de aten\u00e7\u00e3o para o sudoeste e leste do RS, pela ocorr\u00eancia de chuva moderada a forte, inclusive em Porto Alegre. No decorrer do dia, a chuva se espalha por \u00e1reas do oeste, sul e leste de Santa Catarina, variando entre moderada e forte intensidade, principalmente em regi\u00f5es pr\u00f3ximas ao estado ga\u00facho. No Paran\u00e1, as instabilidades come\u00e7am a avan\u00e7ar por \u00e1reas do sul e sudoeste paranaense a partir da tarde, se espalhando para as demais regi\u00f5es j\u00e1 no per\u00edodo da noite. A semana ainda come\u00e7a com sol e nebulosidade vari\u00e1vel em Curitiba e Florian\u00f3polis, com possibilidade de chuva s\u00f3 \u00e0 noite nas capitais. O norte do PR, continua com o padr\u00e3o de tempo firme, muito calor e ar mais seco.<\/p>\n<p>No Sudeste, a circula\u00e7\u00e3o de ventos \u00famidos que sopram do oceano em dire\u00e7\u00e3o ao continente mant\u00e9m as instabilidades sobre o norte do Rio de Janeiro e o litoral e norte do Esp\u00edrito Santo. A previs\u00e3o \u00e9 de pouca chuva e de forma mal distribu\u00edda em Vit\u00f3ria, intercalando per\u00edodos de sol durante a manh\u00e3 e a tarde. No norte do Rio, a chuva cai de forma r\u00e1pida entre o final da manh\u00e3 e in\u00edcio da tarde.<\/p>\n<p>S\u00e3o Paulo e Minas Gerais come\u00e7am a semana com tempo firme, mais sol no decorrer do dia, calor e ar muito seco, especialmente no interior. Segunda, sem chuva na cidade de SP e m\u00e1xima subindo at\u00e9 os 29\u202f\u00b0C. A umidade relativa do ar continua em alerta no noroeste e norte paulista e entre o Tri\u00e2ngulo e noroeste mineiro ao longo da tarde. Aten\u00e7\u00e3o ainda voltada com o risco elevado de queimadas no interior da regi\u00e3o.<\/p>\n<p>Enquanto no Centro-Oeste, a umidade presente na atmosfera, estimulada pelo fluxo de umidade entre Amazonas e Rond\u00f4nia, provocam pancadas de chuva irregulares na regi\u00e3o central, no oeste e norte de Mato Grosso neste come\u00e7o de semana \u2013 manh\u00e3 se segunda com muito sol e r\u00e1pida eleva\u00e7\u00e3o de temperatura. <\/p>\n<p>Durante a tarde a combina\u00e7\u00e3o de calor e umidade pode estimular n\u00facleos mais isolados e localizados sobre Cuiab\u00e1, com previs\u00e3o de chuva moderada. Aten\u00e7\u00e3o entre o oeste e noroeste do estado, para pancadas mais fortes. Pode chover tamb\u00e9m, de maneira pontual e isolada, no oeste e sul de Mato Grosso do Sul, no final do dia, pela atua\u00e7\u00e3o do cavado sobre o Sul do pa\u00eds.<\/p>\n<p>Nas demais regi\u00f5es, entre Goi\u00e1s e o Distrito Federal, o predom\u00ednio continua sendo de tempo aberto, com calor intenso e alerta de baixa umidade durante o dia \u2013 Bras\u00edlia, Goi\u00e2nia, Campo Grande e o extremo sul de MT, com alerta para valores entre 20 e 12%.<\/p>\n<p>J\u00e1 no Nordeste, a circula\u00e7\u00e3o de ventos mar\u00edtimos mant\u00e9m a ocorr\u00eancia de chuva sobre parte da costa leste da Regi\u00e3o. Pode chover de forma moderada no Rec\u00f4ncavo baiano, entre o litoral do Sergipe e Pernambuco, intercalando aberturas de sol. Pode chover de maneira isolada e mais r\u00e1pida no litoral da PB e do RN, em Natal, aten\u00e7\u00e3o com rajadas de ventos forte de at\u00e9 70 km\/h.<\/p>\n<p>No interior nordestino segue com predom\u00ednio de tempo firme, bastante calor e baixa umidade do ar no per\u00edodo da tarde \u2013 os \u00edndices mais cr\u00edticos continuam sendo registrados entre o sul do Maranh\u00e3o, Piau\u00ed e oeste da Bahia, com alerta para umidade entre 20 e 12% e calor\u00e3o acima de 35\u202f\u00b0C.<\/p>\n<p>E no Norte, a combina\u00e7\u00e3o de calor e umidade mant\u00e9m o tempo inst\u00e1vel no Amazonas, no oeste e sul de Roraima e no centro-sul de Rond\u00f4nia \u2013 o sol, aparece entre nebulosidade vari\u00e1vel e pode chover a qualquer momento \u2013 a situa\u00e7\u00e3o \u00e9 de aten\u00e7\u00e3o para pancadas moderadas a forte, n\u00e3o descartando alguns temporais localizados. As capitais, Macap\u00e1 e Bel\u00e9m, come\u00e7am a semana sem chuva, com muito sol e calor. O ar seco ainda mant\u00e9m os baixos \u00edndices de umidade relativa do ar em todo o Tocantins e o risco de queimadas continua alto na regi\u00e3o ao longo do dia.<\/p>\n<\/p><\/div>\n<p><br \/>\n<br \/><a href=\"https:\/\/www.canalrural.com.br\/tempo\/temporais-e-risco-de-queimadas-em-algumas-regioes-veja-a-previsao-do-tempo-para-hoje\/\">Source link <\/a><\/p>\n","protected":false},"excerpt":{"rendered":"<p>A presen\u00e7a de um sistema de baixa press\u00e3o, somado ao fluxo de ar quente e \u00famido do Norte do Brasil<\/p>\n","protected":false},"author":1,"featured_media":2602,"comment_status":"open","ping_status":"open","sticky":false,"template":"","format":"standard","meta":{"_monsterinsights_skip_tracking":false,"_monsterinsights_sitenote_active":false,"_monsterinsights_sitenote_note":"","_monsterinsights_sitenote_category":0,"_uf_show_specific_survey":0,"_uf_disable_surveys":false,"footnotes":""},"categories":[1],"tags":[],"class_list":["post-20174","post","type-post","status-publish","format-standard","has-post-thumbnail","hentry","category-news"],"_links":{"self":[{"href":"https:\/\/agromt.news\/index.php?rest_route=\/wp\/v2\/posts\/20174"}],"collection":[{"href":"https:\/\/agromt.news\/index.php?rest_route=\/wp\/v2\/posts"}],"about":[{"href":"https:\/\/agromt.news\/index.php?rest_route=\/wp\/v2\/types\/post"}],"author":[{"embeddable":true,"href":"https:\/\/agromt.news\/index.php?rest_route=\/wp\/v2\/users\/1"}],"replies":[{"embeddable":true,"href":"https:\/\/agromt.news\/index.php?rest_route=%2Fwp%2Fv2%2Fcomments&post=20174"}],"version-history":[{"count":0,"href":"https:\/\/agromt.news\/index.php?rest_route=\/wp\/v2\/posts\/20174\/revisions"}],"wp:featuredmedia":[{"embeddable":true,"href":"https:\/\/agromt.news\/index.php?rest_route=\/wp\/v2\/media\/2602"}],"wp:attachment":[{"href":"https:\/\/agromt.news\/index.php?rest_route=%2Fwp%2Fv2%2Fmedia&parent=20174"}],"wp:term":[{"taxonomy":"category","embeddable":true,"href":"https:\/\/agromt.news\/index.php?rest_route=%2Fwp%2Fv2%2Fcategories&post=20174"},{"taxonomy":"post_tag","embeddable":true,"href":"https:\/\/agromt.news\/index.php?rest_route=%2Fwp%2Fv2%2Ftags&post=20174"}],"curies":[{"name":"wp","href":"https:\/\/api.w.org\/{rel}","templated":true}]}}