{"id":20171,"date":"2025-09-15T05:59:26","date_gmt":"2025-09-15T09:59:26","guid":{"rendered":"https:\/\/agromt.news\/?p=20171"},"modified":"2025-09-15T05:59:26","modified_gmt":"2025-09-15T09:59:26","slug":"pesquisa-revela-impacto-de-inseticidas-nas-abelhas","status":"publish","type":"post","link":"https:\/\/agromt.news\/?p=20171","title":{"rendered":"Pesquisa revela impacto de inseticidas nas abelhas"},"content":{"rendered":"<p> <br \/>\n<\/p>\n<div>\n<p>Uma tese do Programa de P\u00f3s-gradua\u00e7\u00e3o em Zootecnia da FMVZ\/Unesp, c\u00e2mpus de Botucatu, recebeu men\u00e7\u00e3o honrosa no Pr\u00eamio CAPES de Tese 2025, na \u00e1rea de \u201cZootecnia\/Recursos Pesqueiros\u201d. A pesquisa, de Isabella Cristina de Castro Lippi e orientada pelo professor Ricardo de Oliveira Orsi, analisou os efeitos de doses letais e subletais do inseticida imidaclopride no transcriptoma de abelhas Apis mellifera africanizadas.&#13;\n<\/p>\n<p>\u201cQuando os genes das abelhas sofrem altera\u00e7\u00f5es na express\u00e3o, v\u00e1rias fun\u00e7\u00f5es importantes para o organismo podem ser comprometidas, como imunidade, nutri\u00e7\u00e3o, metabolismo, comportamento, vis\u00e3o e at\u00e9 a capacidade de voo. Isso \u00e9 relevante n\u00e3o s\u00f3 para a sa\u00fade das abelhas, mas tamb\u00e9m para todos n\u00f3s, j\u00e1 que as abelhas s\u00e3o essenciais para a produ\u00e7\u00e3o de alimentos como frutas, verduras e castanhas, al\u00e9m de terem papel fundamental na preserva\u00e7\u00e3o dos ecossistemas\u201d, explica Isabella. \u201cMuitas plantas s\u00f3 conseguem se reproduzir gra\u00e7as \u00e0 poliniza\u00e7\u00e3o realizada pelas abelhas. Ou seja, quando elas enfrentam amea\u00e7as como os agrot\u00f3xicos, h\u00e1 riscos tanto para a nossa seguran\u00e7a alimentar quanto para a biodiversidade\u201d, completa.<\/p>\n<p>O estudo revelou que doses subletais podem gerar altera\u00e7\u00f5es gen\u00e9ticas mais intensas que as letais, afetando fun\u00e7\u00f5es essenciais das abelhas, como imunidade, metabolismo, vis\u00e3o, comportamento e capacidade de voo, com impactos diretos na poliniza\u00e7\u00e3o e na seguran\u00e7a alimentar. \u201cAl\u00e9m disso, no Brasil a legisla\u00e7\u00e3o sobre o uso de agrot\u00f3xicos \u00e9 bem menos r\u00edgida que em outros lugares, como a Europa. Por isso, estudos de avalia\u00e7\u00e3o de risco, com base em dados cient\u00edficos s\u00f3lidos, s\u00e3o fundamentais para subsidiar decis\u00f5es regulat\u00f3rias\u201d, indica.&#13;\n<\/p>\n<p>A pesquisa foi conduzida em colmeias experimentais da FMVZ e analisada no IBETEC\/Unesp, integrando o N\u00facleo de Ensino, Ci\u00eancia e Tecnologia em Apicultura Racional (NECTAR). O trabalho contribui para pol\u00edticas p\u00fablicas sobre agrot\u00f3xicos e para o desenvolvimento de tecnologias agr\u00edcolas mais sustent\u00e1veis.\u00a0<br \/>&#13;<br \/>\n\u00a0<\/p>\n<\/p><\/div>\n<p><script data-cfasync=\"false\">\n    !function (f, b, e, v, n, t, s) {\n        if (f.fbq) return; n = f.fbq = function () {\n            n.callMethod ?\n                n.callMethod.apply(n, arguments) : n.queue.push(arguments)\n        };\n        if (!f._fbq) f._fbq = n; n.push = n; n.loaded = !0; n.version = '2.0';\n        n.queue = []; t = b.createElement(e); t.async = !0;\n        t.src = v; s = b.getElementsByTagName(e)[0];\n        s.parentNode.insertBefore(t, s)\n    }(window, document, 'script',\n        'https:\/\/connect.facebook.net\/en_US\/fbevents.js');\n    fbq('init', '522546078623747');\n    fbq('track', 'PageView');\n<\/script><br \/>\n<br \/><br \/>\n<br \/><a href=\"https:\/\/www.agrolink.com.br\/noticias\/pesquisa-revela-impacto-de-inseticidas-nas-abelhas_505946.html\">Source link <\/a><\/p>\n","protected":false},"excerpt":{"rendered":"<p>Uma tese do Programa de P\u00f3s-gradua\u00e7\u00e3o em Zootecnia da FMVZ\/Unesp, c\u00e2mpus de Botucatu, recebeu men\u00e7\u00e3o honrosa no Pr\u00eamio CAPES de<\/p>\n","protected":false},"author":1,"featured_media":2695,"comment_status":"open","ping_status":"open","sticky":false,"template":"","format":"standard","meta":{"_monsterinsights_skip_tracking":false,"_monsterinsights_sitenote_active":false,"_monsterinsights_sitenote_note":"","_monsterinsights_sitenote_category":0,"_uf_show_specific_survey":0,"_uf_disable_surveys":false,"footnotes":""},"categories":[8,1,14],"tags":[],"class_list":["post-20171","post","type-post","status-publish","format-standard","has-post-thumbnail","hentry","category-agro","category-news","category-politica-agro"],"_links":{"self":[{"href":"https:\/\/agromt.news\/index.php?rest_route=\/wp\/v2\/posts\/20171"}],"collection":[{"href":"https:\/\/agromt.news\/index.php?rest_route=\/wp\/v2\/posts"}],"about":[{"href":"https:\/\/agromt.news\/index.php?rest_route=\/wp\/v2\/types\/post"}],"author":[{"embeddable":true,"href":"https:\/\/agromt.news\/index.php?rest_route=\/wp\/v2\/users\/1"}],"replies":[{"embeddable":true,"href":"https:\/\/agromt.news\/index.php?rest_route=%2Fwp%2Fv2%2Fcomments&post=20171"}],"version-history":[{"count":0,"href":"https:\/\/agromt.news\/index.php?rest_route=\/wp\/v2\/posts\/20171\/revisions"}],"wp:featuredmedia":[{"embeddable":true,"href":"https:\/\/agromt.news\/index.php?rest_route=\/wp\/v2\/media\/2695"}],"wp:attachment":[{"href":"https:\/\/agromt.news\/index.php?rest_route=%2Fwp%2Fv2%2Fmedia&parent=20171"}],"wp:term":[{"taxonomy":"category","embeddable":true,"href":"https:\/\/agromt.news\/index.php?rest_route=%2Fwp%2Fv2%2Fcategories&post=20171"},{"taxonomy":"post_tag","embeddable":true,"href":"https:\/\/agromt.news\/index.php?rest_route=%2Fwp%2Fv2%2Ftags&post=20171"}],"curies":[{"name":"wp","href":"https:\/\/api.w.org\/{rel}","templated":true}]}}