{"id":20170,"date":"2025-09-15T04:03:54","date_gmt":"2025-09-15T08:03:54","guid":{"rendered":"https:\/\/agromt.news\/?p=20170"},"modified":"2025-09-15T04:03:54","modified_gmt":"2025-09-15T08:03:54","slug":"atraso-na-semeadura-nao-impediu-recorde-do-algodao","status":"publish","type":"post","link":"https:\/\/agromt.news\/?p=20170","title":{"rendered":"Atraso na semeadura n\u00e3o impediu recorde do algod\u00e3o"},"content":{"rendered":"<p> <br \/>\n<\/p>\n<div>\n<div class=\"row\">\n<div class=\"col-lg col-infos mt-0 mt-lg-0\">\n<div class=\"section-sub-title\">\n<p itemprop=\"description\">&#13;<br \/>\n                                A \u00e1rea cultivada cresceu 4,18% em rela\u00e7\u00e3o \u00e0 safra anterior&#13;\n                            <\/p>\n<\/p><\/div>\n<div class=\"container\">\n<div class=\"row\">\n<div class=\"col-lg p-0\">\n<div>\n<div class=\"block-news-main-infos mt-3 text-start\">\n<p>                                            <strong class=\"fn\" itemprop=\"author\" style=\"color: rgb(112, 112, 112); \">&#13;<br \/>\n                                                <a href=\"https:\/\/www.agrolink.com.br\/noticias\/javascript:;\" class=\"text-uppercase\" target=\"_blank\" style=\"color: rgb(112, 112, 112); \" rel=\"noopener\">Agrolink<\/a>&#13;<br \/>\n&#13;<br \/>\n                                                    &#8211; Leonardo Gottems&#13;<br \/>\n&#13;<br \/>\n                                            <\/strong><br \/>\n                                        <\/p>\n<p>                                            <abbr><time datetime=\"2025 - 09 - 15T02:30\" itemprop=\"datePublished dateModified\"> Publicado em 15\/09\/2025 \u00e0s 02:30h.<\/time><\/abbr>\n                                    <\/div>\n<\/p><\/div>\n<\/p><\/div>\n<div class=\"col-lg p-0 text-lg-end\">\n<div>\n<div id=\"mdEnviarPagina\" class=\"modal fade\" role=\"dialog\">\n<div class=\"modal-dialog\">\n<div class=\"modal-content\">\n<div class=\"modal-body\">\n<p><strong>Estimado usu\u00e1rio.<\/strong><br \/>Preencha o formul\u00e1rio abaixo para remeter a p\u00e1gina.<\/p>\n<\/p><\/div>\n<\/p><\/div>\n<\/p><\/div>\n<\/div><\/div>\n<\/p><\/div>\n<\/p><\/div>\n<\/p><\/div>\n<\/p><\/div>\n<\/p><\/div>\n<div class=\"row justify-content-md-center mt-3\">\n<div class=\"col-lg-auto col-image block-news-main-image\">\n<p>                                <img decoding=\"async\" src=\"https:\/\/www.agrolink.com.br\/upload\/imagens-resizes\/a29065a5f35d4c69b21807ec4f12230a_858x483.jpg\" class=\"lazyload img-fluid\" alt=\"A \u00e1rea cultivada cresceu 4,18% em rela\u00e7\u00e3o \u00e0 safra anterior\"\/><br \/>\n                                                <span class=\"d-block mt-1\">A \u00e1rea cultivada cresceu 4,18% em rela\u00e7\u00e3o \u00e0 safra anterior &#8211; Foto: Pixabay<\/span><\/p><\/div>\n<\/p><\/div>\n<div class=\"section-description section-description-noticias mt-3\">\n<p>A safra 24\/25 de <a href=\"https:\/\/www.agrolink.com.br\/culturas\/algodao\/\" target=\"_blank\" rel=\"noopener\">algod\u00e3o<\/a> em Mato Grosso, maior produtor nacional, segue para resultados hist\u00f3ricos, com produtividade m\u00e9dia estimada em 308,08 arrobas por hectare, segundo o Instituto Mato-grossense de Economia Agropecu\u00e1ria (IMEA). O bom desempenho \u00e9 resultado de chuvas fora de \u00e9poca, que beneficiaram o ciclo da cultura e compensaram atrasos no plantio.&#13;\n<\/p>\n<p>Em \u00e1reas de pesquisa da Funda\u00e7\u00e3o MT, em Sapezal, a produtividade chegou a 393 arrobas por hectare, com talh\u00f5es atingindo 457 arrobas. Segundo a pesquisadora Daniela Dalla Costa, a escolha da cultivar, manejo da cultura e \u00e9poca de semeadura foram determinantes para esses resultados. \u201cN\u00f3s tivemos, nas principais regi\u00f5es produtoras, uma condi\u00e7\u00e3o de chuva em momentos decisivos\u201d, explicou.<\/p>\n<p>A \u00e1rea cultivada cresceu 4,18% em rela\u00e7\u00e3o \u00e0 safra anterior, alcan\u00e7ando 1,52 milh\u00e3o de hectares, com produ\u00e7\u00e3o total estimada em 7,04 milh\u00f5es de toneladas de algod\u00e3o em caro\u00e7o, das quais 2,90 milh\u00f5es em pluma. O clima favor\u00e1vel ajudou a superar os desafios do plantio tardio e dos custos elevados.&#13;\n<\/p>\n<p>Com a safra quase conclu\u00edda, produtores j\u00e1 planejam a semeadura da pr\u00f3xima temporada, avaliando \u00e1reas mais produtivas para maximizar resultados. O foco tamb\u00e9m segue na demanda internacional e no fortalecimento de certifica\u00e7\u00f5es como ABR e Better Cotton, garantindo a competitividade da fibra mato-grossense. \u201cPrecisamos continuar investindo em certifica\u00e7\u00f5es como a ABR (Algod\u00e3o Brasileiro Respons\u00e1vel) e o Better Cotton. Mostrar para o mundo que a nossa fibra \u00e9 natural, n\u00e3o degrada e n\u00e3o deixa res\u00edduos para as futuras gera\u00e7\u00f5es\u201d, afirmou o produtor rural e atual presidente do Instituto Brasileiro do Algod\u00e3o (IBA), Alexandre Schenkel.<br \/>&#13;<br \/>\n\u00a0<\/p>\n<\/p><\/div>\n<\/p><\/div>\n<p><script data-cfasync=\"false\">\n    !function (f, b, e, v, n, t, s) {\n        if (f.fbq) return; n = f.fbq = function () {\n            n.callMethod ?\n                n.callMethod.apply(n, arguments) : n.queue.push(arguments)\n        };\n        if (!f._fbq) f._fbq = n; n.push = n; n.loaded = !0; n.version = '2.0';\n        n.queue = []; t = b.createElement(e); t.async = !0;\n        t.src = v; s = b.getElementsByTagName(e)[0];\n        s.parentNode.insertBefore(t, s)\n    }(window, document, 'script',\n        'https:\/\/connect.facebook.net\/en_US\/fbevents.js');\n    fbq('init', '522546078623747');\n    fbq('track', 'PageView');\n<\/script><br \/>\n<br \/><br \/>\n<br \/><a href=\"https:\/\/www.agrolink.com.br\/noticias\/atraso-na-semeadura-nao-impediu-recorde-do-algodao_505947.html\">Source link <\/a><\/p>\n","protected":false},"excerpt":{"rendered":"<p>&#13; A \u00e1rea cultivada cresceu 4,18% em rela\u00e7\u00e3o \u00e0 safra anterior&#13; &#13; Agrolink&#13; &#13; &#8211; Leonardo Gottems&#13; &#13; Publicado em<\/p>\n","protected":false},"author":1,"featured_media":2632,"comment_status":"open","ping_status":"open","sticky":false,"template":"","format":"standard","meta":{"_monsterinsights_skip_tracking":false,"_monsterinsights_sitenote_active":false,"_monsterinsights_sitenote_note":"","_monsterinsights_sitenote_category":0,"_uf_show_specific_survey":0,"_uf_disable_surveys":false,"footnotes":""},"categories":[8,1,14],"tags":[],"class_list":["post-20170","post","type-post","status-publish","format-standard","has-post-thumbnail","hentry","category-agro","category-news","category-politica-agro"],"_links":{"self":[{"href":"https:\/\/agromt.news\/index.php?rest_route=\/wp\/v2\/posts\/20170"}],"collection":[{"href":"https:\/\/agromt.news\/index.php?rest_route=\/wp\/v2\/posts"}],"about":[{"href":"https:\/\/agromt.news\/index.php?rest_route=\/wp\/v2\/types\/post"}],"author":[{"embeddable":true,"href":"https:\/\/agromt.news\/index.php?rest_route=\/wp\/v2\/users\/1"}],"replies":[{"embeddable":true,"href":"https:\/\/agromt.news\/index.php?rest_route=%2Fwp%2Fv2%2Fcomments&post=20170"}],"version-history":[{"count":0,"href":"https:\/\/agromt.news\/index.php?rest_route=\/wp\/v2\/posts\/20170\/revisions"}],"wp:featuredmedia":[{"embeddable":true,"href":"https:\/\/agromt.news\/index.php?rest_route=\/wp\/v2\/media\/2632"}],"wp:attachment":[{"href":"https:\/\/agromt.news\/index.php?rest_route=%2Fwp%2Fv2%2Fmedia&parent=20170"}],"wp:term":[{"taxonomy":"category","embeddable":true,"href":"https:\/\/agromt.news\/index.php?rest_route=%2Fwp%2Fv2%2Fcategories&post=20170"},{"taxonomy":"post_tag","embeddable":true,"href":"https:\/\/agromt.news\/index.php?rest_route=%2Fwp%2Fv2%2Ftags&post=20170"}],"curies":[{"name":"wp","href":"https:\/\/api.w.org\/{rel}","templated":true}]}}