{"id":20167,"date":"2025-09-14T19:26:10","date_gmt":"2025-09-14T23:26:10","guid":{"rendered":"https:\/\/agromt.news\/?p=20167"},"modified":"2025-09-14T19:26:10","modified_gmt":"2025-09-14T23:26:10","slug":"semana-tem-chuva-e-alerta-para-baixa-umidade-do-ar-em-alguns-estados","status":"publish","type":"post","link":"https:\/\/agromt.news\/?p=20167","title":{"rendered":"Semana tem chuva e alerta para baixa umidade do ar em alguns estados"},"content":{"rendered":"<p> <br \/>\n<br \/><img decoding=\"async\" src=\"https:\/\/agromt.news\/wp-content\/uploads\/2025\/03\/Chuvas-podem-alcancar-os-100-mm-nas-proximas-24-horas.jpg\" \/><\/p>\n<div>\n<p>A semana ser\u00e1 marcada por chuvas pontuais na regi\u00e3o Sul, tempo seco e muito calor no Centro-Oeste, Sudeste e Nordeste, e instabilidades localizadas no Norte do pa\u00eds, segundo previs\u00e3o do tempo de Arthur M\u00fcller, meteorologista do <strong>Canal Rural.<\/strong> Produtores devem estar atentos ao risco de inc\u00eandios, especialmente em \u00e1reas do interior, onde as temperaturas seguem elevadas e a umidade relativa do ar estar\u00e1 muito baixa. A expectativa \u00e9 de que as chuvas mais volumosas retornem por volta dos dias 20 a 22 de setembro, com o in\u00edcio da primavera, ajudando a reverter o d\u00e9ficit h\u00eddrico em v\u00e1rias regi\u00f5es produtoras.<\/p>\n<h2 class=\"wp-block-heading\" id=\"h-sul\">Sul<\/h2>\n<p>A segunda-feira come\u00e7a com pancadas de chuva no Rio Grande do Sul, Santa Catarina, centro-sul do Paran\u00e1 e no litoral da regi\u00e3o. A nebulosidade segue persistente, principalmente no Sul. J\u00e1 no norte do Paran\u00e1, as temperaturas continuam elevadas, superando as registradas nas demais \u00e1reas do estado, onde as tardes seguem mais agrad\u00e1veis.<\/p>\n<p>Os acumulados de chuva entre segunda e ter\u00e7a-feira devem variar entre 20 e 30 mm no sul do Paran\u00e1, em Santa Catarina e no centro-norte do Rio Grande do Sul \u2013 volumes que n\u00e3o devem comprometer os trabalhos em campo, mas com risco de trovoadas. No sudoeste ga\u00facho, os volumes podem ultrapassar os 80 mm em 48 horas, com potencial para alagamentos pontuais e paralisa\u00e7\u00e3o das atividades agr\u00edcolas.<\/p>\n<p><em>Veja em primeira m\u00e3o tudo sobre agricultura, pecu\u00e1ria, economia e previs\u00e3o do tempo:<\/em><a href=\"https:\/\/news.google.com\/publications\/CAAqBwgKMPKZlQswq_mqAw?hl=pt-BR&amp;gl=BR&amp;ceid=BR%3Apt-419\" target=\"_blank\" rel=\"noreferrer noopener\"><em>\u00a0siga o Canal Rural no Google News!<\/em><\/a><\/p>\n<p>No geral, a semana ser\u00e1 favor\u00e1vel \u00e0s opera\u00e7\u00f5es em campo na maioria das \u00e1reas produtoras. O calor aumenta nos pr\u00f3ximos dias, e o norte do Paran\u00e1 entra em alerta para risco de inc\u00eandios, com m\u00e1ximas acima dos 32\u202f\u00b0C e aus\u00eancia de chuva.<\/p>\n<h2 class=\"wp-block-heading\" id=\"h-sudeste\">Sudeste<\/h2>\n<p>O in\u00edcio da semana ainda apresenta chuvas no litoral, Zona da Mata e sul de S\u00e3o Paulo, enquanto o tempo firme predomina nas demais \u00e1reas. As temperaturas voltam a subir, especialmente no interior, com valores pr\u00f3ximos dos 40\u202f\u00b0C e umidade relativa do ar abaixo dos 30%, o que aumenta o risco de inc\u00eandios, principalmente no interior de S\u00e3o Paulo e Minas Gerais.<\/p>\n<p>A chuva ser\u00e1 mais significativa apenas no centro-leste de SP, RJ, ES e centro-leste de MG, com acumulados entre 10 e 15 mm, o que ajuda apenas a elevar a umidade do ar sem impacto na produtividade agr\u00edcola.<\/p>\n<p>A expectativa \u00e9 de que as chuvas mais volumosas retornem entre os dias 20 e 22 de setembro, com a chegada da primavera. At\u00e9 l\u00e1, o produtor deve ter cautela ao iniciar o plantio da safra 2025\/2026.<\/p>\n<h2 class=\"wp-block-heading\" id=\"h-centro-oeste\">Centro-Oeste<\/h2>\n<p>Nesta segunda-feira, pancadas de chuva isoladas podem ocorrer no oeste e norte de Mato Grosso e no extremo sul de Mato Grosso do Sul. O tempo segue firme nas demais \u00e1reas, com aumento de nebulosidade em MT.<\/p>\n<p>A boa not\u00edcia \u00e9 a previs\u00e3o de 30 a 40 mm de chuva acumulada no centro-oeste de Mato Grosso, o que favorece a reposi\u00e7\u00e3o h\u00eddrica do solo sem atrapalhar os trabalhos em campo.<\/p>\n<p>Entretanto, o calor intenso persiste em MS, GO e no centro-leste de MT, com m\u00e1ximas pr\u00f3ximas dos 40\u202f\u00b0C e umidade do ar abaixo dos 20%, cen\u00e1rio que aumenta o risco de inc\u00eandios. Assim como nas demais regi\u00f5es, as chuvas mais significativas devem retornar apenas com a chegada da primavera, entre os dias 20 e 22. Produtores devem agir com cautela antes de iniciar o plantio da nova safra.<\/p>\n<h2 class=\"wp-block-heading\" id=\"h-nordeste\">Nordeste<\/h2>\n<p>A semana come\u00e7a com chuvas fracas ao longo do litoral, com destaque para Bahia, Sergipe, Alagoas, Pernambuco, Para\u00edba e Rio Grande do Norte, com acumulados de 10 a 20 mm ao longo da semana. Entre o Cear\u00e1 e o Maranh\u00e3o, a chuva ser\u00e1 mais escassa e o tempo firme predomina no interior da regi\u00e3o.<\/p>\n<p>As temperaturas seguem elevadas, com m\u00e1ximas de at\u00e9 40\u202f\u00b0C em \u00e1reas do interior, e umidade relativa do ar abaixo dos 30%, o que representa risco elevado de inc\u00eandios. A colheita do algod\u00e3o segue normalmente, mas \u00e9 fundamental que o produtor mantenha a hidrata\u00e7\u00e3o durante os trabalhos em campo.<\/p>\n<p>A expectativa \u00e9 de que a chuva volumosa retorne entre os dias 20 e 22, com a transi\u00e7\u00e3o para a primavera. At\u00e9 l\u00e1, recomenda-se cautela no in\u00edcio do plantio da safra 2025\/2026.<\/p>\n<h2 class=\"wp-block-heading\" id=\"h-norte\">Norte<\/h2>\n<p>Instabilidades continuam atuando na faixa oeste da regi\u00e3o, com destaque para Rond\u00f4nia, sudoeste do Par\u00e1 e Acre, onde os acumulados da semana devem ficar entre 50 e 60 mm, o que ajuda a aliviar o calor e recuperar pastagens. Tamb\u00e9m h\u00e1 previs\u00e3o de chuva em Roraima e Amazonas, com 30 a 40 mm, mantendo boa umidade do solo sem prejudicar as atividades agr\u00edcolas.<\/p>\n<p>No centro-leste e norte do Par\u00e1 e no Tocantins, o tempo segue seco, quente e com risco elevado de inc\u00eandios, com temperaturas chegando a 40\u202f\u00b0C. As proje\u00e7\u00f5es apontam possibilidade de chuva a partir da virada do m\u00eas, o que pode melhorar o cen\u00e1rio h\u00eddrico na regi\u00e3o.<\/p>\n<div data-icp-cta=\"1\" id=\"icp-cta-unique\">Voc\u00ea quer entender como usar o clima a seu favor?<b> <\/b><a href=\"https:\/\/climacampo.canalrural.com.br\/climacampo_-01\">Preparamos um e-book exclusivo<\/a> para ajudar produtores rurais a se antecipar \u00e0s mudan\u00e7as do tempo e planejar melhor suas a\u00e7\u00f5es. Com base em previs\u00f5es meteorol\u00f3gicas confi\u00e1veis, ele oferece orienta\u00e7\u00f5es pr\u00e1ticas para proteger sua lavoura e otimizar seus resultados.<\/div>\n<\/div>\n<p><br \/>\n<br \/><a href=\"https:\/\/www.canalrural.com.br\/tempo\/semana-tem-chuva-e-alerta-para-baixa-umidade-do-ar-em-alguns-estados\/\">Source link <\/a><\/p>\n","protected":false},"excerpt":{"rendered":"<p>A semana ser\u00e1 marcada por chuvas pontuais na regi\u00e3o Sul, tempo seco e muito calor no Centro-Oeste, Sudeste e Nordeste,<\/p>\n","protected":false},"author":1,"featured_media":10576,"comment_status":"open","ping_status":"open","sticky":false,"template":"","format":"standard","meta":{"_monsterinsights_skip_tracking":false,"_monsterinsights_sitenote_active":false,"_monsterinsights_sitenote_note":"","_monsterinsights_sitenote_category":0,"_uf_show_specific_survey":0,"_uf_disable_surveys":false,"footnotes":""},"categories":[1],"tags":[],"class_list":["post-20167","post","type-post","status-publish","format-standard","has-post-thumbnail","hentry","category-news"],"_links":{"self":[{"href":"https:\/\/agromt.news\/index.php?rest_route=\/wp\/v2\/posts\/20167"}],"collection":[{"href":"https:\/\/agromt.news\/index.php?rest_route=\/wp\/v2\/posts"}],"about":[{"href":"https:\/\/agromt.news\/index.php?rest_route=\/wp\/v2\/types\/post"}],"author":[{"embeddable":true,"href":"https:\/\/agromt.news\/index.php?rest_route=\/wp\/v2\/users\/1"}],"replies":[{"embeddable":true,"href":"https:\/\/agromt.news\/index.php?rest_route=%2Fwp%2Fv2%2Fcomments&post=20167"}],"version-history":[{"count":0,"href":"https:\/\/agromt.news\/index.php?rest_route=\/wp\/v2\/posts\/20167\/revisions"}],"wp:featuredmedia":[{"embeddable":true,"href":"https:\/\/agromt.news\/index.php?rest_route=\/wp\/v2\/media\/10576"}],"wp:attachment":[{"href":"https:\/\/agromt.news\/index.php?rest_route=%2Fwp%2Fv2%2Fmedia&parent=20167"}],"wp:term":[{"taxonomy":"category","embeddable":true,"href":"https:\/\/agromt.news\/index.php?rest_route=%2Fwp%2Fv2%2Fcategories&post=20167"},{"taxonomy":"post_tag","embeddable":true,"href":"https:\/\/agromt.news\/index.php?rest_route=%2Fwp%2Fv2%2Ftags&post=20167"}],"curies":[{"name":"wp","href":"https:\/\/api.w.org\/{rel}","templated":true}]}}