{"id":20143,"date":"2025-09-13T18:57:25","date_gmt":"2025-09-13T22:57:25","guid":{"rendered":"https:\/\/agromt.news\/?p=20143"},"modified":"2025-09-13T18:57:25","modified_gmt":"2025-09-13T22:57:25","slug":"leite-mato-grossense-tem-primeira-queda-de-2025","status":"publish","type":"post","link":"https:\/\/agromt.news\/?p=20143","title":{"rendered":"Leite mato-grossense tem primeira queda de 2025"},"content":{"rendered":"<p> <br \/>\n<\/p>\n<div>\n<div class=\"row\">\n<div class=\"col-lg col-infos mt-0 mt-lg-0\">\n<div class=\"section-sub-title\">\n<p itemprop=\"description\">&#13;<br \/>\n                                Mercado de l\u00e1cteos perde competitividade no estado&#13;\n                            <\/p>\n<\/p><\/div>\n<div class=\"container\">\n<div class=\"row\">\n<div class=\"col-lg p-0\">\n<div>\n<div class=\"block-news-main-infos mt-3 text-start\">\n<p>                                            <strong class=\"fn\" itemprop=\"author\" style=\"color: rgb(112, 112, 112); \">&#13;<br \/>\n                                                <a href=\"https:\/\/www.agrolink.com.br\/noticias\/javascript:;\" class=\"text-uppercase\" target=\"_blank\" style=\"color: rgb(112, 112, 112); \" rel=\"noopener\">Agrolink<\/a>&#13;<br \/>\n&#13;<br \/>\n                                                    &#8211; Seane Lennon&#13;<br \/>\n&#13;<br \/>\n                                            <\/strong><br \/>\n                                        <\/p>\n<p>                                            <abbr><time datetime=\"2025 - 09 - 12T14:10\" itemprop=\"datePublished dateModified\"> Publicado em 12\/09\/2025 \u00e0s 14:10h.<\/time><\/abbr>\n                                    <\/div>\n<\/p><\/div>\n<\/p><\/div>\n<div class=\"col-lg p-0 text-lg-end\">\n<div>\n<div id=\"mdEnviarPagina\" class=\"modal fade\" role=\"dialog\">\n<div class=\"modal-dialog\">\n<div class=\"modal-content\">\n<div class=\"modal-body\">\n<p><strong>Estimado usu\u00e1rio.<\/strong><br \/>Preencha o formul\u00e1rio abaixo para remeter a p\u00e1gina.<\/p>\n<\/p><\/div>\n<\/p><\/div>\n<\/p><\/div>\n<\/div><\/div>\n<\/p><\/div>\n<\/p><\/div>\n<\/p><\/div>\n<\/p><\/div>\n<\/p><\/div>\n<div class=\"row justify-content-md-center mt-3\">\n<div class=\"col-lg-auto col-image block-news-main-image\">\n<p>                                <img decoding=\"async\" src=\"https:\/\/www.agrolink.com.br\/upload\/imagens-resizes\/38fc74d823174ecfa9d47fbef2032485_858x483.jpg\" class=\"lazyload img-fluid\"\/><br \/>\n                                                <span class=\"publicity-photo d-block mt-1\">Foto: Pixabay<\/span><\/p><\/div>\n<\/p><\/div>\n<div class=\"section-description section-description-noticias mt-3\">\n<p style=\"text-align:justify\">Segundo a an\u00e1lise semanal do Imea, divulgada na segunda-feira (8), \u201co pre\u00e7o do <a href=\"https:\/\/www.agrolink.com.br\/cotacoes\/carnes\/bovinos\/?utm_source=agrolink-detalhe-noticia&amp;utm_medium=detalhe-noticia&amp;utm_campaign=links-internos\" target=\"_blank\" rel=\"noopener\">leite<\/a> mato-grossense registrou a primeira queda do ano ap\u00f3s seis meses de alta\u201d. O instituto informou que \u201co produtor recebeu, em m\u00e9dia, R$ 2,31 por litro pelo leite captado em julho de 2025, valor 2,29% inferior ao do m\u00eas anterior\u201d. O boletim destacou que \u201capesar da retra\u00e7\u00e3o, esse foi o segundo maior valor registrado para o m\u00eas, atr\u00e1s apenas de julho de 2022, que segue como o maior valor da s\u00e9rie hist\u00f3rica\u201d.&#13;\n<\/p>\n<p style=\"text-align:justify\">Ainda conforme o Imea, \u201cmesmo com a queda no pre\u00e7o, o movimento n\u00e3o esteve atrelado \u00e0 maior disponibilidade de leite no estado, uma vez que o \u00cdndice de Capta\u00e7\u00e3o de Leite (ICAP-L) seguiu em retra\u00e7\u00e3o e atingiu 45,03% (-1,28 p.p.), o menor patamar do ano\u201d. Segundo o instituto, \u201ca redu\u00e7\u00e3o reflete a menor capacidade dos elos finais da cadeia de absorver novos reajustes, ap\u00f3s sucessivos aumentos ao longo de 2025, inclusive em per\u00edodos tradicionalmente marcados por desvaloriza\u00e7\u00e3o\u201d.&#13;\n<\/p>\n<p style=\"text-align:justify\">O Imea acrescentou que \u201cnesse contexto, os derivados l\u00e1cteos do estado t\u00eam perdido espa\u00e7o nas g\u00f4ndolas, devido \u00e0 menor competitividade frente a produtos de outros estados, mais atrativos em termos de pre\u00e7o\u201d.<\/p>\n<\/p><\/div>\n<\/p><\/div>\n<p><script data-cfasync=\"false\">\n    !function (f, b, e, v, n, t, s) {\n        if (f.fbq) return; n = f.fbq = function () {\n            n.callMethod ?\n                n.callMethod.apply(n, arguments) : n.queue.push(arguments)\n        };\n        if (!f._fbq) f._fbq = n; n.push = n; n.loaded = !0; n.version = '2.0';\n        n.queue = []; t = b.createElement(e); t.async = !0;\n        t.src = v; s = b.getElementsByTagName(e)[0];\n        s.parentNode.insertBefore(t, s)\n    }(window, document, 'script',\n        'https:\/\/connect.facebook.net\/en_US\/fbevents.js');\n    fbq('init', '522546078623747');\n    fbq('track', 'PageView');\n<\/script><br \/>\n<br \/><br \/>\n<br \/><a href=\"https:\/\/www.agrolink.com.br\/noticias\/leite-mato-grossense-tem-primeira-queda-de-2025_505930.html\">Source link <\/a><\/p>\n","protected":false},"excerpt":{"rendered":"<p>&#13; Mercado de l\u00e1cteos perde competitividade no estado&#13; &#13; Agrolink&#13; &#13; &#8211; Seane Lennon&#13; &#13; Publicado em 12\/09\/2025 \u00e0s 14:10h.<\/p>\n","protected":false},"author":1,"featured_media":16973,"comment_status":"open","ping_status":"open","sticky":false,"template":"","format":"standard","meta":{"_monsterinsights_skip_tracking":false,"_monsterinsights_sitenote_active":false,"_monsterinsights_sitenote_note":"","_monsterinsights_sitenote_category":0,"_uf_show_specific_survey":0,"_uf_disable_surveys":false,"footnotes":""},"categories":[8,1,14],"tags":[],"class_list":["post-20143","post","type-post","status-publish","format-standard","has-post-thumbnail","hentry","category-agro","category-news","category-politica-agro"],"_links":{"self":[{"href":"https:\/\/agromt.news\/index.php?rest_route=\/wp\/v2\/posts\/20143"}],"collection":[{"href":"https:\/\/agromt.news\/index.php?rest_route=\/wp\/v2\/posts"}],"about":[{"href":"https:\/\/agromt.news\/index.php?rest_route=\/wp\/v2\/types\/post"}],"author":[{"embeddable":true,"href":"https:\/\/agromt.news\/index.php?rest_route=\/wp\/v2\/users\/1"}],"replies":[{"embeddable":true,"href":"https:\/\/agromt.news\/index.php?rest_route=%2Fwp%2Fv2%2Fcomments&post=20143"}],"version-history":[{"count":0,"href":"https:\/\/agromt.news\/index.php?rest_route=\/wp\/v2\/posts\/20143\/revisions"}],"wp:featuredmedia":[{"embeddable":true,"href":"https:\/\/agromt.news\/index.php?rest_route=\/wp\/v2\/media\/16973"}],"wp:attachment":[{"href":"https:\/\/agromt.news\/index.php?rest_route=%2Fwp%2Fv2%2Fmedia&parent=20143"}],"wp:term":[{"taxonomy":"category","embeddable":true,"href":"https:\/\/agromt.news\/index.php?rest_route=%2Fwp%2Fv2%2Fcategories&post=20143"},{"taxonomy":"post_tag","embeddable":true,"href":"https:\/\/agromt.news\/index.php?rest_route=%2Fwp%2Fv2%2Ftags&post=20143"}],"curies":[{"name":"wp","href":"https:\/\/api.w.org\/{rel}","templated":true}]}}