{"id":20142,"date":"2025-09-13T18:27:54","date_gmt":"2025-09-13T22:27:54","guid":{"rendered":"https:\/\/agromt.news\/?p=20142"},"modified":"2025-09-13T18:27:54","modified_gmt":"2025-09-13T22:27:54","slug":"semana-foi-de-queda-para-a-arroba-do-boi-o-que-esperar-ate-o-fim-do-mes","status":"publish","type":"post","link":"https:\/\/agromt.news\/?p=20142","title":{"rendered":"Semana foi de queda para a arroba do boi; o que esperar at\u00e9 o fim do m\u00eas?"},"content":{"rendered":"<p> <br \/>\n<\/p>\n<div>\n<p>O mercado f\u00edsico do boi registrou pre\u00e7os mais baixos ao longo da segunda semana de setembro. <\/p>\n<p>De acordo com o analista da consultoria Safras &amp; Mercado Fernando Henrique Iglesias, esse movimento se explica por dois principais fatores:<\/p>\n<ol class=\"wp-block-list\">\n<li>Os frigor\u00edficos de maior porte contam com escalas de abate confort\u00e1veis, considerando a incid\u00eancia de animais de parceria (contratos a termo), somado a utiliza\u00e7\u00e3o de confinamentos pr\u00f3prios;<\/li>\n<li>O mercado dom\u00e9stico n\u00e3o apresentou bons \u00edndices de consumo de carne bovina durante a primeira quinzena do m\u00eas. <\/li>\n<\/ol>\n<p>\u201cPor outro lado, como ponto de suporte para o mercado, restou a exporta\u00e7\u00e3o, que segue em ritmo acelerado durante o ano, com o pa\u00eds caminhando a passos largos para um recorde de embarques, com grande destaque para a receita obtida\u201d, destaca.<\/p>\n<h2 class=\"wp-block-heading\" id=\"h-e-agora-o-que-esperar\">E agora, o que esperar?<\/h2>\n<p>O coordenador da equipe de intelig\u00eancia de mercado da Scot Consultoria, Felipe Fabbri, conta que a expectativa at\u00e9 o fim do ano \u00e9 de um mercado com pre\u00e7os firmes, mas com fundamentos que limitam qualquer alta contundente. <\/p>\n<p>\u201cOlhando at\u00e9 o fim de setembro, enxergo um mercado com fundamentos baixistas, com a ind\u00fastria pressionando ainda mais. As exporta\u00e7\u00f5es de carne bovina est\u00e3o indo muito bem neste m\u00eas, com alta de 31% na primeira semana do m\u00eas em compara\u00e7\u00e3o ao mesmo per\u00edodo de 2024. No entanto, o d\u00f3lar est\u00e1 na m\u00ednima do ano, o que pesa para a margem da ind\u00fastria exportadora e diminui o potencial de pagar mais para a arroba.\u201d<\/p>\n<p>Segundo ele, a oferta n\u00e3o est\u00e1 em \u00f3timos n\u00edveis, mas, mesmo assim, as escalas t\u00eam avan\u00e7ado porque o confinamento se mant\u00e9m com bom resultado. \u201cObservamos que nos primeiros sinais de redu\u00e7\u00e3o de escala, a ind\u00fastria oferta um pouco mais e chega pr\u00f3ximo de R$ 320, preenche suas escalas e sai novamente das compras, colocando press\u00e3o de baixa para testar o mercado\u201d, contextualiza.  <\/p>\n<p>No mercado interno, Fabbri ressalta que a expectativa at\u00e9 o fim do ano \u00e9 de um consumo moderado. \u201cNo ano, nessa \u00e9poca, tivemos elei\u00e7\u00f5es para prefeito em todo o Brasil, ou seja, havia uma inje\u00e7\u00e3o de capital extra no mercado brasileiro\u201d. <\/p>\n<p>Assim, sem o componente eleitoral, que coloca mais press\u00e3o de demanda artificial no mercado, o que resta s\u00e3o as comemora\u00e7\u00f5es de final de ano e dos empregos tempor\u00e1rios que fazem mais renda circular. \u201cAl\u00e9m disso, neste ano, em nossa vis\u00e3o, h\u00e1 uma competitividade mais apertada com o frango. Em suma, todos estes elementos acabam se tornando limitadores de vi\u00e9s de alta\u201d, conclui.   <\/p>\n<h2 class=\"wp-block-heading\" id=\"h-variacao-de-precos-do-boi-na-semana\">Varia\u00e7\u00e3o de pre\u00e7os do boi na semana<\/h2>\n<p>Acompanhe como os pre\u00e7os do boi gordo fecharam ontem (12) e como estavam na sexta-feira da semana passada (5):<\/p>\n<ul class=\"wp-block-list\">\n<li><strong>S\u00e3o Paulo:<\/strong> R$ 308,58 \u2014 no dia 5 de setembro: R$ 311,42 (-0,9%)<\/li>\n<li><strong>Goi\u00e1s: <\/strong>R$ 295,36 \u2014 R$ 303,57 (-2,7%)<\/li>\n<li><strong>Minas Gerais: <\/strong>R$ 292,94 \u2014 R$ 298,24 (-1,7%)<\/li>\n<li><strong>Mato Grosso do Sul: <\/strong>R$ 321,02 \u2014 R$ 319,89 (+0,3%)<\/li>\n<li><strong>Mato Grosso:<\/strong> R$ 301,89 \u2014 R$ 309,66 (-2,5%)<\/li>\n<\/ul>\n<h2 class=\"wp-block-heading\" id=\"h-exportacao-de-carne-bovina\">Exporta\u00e7\u00e3o de carne bovina<\/h2>\n<figure class=\"wp-block-image size-large\"><img fetchpriority=\"high\" decoding=\"async\" width=\"640\" height=\"427\" alt=\"carne bovina - autoembargo\" class=\"wp-image-2730615\" src=\"https:\/\/agromt.news\/wp-content\/uploads\/2024\/09\/Oferta-restrita-eleva-precos-da-arroba-do-boi-confira.jpg\"\/><img decoding=\"async\" width=\"640\" height=\"427\" src=\"https:\/\/agromt.news\/wp-content\/uploads\/2024\/09\/Oferta-restrita-eleva-precos-da-arroba-do-boi-confira.jpg\" alt=\"carne bovina - autoembargo\" class=\"wp-image-2730615\"\/><figcaption class=\"wp-element-caption\">Foto: Abiec<\/figcaption><\/figure>\n<p>As exporta\u00e7\u00f5es de carne bovina fresca, congelada ou refrigerada do Brasil renderam US$ 435,206 milh\u00f5es em setembro at\u00e9 o momento (5 dias \u00fateis), com m\u00e9dia di\u00e1ria de US$ 87,041 milh\u00f5es, conforme a Secretaria de Com\u00e9rcio Exterior <strong><a href=\"https:\/\/www.canalrural.com.br\/tag\/secex\/\">(Secex)<\/a><\/strong>. <\/p>\n<p>A quantidade total exportada pelo pa\u00eds chegou a 78,338 mil toneladas, com m\u00e9dia di\u00e1ria de 15,667 mil toneladas. O pre\u00e7o m\u00e9dio da tonelada ficou em US$ 5.555,40.<\/p>\n<p>Em rela\u00e7\u00e3o a setembro de 2024, houve alta de <strong>60,9%<\/strong> no valor m\u00e9dio di\u00e1rio da exporta\u00e7\u00e3o, ganho de <strong>30,8%<\/strong> na quantidade m\u00e9dia di\u00e1ria exportada e avan\u00e7o de <strong>23,1%<\/strong> no pre\u00e7o m\u00e9dio. <\/p>\n<p><em>Com informa\u00e7\u00f5es da Safras News<\/em><\/p>\n<\/p><\/div>\n<p><br \/>\n<br \/><a href=\"https:\/\/www.canalrural.com.br\/pecuaria\/semana-foi-de-queda-para-a-arroba-do-boi-o-que-esperar-ate-o-fim-do-mes\/\">Source link <\/a><\/p>\n","protected":false},"excerpt":{"rendered":"<p>O mercado f\u00edsico do boi registrou pre\u00e7os mais baixos ao longo da segunda semana de setembro. De acordo com o<\/p>\n","protected":false},"author":1,"featured_media":2033,"comment_status":"open","ping_status":"open","sticky":false,"template":"","format":"standard","meta":{"_monsterinsights_skip_tracking":false,"_monsterinsights_sitenote_active":false,"_monsterinsights_sitenote_note":"","_monsterinsights_sitenote_category":0,"_uf_show_specific_survey":0,"_uf_disable_surveys":false,"footnotes":""},"categories":[1],"tags":[],"class_list":["post-20142","post","type-post","status-publish","format-standard","has-post-thumbnail","hentry","category-news"],"_links":{"self":[{"href":"https:\/\/agromt.news\/index.php?rest_route=\/wp\/v2\/posts\/20142"}],"collection":[{"href":"https:\/\/agromt.news\/index.php?rest_route=\/wp\/v2\/posts"}],"about":[{"href":"https:\/\/agromt.news\/index.php?rest_route=\/wp\/v2\/types\/post"}],"author":[{"embeddable":true,"href":"https:\/\/agromt.news\/index.php?rest_route=\/wp\/v2\/users\/1"}],"replies":[{"embeddable":true,"href":"https:\/\/agromt.news\/index.php?rest_route=%2Fwp%2Fv2%2Fcomments&post=20142"}],"version-history":[{"count":0,"href":"https:\/\/agromt.news\/index.php?rest_route=\/wp\/v2\/posts\/20142\/revisions"}],"wp:featuredmedia":[{"embeddable":true,"href":"https:\/\/agromt.news\/index.php?rest_route=\/wp\/v2\/media\/2033"}],"wp:attachment":[{"href":"https:\/\/agromt.news\/index.php?rest_route=%2Fwp%2Fv2%2Fmedia&parent=20142"}],"wp:term":[{"taxonomy":"category","embeddable":true,"href":"https:\/\/agromt.news\/index.php?rest_route=%2Fwp%2Fv2%2Fcategories&post=20142"},{"taxonomy":"post_tag","embeddable":true,"href":"https:\/\/agromt.news\/index.php?rest_route=%2Fwp%2Fv2%2Ftags&post=20142"}],"curies":[{"name":"wp","href":"https:\/\/api.w.org\/{rel}","templated":true}]}}