{"id":20139,"date":"2025-09-13T16:31:59","date_gmt":"2025-09-13T20:31:59","guid":{"rendered":"https:\/\/agromt.news\/?p=20139"},"modified":"2025-09-13T16:31:59","modified_gmt":"2025-09-13T20:31:59","slug":"apenas-69-das-lavouras-de-cafe-no-brasil-tem-acesso-a-internet","status":"publish","type":"post","link":"https:\/\/agromt.news\/?p=20139","title":{"rendered":"Apenas 69% das lavouras de caf\u00e9 no Brasil t\u00eam acesso \u00e0 internet"},"content":{"rendered":"<p> <br \/>\n<br \/><img decoding=\"async\" src=\"https:\/\/agromt.news\/wp-content\/uploads\/2025\/06\/cotacoes-operam-nas-menores-medias-do-ano.png\" \/><\/p>\n<div>\n<p>O Brasil \u00e9 o maior produtor e exportador mundial de caf\u00e9, respons\u00e1vel por aproximadamente um ter\u00e7o da produ\u00e7\u00e3o global, e deve colher em 2025 uma safra estimada em 55,7 milh\u00f5es de sacas de 60 kg, de acordo com a Companhia Nacional de Abastecimento (<a href=\"https:\/\/www.canalrural.com.br\/tag\/conab\/\">Conab<\/a>), um crescimento de 2,7% em rela\u00e7\u00e3o ao ano anterior. <\/p>\n<p>Diante desse cen\u00e1rio, a conectividade surge como um elemento estrat\u00e9gico para garantir que a cafeicultura nacional siga competitiva, sustent\u00e1vel e preparada para atender \u00e0s crescentes exig\u00eancias dos mercados consumidores.<\/p>\n<p>A ConectarAGRO, associa\u00e7\u00e3o que visa fomentar a expans\u00e3o do acesso \u00e0 internet, em parceria com a Universidade Federal de Vi\u00e7osa (<a href=\"https:\/\/www.canalrural.com.br\/tag\/ufv\/\">UFV<\/a>), realizou um levantamento in\u00e9dito sobre a presen\u00e7a da internet 4G e 5G nas lavouras brasileiras, cruzando dados de produ\u00e7\u00e3o com cobertura digital. <\/p>\n<p>O estudo mostra que, dos 1,27 milh\u00e3o de hectares cultivados com caf\u00e9 no Brasil, 69% possuem acesso a redes m\u00f3veis, um avan\u00e7o expressivo, mas que tamb\u00e9m revela desigualdades marcantes entre estados e munic\u00edpios.<\/p>\n<h2 class=\"wp-block-heading\" id=\"h-disparidade-regional\">Disparidade regional<\/h2>\n<p>Os dados apontam que Paran\u00e1 (81,8%), Esp\u00edrito Santo (79,5%) e S\u00e3o Paulo (76,3%) lideram em conectividade, estando mais bem posicionados para adotar tecnologias como agricultura de precis\u00e3o, monitoramento remoto e ferramentas de rastreabilidade. <\/p>\n<p>O Esp\u00edrito Santo, por exemplo, alia sua elevada cobertura digital \u00e0 for\u00e7a da produ\u00e7\u00e3o de conilon no norte do estado e de ar\u00e1bica nas montanhas, alcan\u00e7ando tamb\u00e9m a maior produtividade m\u00e9dia entre os principais estados produtores (32,03 sc\/ha). <\/p>\n<p>J\u00e1 S\u00e3o Paulo, ber\u00e7o hist\u00f3rico do caf\u00e9 no pa\u00eds, mant\u00e9m relev\u00e2ncia por meio de regi\u00f5es como a Mogiana e Alta Mogiana, onde a tecnologia e a conectividade t\u00eam impulsionado a qualidade dos gr\u00e3os. O Paran\u00e1, apesar de ter perdido espa\u00e7o em volume desde as geadas dos anos 1970, hoje se reinventa com caf\u00e9s especiais, apoiados por um \u00edndice de conectividade exemplar.<\/p>\n<p>Minas Gerais, maior produtor do pa\u00eds, ocupa posi\u00e7\u00e3o intermedi\u00e1ria: s\u00e3o 886 mil hectares de caf\u00e9, dos quais 67,8% est\u00e3o conectados. <\/p>\n<p>\u201cO dado, que \u00e0 primeira vista parece robusto, esconde os desafios do estado, cuja produ\u00e7\u00e3o \u00e9 marcada por topografia montanhosa, grande dispers\u00e3o territorial e predomin\u00e2ncia de pequenas propriedades, o que dificulta a universaliza\u00e7\u00e3o da cobertura digital mesmo em regi\u00f5es de forte tradi\u00e7\u00e3o cafeeira, como Sul de Minas e Matas de Minas\u201d, explica a presidente da ConectarAGRO, Paola Campiello.<\/p>\n<p>Em contrapartida, Bahia (40,7%) e Goi\u00e1s (10,5%) registram os piores \u00edndices de conex\u00e3o, cen\u00e1rio que dificulta a inser\u00e7\u00e3o plena de suas lavouras na chamada agricultura 4.0. <\/p>\n<p>A Bahia, embora apresente produtividade relativamente elevada (25,43 sc\/ha), sofre com a dist\u00e2ncia entre \u00e1reas produtivas e centros urbanos, al\u00e9m da limita\u00e7\u00e3o digital em regi\u00f5es como o Oeste Baiano e a Chapada Diamantina. <\/p>\n<p>Goi\u00e1s, com apenas 10,5% das lavouras conectadas, mostra a maior lacuna tecnol\u00f3gica, evidenciando a urg\u00eancia de investimentos em infraestrutura.<\/p>\n<h2 class=\"wp-block-heading\" id=\"h-analise-municipal\"><strong>An\u00e1lise municipal<\/strong><\/h2>\n<p>Entre os dez munic\u00edpios com maiores \u00e1reas de caf\u00e9 plantada, todos localizados em Minas Gerais, h\u00e1 cen\u00e1rios distintos: <\/p>\n<ul class=\"wp-block-list\">\n<li>Patroc\u00ednio possui a maior \u00e1rea cultivada (44,5 mil ha) e registra 57,9% de conectividade;<\/li>\n<li>Monte Carmelo alcan\u00e7a 81,9% de cobertura e produtividade m\u00e9dia de 42 sc\/ha;<\/li>\n<li>Serra do Salitre, com 16,7 mil ha, conecta apenas 23% de suas lavouras.<\/li>\n<\/ul>\n<p>O resultado ilustra como a aus\u00eancia de infraestrutura digital pode limitar o potencial produtivo mesmo em regi\u00f5es de alta aptid\u00e3o agr\u00edcola.<\/p>\n<h2 class=\"wp-block-heading\" id=\"h-presenca-digital\">Presen\u00e7a digital<\/h2>\n<p>O estudo mostra que a conectividade deixou de ser apenas um diferencial competitivo e passou a ser condi\u00e7\u00e3o essencial para o desenvolvimento da cafeicultura. <\/p>\n<p>A presen\u00e7a de internet no campo viabiliza desde o uso de sensores de monitoramento clim\u00e1tico e sistemas de irriga\u00e7\u00e3o inteligentes at\u00e9 plataformas de rastreabilidade e certifica\u00e7\u00f5es de origem, cada vez mais exigidas por mercados internacionais, como o europeu. <\/p>\n<p>Os estados e munic\u00edpios mais conectados j\u00e1 colhem ganhos em efici\u00eancia, sustentabilidade e qualidade, enquanto regi\u00f5es ainda desconectadas enfrentam riscos de estagna\u00e7\u00e3o tecnol\u00f3gica e perda de competitividade.<\/p>\n<p>\u201cA conectividade representa inclus\u00e3o social, seguran\u00e7a alimentar e soberania tecnol\u00f3gica. Garantir acesso digital nas lavouras \u00e9 assegurar que o caf\u00e9 brasileiro continue sendo refer\u00eancia mundial em qualidade, inova\u00e7\u00e3o e sustentabilidade, em um mercado cada vez mais exigente\u201d, conclui Campiello.<\/p>\n<\/p><\/div>\n<p><br \/>\n<br \/><a href=\"https:\/\/www.canalrural.com.br\/agricultura\/apenas-69-das-lavouras-de-cafe-no-brasil-tem-acesso-a-internet\/\">Source link <\/a><\/p>\n","protected":false},"excerpt":{"rendered":"<p>O Brasil \u00e9 o maior produtor e exportador mundial de caf\u00e9, respons\u00e1vel por aproximadamente um ter\u00e7o da produ\u00e7\u00e3o global, e<\/p>\n","protected":false},"author":1,"featured_media":15578,"comment_status":"open","ping_status":"open","sticky":false,"template":"","format":"standard","meta":{"_monsterinsights_skip_tracking":false,"_monsterinsights_sitenote_active":false,"_monsterinsights_sitenote_note":"","_monsterinsights_sitenote_category":0,"_uf_show_specific_survey":0,"_uf_disable_surveys":false,"footnotes":""},"categories":[1],"tags":[],"class_list":["post-20139","post","type-post","status-publish","format-standard","has-post-thumbnail","hentry","category-news"],"_links":{"self":[{"href":"https:\/\/agromt.news\/index.php?rest_route=\/wp\/v2\/posts\/20139"}],"collection":[{"href":"https:\/\/agromt.news\/index.php?rest_route=\/wp\/v2\/posts"}],"about":[{"href":"https:\/\/agromt.news\/index.php?rest_route=\/wp\/v2\/types\/post"}],"author":[{"embeddable":true,"href":"https:\/\/agromt.news\/index.php?rest_route=\/wp\/v2\/users\/1"}],"replies":[{"embeddable":true,"href":"https:\/\/agromt.news\/index.php?rest_route=%2Fwp%2Fv2%2Fcomments&post=20139"}],"version-history":[{"count":0,"href":"https:\/\/agromt.news\/index.php?rest_route=\/wp\/v2\/posts\/20139\/revisions"}],"wp:featuredmedia":[{"embeddable":true,"href":"https:\/\/agromt.news\/index.php?rest_route=\/wp\/v2\/media\/15578"}],"wp:attachment":[{"href":"https:\/\/agromt.news\/index.php?rest_route=%2Fwp%2Fv2%2Fmedia&parent=20139"}],"wp:term":[{"taxonomy":"category","embeddable":true,"href":"https:\/\/agromt.news\/index.php?rest_route=%2Fwp%2Fv2%2Fcategories&post=20139"},{"taxonomy":"post_tag","embeddable":true,"href":"https:\/\/agromt.news\/index.php?rest_route=%2Fwp%2Fv2%2Ftags&post=20139"}],"curies":[{"name":"wp","href":"https:\/\/api.w.org\/{rel}","templated":true}]}}