{"id":20132,"date":"2025-09-13T13:16:43","date_gmt":"2025-09-13T17:16:43","guid":{"rendered":"https:\/\/agromt.news\/?p=20132"},"modified":"2025-09-13T13:16:43","modified_gmt":"2025-09-13T17:16:43","slug":"a-voz-de-lideres-conscientes-para-o-agroconsciente","status":"publish","type":"post","link":"https:\/\/agromt.news\/?p=20132","title":{"rendered":"A voz de l\u00edderes conscientes para o agroconsciente"},"content":{"rendered":"<p> <br \/>\n<\/p>\n<div>\n<p>Semana passada dois especialistas, competentes e s\u00e1bios do ecossistema do complexo do agroneg\u00f3cio brasileiro, tiveram uma converg\u00eancia important\u00edssima com a mesma vis\u00e3o. <\/p>\n<p>Roberto Rodrigues, que j\u00e1 foi ministro, \u00e9 professor em\u00e9rito da Funda\u00e7\u00e3o Get\u00falio Vargas (FGV), indicado agr\u00edcola para a <strong><a href=\"https:\/\/www.canalrural.com.br\/tag\/cop30\/\">COP30<\/a><\/strong>, presidiu a Alian\u00e7a Internacional do Cooperativismo, uma s\u00e9rie de feitos e fatos, e ele disse: \u201cprecisamos de um planejamento estrat\u00e9gico\u201d.<\/p>\n<p>Ele colocou \u00e0 disposi\u00e7\u00e3o a FGV para a elabora\u00e7\u00e3o de um Plano Agro 50 com tudo que \u00e9 necess\u00e1rio olharmos sobre o ponto de vista competitivo e estrutural do antes, dentro e p\u00f3s-porteira das fazendas para o desenvolvimento estrat\u00e9gico deste complexo de alimento e energia e meio ambiente que significa algo vital para a vida do planeta: planejamento estrat\u00e9gico.<\/p>\n<p>E outro competente e s\u00e1bio, o embaixador Rubens Barbosa, que j\u00e1 foi embaixador do Brasil nos Estados Unidos convivendo com dois governos opostos, um democr\u00e1tico e um republicano, Clinton e Bush, e no Brasil convivendo tamb\u00e9m com uma passagem do governo Fernando Henrique para Lula e que trouxe uma vis\u00e3o muito similar de Roberto Rodrigues. <\/p>\n<p>Ele disse: \u201cn\u00e3o temos uma estrat\u00e9gia\u201d, ou seja, nos falta uma estrat\u00e9gia sob o ponto de vista diplom\u00e1tico, e neste momento do tarifa\u00e7o, da guerra comercial de Donald Trump, ele enfatiza a import\u00e2ncia de uma estrat\u00e9gia brasileira, n\u00e3o s\u00f3 nos Estados Unidos, mas acentuando o quanto n\u00f3s devemos e precisar\u00edamos de todos os esfor\u00e7os para assinarmos o documento e o acordo com a Uni\u00e3o Europeia, porque com a UE ficamos numa posi\u00e7\u00e3o de centro do mundo para trabalhar as suas extremidades, tanto de um lado quanto do outro.<\/p>\n<p>Rubens Barbosa afirmou recentemente em encontro do Conselho Superior do Agroneg\u00f3cio (Cosag), da Fiesp, que nos falta uma estrat\u00e9gia e comunica\u00e7\u00e3o, divulga\u00e7\u00e3o, da mesma forma que Roberto Rodrigues sempre tem enfatizado a necessidade de uma estrat\u00e9gia que envolva obrigatoriamente comunica\u00e7\u00e3o. Assim, neste pronunciamento \u00faltimo, o embaixador Rubens Barbosa, sobre o momento em que estamos vivendo, ele fez uma coloca\u00e7\u00e3o que foi aplaudida por todos dizendo: \u201cpresidente Lula, telefone para o Trump, se ele n\u00e3o atender, chame a imprensa para que o mundo todo saiba que voc\u00ea telefonou e ele n\u00e3o atendeu\u201d.<\/p>\n<p>Portanto, eu quero abrir essa semana do nosso agroconsciente com a vis\u00e3o estrat\u00e9gica destes dois brasileiros que s\u00e3o competentes e que t\u00eam suas vidas como prova de trabalhos fundamentais. Ambos enfatizam: \u201cplanejamento estrat\u00e9gico do pa\u00eds e divulga\u00e7\u00e3o, comunica\u00e7\u00e3o competente n\u00e3o s\u00f3 para os brasileiros, mas para o mundo inteiro.\u201d <\/p>\n<p>Um plano pensar Brasil neste momento de polariza\u00e7\u00e3o, de guerras, de \u00f3dios, de riscos internacionais. \u00c9 um momento especial para pensarmos no Brasil. Parab\u00e9ns a Roberto Rodrigues e ao embaixador Rubens Barbosa e que vozes de l\u00edderes como esses possam ecoar e inspirar a todos n\u00f3s! Agroconsciente, mentes conscientes!<\/p>\n<div class=\"wp-block-media-text is-stacked-on-mobile\">\n<figure class=\"wp-block-media-text__media\"><img fetchpriority=\"high\" decoding=\"async\" width=\"982\" height=\"1024\" alt=\"Jos\u00e9 Tejon\" class=\"wp-image-4103023 size-full\"  data-lazy- src=\"https:\/\/agromt.news\/wp-content\/uploads\/2025\/05\/Antes-e-pos-porteira-das-fazendas-crescem-no-primeiro-trimestre-do.png\"\/><img decoding=\"async\" width=\"982\" height=\"1024\" src=\"https:\/\/agromt.news\/wp-content\/uploads\/2025\/05\/Antes-e-pos-porteira-das-fazendas-crescem-no-primeiro-trimestre-do.png\" alt=\"Jos\u00e9 Tejon\" class=\"wp-image-4103023 size-full\"  \/><\/figure>\n<div class=\"wp-block-media-text__content\">\n<p>*Jos\u00e9<strong>\u00a0Luiz\u00a0Tejon<\/strong><em>\u00a0\u00e9\u00a0jornalista e publicit\u00e1rio,\u00a0doutor em Educa\u00e7\u00e3o pela Universidad de La Empresa\/Uruguai e mestre em Educa\u00e7\u00e3o Arte e Hist\u00f3ria da Cultura pela Universidade Mackenzie.<\/em><\/p>\n<\/div>\n<\/div>\n<hr class=\"wp-block-separator has-alpha-channel-opacity\"\/>\n<p><em>O\u00a0<strong>Canal Rural<\/strong>\u00a0n\u00e3o se responsabiliza pelas opini\u00f5es e conceitos emitidos nos textos desta sess\u00e3o, sendo os conte\u00fados de inteira responsabilidade de seus autores. A empresa se reserva o direito de fazer ajustes no texto para adequa\u00e7\u00e3o \u00e0s normas de publica\u00e7\u00e3o.<\/em><\/p>\n<\/p><\/div>\n<p><br \/>\n<br \/><a href=\"https:\/\/www.canalrural.com.br\/opiniao-noticias\/a-voz-de-lideres-conscientes-para-o-agroconsciente\/\">Source link <\/a><\/p>\n","protected":false},"excerpt":{"rendered":"<p>Semana passada dois especialistas, competentes e s\u00e1bios do ecossistema do complexo do agroneg\u00f3cio brasileiro, tiveram uma converg\u00eancia important\u00edssima com a<\/p>\n","protected":false},"author":1,"featured_media":20133,"comment_status":"open","ping_status":"open","sticky":false,"template":"","format":"standard","meta":{"_monsterinsights_skip_tracking":false,"_monsterinsights_sitenote_active":false,"_monsterinsights_sitenote_note":"","_monsterinsights_sitenote_category":0,"_uf_show_specific_survey":0,"_uf_disable_surveys":false,"footnotes":""},"categories":[1],"tags":[],"class_list":["post-20132","post","type-post","status-publish","format-standard","has-post-thumbnail","hentry","category-news"],"_links":{"self":[{"href":"https:\/\/agromt.news\/index.php?rest_route=\/wp\/v2\/posts\/20132"}],"collection":[{"href":"https:\/\/agromt.news\/index.php?rest_route=\/wp\/v2\/posts"}],"about":[{"href":"https:\/\/agromt.news\/index.php?rest_route=\/wp\/v2\/types\/post"}],"author":[{"embeddable":true,"href":"https:\/\/agromt.news\/index.php?rest_route=\/wp\/v2\/users\/1"}],"replies":[{"embeddable":true,"href":"https:\/\/agromt.news\/index.php?rest_route=%2Fwp%2Fv2%2Fcomments&post=20132"}],"version-history":[{"count":0,"href":"https:\/\/agromt.news\/index.php?rest_route=\/wp\/v2\/posts\/20132\/revisions"}],"wp:featuredmedia":[{"embeddable":true,"href":"https:\/\/agromt.news\/index.php?rest_route=\/wp\/v2\/media\/20133"}],"wp:attachment":[{"href":"https:\/\/agromt.news\/index.php?rest_route=%2Fwp%2Fv2%2Fmedia&parent=20132"}],"wp:term":[{"taxonomy":"category","embeddable":true,"href":"https:\/\/agromt.news\/index.php?rest_route=%2Fwp%2Fv2%2Fcategories&post=20132"},{"taxonomy":"post_tag","embeddable":true,"href":"https:\/\/agromt.news\/index.php?rest_route=%2Fwp%2Fv2%2Ftags&post=20132"}],"curies":[{"name":"wp","href":"https:\/\/api.w.org\/{rel}","templated":true}]}}