{"id":20127,"date":"2025-09-13T12:47:22","date_gmt":"2025-09-13T16:47:22","guid":{"rendered":"https:\/\/agromt.news\/?p=20127"},"modified":"2025-09-13T12:47:22","modified_gmt":"2025-09-13T16:47:22","slug":"pesquisadores-da-unesp-descobrem-uma-nova-especie-de-peixe","status":"publish","type":"post","link":"https:\/\/agromt.news\/?p=20127","title":{"rendered":"Pesquisadores da Unesp descobrem uma nova esp\u00e9cie de peixe"},"content":{"rendered":"<p> <br \/>\n<br \/><img decoding=\"async\" src=\"https:\/\/agromt.news\/wp-content\/uploads\/2025\/09\/Pesquisadores-da-Unesp-descobrem-uma-nova-especie-de-peixe.jpg\" \/><\/p>\n<div>\n<p>Um grupo de pesquisadores do Instituto de Bioci\u00eancias de Botucatu da Universidade Estadual Paulista (IBB-Unesp) descobriu uma nova esp\u00e9cie de bagre que recebeu o nome cient\u00edfico de Imparfinis arceae. \u00c9 um pequeno representante dos bagres e end\u00eamico da bacia do rio Xingu, adicionando mais um elemento \u00e0 rica biodiversidade latino-americana.<\/p>\n<p>No trabalho, que contou com apoio da Fapesp, o grupo descreve as caracter\u00edsticas morfol\u00f3gicas, relacionadas \u00e0 apar\u00eancia, e gen\u00e9ticas dos exemplares encontrados, evidenciando as diferen\u00e7as existentes entre outras esp\u00e9cies do g\u00eanero Imparfinis e tamb\u00e9m o grau de proximidade da nova esp\u00e9cie com as outras conhecidas.<\/p>\n<p>A primeira caracter\u00edstica que chamou a aten\u00e7\u00e3o dos pesquisadores para a possibilidade de se tratar de uma esp\u00e9cie ainda n\u00e3o descoberta \u00e9 uma faixa preta presente em toda a lateral do peixe.<\/p>\n<p>\u201cExistem algumas esp\u00e9cies de bagres que apresentam essa faixa lateral escura, mas elas n\u00e3o s\u00e3o t\u00e3o amplas como essa, o que despertou nossa desconfian\u00e7a\u201d, contou Gabriel de Souza da Costa e Silva, l\u00edder da pesquisa e doutorando da Unesp<\/p>\n<p>Segundo o pesquisador, a busca por novas esp\u00e9cies n\u00e3o \u00e9 linear e nunca \u00e9 poss\u00edvel prever o que ser\u00e1 encontrado. Por isso, o primeiro sinal, para um olhar mais cuidadoso, s\u00e3o sempre as caracter\u00edsticas f\u00edsicas: um padr\u00e3o diferente, uma colora\u00e7\u00e3o que varia, o formato da cauda que \u00e9 levemente distinto dos demais. A partir disso \u00e9 que os pesquisadores ir\u00e3o aprofundar, ou n\u00e3o, a investiga\u00e7\u00e3o.<\/p>\n<h2 class=\"wp-block-heading\" id=\"h-analise-morfologica-detalha-diferencas-fisicas\">An\u00e1lise morfol\u00f3gica detalha diferen\u00e7as f\u00edsicas<\/h2>\n<p>Com a suspeita de uma nova esp\u00e9cie, o grupo realizou uma an\u00e1lise morfol\u00f3gica na qual foram coletadas diversas informa\u00e7\u00f5es f\u00edsicas dos 20 indiv\u00edduos: padr\u00f5es de colora\u00e7\u00e3o, n\u00famero de v\u00e9rtebras, comprimento, di\u00e2metro dos olhos, tamanho da cabe\u00e7a etc.<\/p>\n<p>Esse primeiro passo permitiu demarcar algumas diferen\u00e7as em rela\u00e7\u00e3o \u00e0 esp\u00e9cie Imparfinis hasemani, que tamb\u00e9m conta com uma faixa escura lateral e que poderia levar a confundir um exemplar com outro. Al\u00e9m dos padr\u00f5es das faixas apresentarem tamanhos distintos, outras diferen\u00e7as emergiram: a I. arceae possui 39 v\u00e9rtebras, enquanto a I. hasemani conta com 40; os olhos da nova esp\u00e9cie tamb\u00e9m s\u00e3o menores e, al\u00e9m disso, o comprimento da cabe\u00e7a \u00e9 maior.<\/p>\n<p>Combinado com as an\u00e1lises morfol\u00f3gicas, o grupo realizou, tamb\u00e9m, an\u00e1lises gen\u00e9ticas para conseguir um detalhamento maior das caracter\u00edsticas do animal. \u201cN\u00f3s fizemos um sequenciamento de um fragmento de DNA das diferentes esp\u00e9cies, o que permite a compara\u00e7\u00e3o dos DNAs entre si\u201d, explicou Silva. Isso faz parte de um ramo chamado de taxonomia integrativa, que combina dados morfol\u00f3gicos e moleculares para entender melhor a hist\u00f3ria evolutiva e a classifica\u00e7\u00e3o de organismos que est\u00e3o sendo estudados.<\/p>\n<p>Ao obter e comparar as sequ\u00eancias dos diferentes peixes, os pesquisadores puderam comprovar que, al\u00e9m de compartilharem um c\u00f3digo gen\u00e9tico semelhante, os exemplares estudados apresentavam mais de 6% de diverg\u00eancia gen\u00e9tica em rela\u00e7\u00e3o a outras esp\u00e9cies do g\u00eanero Imparfinis. \u201cIsso evidenciou o fato de que esses animais correspondem a uma nova esp\u00e9cie\u201d, afirmou o pesquisador.<\/p>\n<\/p><\/div>\n<p><br \/>\n<br \/><a href=\"https:\/\/www.canalrural.com.br\/diversos\/pesquisadores-da-unesp-descobrem-uma-nova-especie-de-peixe\/\">Source link <\/a><\/p>\n","protected":false},"excerpt":{"rendered":"<p>Um grupo de pesquisadores do Instituto de Bioci\u00eancias de Botucatu da Universidade Estadual Paulista (IBB-Unesp) descobriu uma nova esp\u00e9cie de<\/p>\n","protected":false},"author":1,"featured_media":20128,"comment_status":"open","ping_status":"open","sticky":false,"template":"","format":"standard","meta":{"_monsterinsights_skip_tracking":false,"_monsterinsights_sitenote_active":false,"_monsterinsights_sitenote_note":"","_monsterinsights_sitenote_category":0,"_uf_show_specific_survey":0,"_uf_disable_surveys":false,"footnotes":""},"categories":[1],"tags":[],"class_list":["post-20127","post","type-post","status-publish","format-standard","has-post-thumbnail","hentry","category-news"],"_links":{"self":[{"href":"https:\/\/agromt.news\/index.php?rest_route=\/wp\/v2\/posts\/20127"}],"collection":[{"href":"https:\/\/agromt.news\/index.php?rest_route=\/wp\/v2\/posts"}],"about":[{"href":"https:\/\/agromt.news\/index.php?rest_route=\/wp\/v2\/types\/post"}],"author":[{"embeddable":true,"href":"https:\/\/agromt.news\/index.php?rest_route=\/wp\/v2\/users\/1"}],"replies":[{"embeddable":true,"href":"https:\/\/agromt.news\/index.php?rest_route=%2Fwp%2Fv2%2Fcomments&post=20127"}],"version-history":[{"count":0,"href":"https:\/\/agromt.news\/index.php?rest_route=\/wp\/v2\/posts\/20127\/revisions"}],"wp:featuredmedia":[{"embeddable":true,"href":"https:\/\/agromt.news\/index.php?rest_route=\/wp\/v2\/media\/20128"}],"wp:attachment":[{"href":"https:\/\/agromt.news\/index.php?rest_route=%2Fwp%2Fv2%2Fmedia&parent=20127"}],"wp:term":[{"taxonomy":"category","embeddable":true,"href":"https:\/\/agromt.news\/index.php?rest_route=%2Fwp%2Fv2%2Fcategories&post=20127"},{"taxonomy":"post_tag","embeddable":true,"href":"https:\/\/agromt.news\/index.php?rest_route=%2Fwp%2Fv2%2Ftags&post=20127"}],"curies":[{"name":"wp","href":"https:\/\/api.w.org\/{rel}","templated":true}]}}