{"id":20123,"date":"2025-09-13T11:11:57","date_gmt":"2025-09-13T15:11:57","guid":{"rendered":"https:\/\/agromt.news\/?p=20123"},"modified":"2025-09-13T11:11:57","modified_gmt":"2025-09-13T15:11:57","slug":"sao-paulo-amplia-linhas-de-credito-para-o-agronegocio","status":"publish","type":"post","link":"https:\/\/agromt.news\/?p=20123","title":{"rendered":"S\u00e3o Paulo amplia linhas de cr\u00e9dito para o agroneg\u00f3cio"},"content":{"rendered":"<p> <br \/>\n<\/p>\n<div>\n<div class=\"row\">\n<div class=\"col-lg col-infos mt-0 mt-lg-0\">\n<div class=\"section-sub-title\">\n<p itemprop=\"description\">&#13;<br \/>\n                                O FEAP \u00e9 um dos principais instrumentos de financiamento do agroneg\u00f3cio paulista&#13;\n                            <\/p>\n<\/p><\/div>\n<div class=\"container\">\n<div class=\"row\">\n<div class=\"col-lg p-0\">\n<div>\n<div class=\"block-news-main-infos mt-3 text-start\">\n<p>                                            <strong class=\"fn\" itemprop=\"author\" style=\"color: rgb(112, 112, 112); \">&#13;<br \/>\n                                                <a href=\"https:\/\/www.agrolink.com.br\/noticias\/javascript:;\" class=\"text-uppercase\" target=\"_blank\" style=\"color: rgb(112, 112, 112); \" rel=\"noopener\">Agrolink<\/a>&#13;<br \/>\n&#13;<br \/>\n                                                    &#8211; Seane Lennon&#13;<br \/>\n&#13;<br \/>\n                                            <\/strong><br \/>\n                                        <\/p>\n<p>                                            <abbr><time datetime=\"2025 - 09 - 12T15:20\" itemprop=\"datePublished dateModified\"> Publicado em 12\/09\/2025 \u00e0s 15:20h.<\/time><\/abbr>\n                                    <\/div>\n<\/p><\/div>\n<\/p><\/div>\n<div class=\"col-lg p-0 text-lg-end\">\n<div>\n<div id=\"mdEnviarPagina\" class=\"modal fade\" role=\"dialog\">\n<div class=\"modal-dialog\">\n<div class=\"modal-content\">\n<div class=\"modal-body\">\n<p><strong>Estimado usu\u00e1rio.<\/strong><br \/>Preencha o formul\u00e1rio abaixo para remeter a p\u00e1gina.<\/p>\n<\/p><\/div>\n<\/p><\/div>\n<\/p><\/div>\n<\/div><\/div>\n<\/p><\/div>\n<\/p><\/div>\n<\/p><\/div>\n<\/p><\/div>\n<\/p><\/div>\n<div class=\"row justify-content-md-center mt-3\">\n<div class=\"col-lg-auto col-image block-news-main-image\">\n<p>                                <img decoding=\"async\" src=\"https:\/\/www.agrolink.com.br\/upload\/imagens-resizes\/ba5ede3e9b5c4cba85c62cecb41a18d5_858x483.jpg\" class=\"lazyload img-fluid\"\/><br \/>\n                                                <span class=\"publicity-photo d-block mt-1\">Foto: Canva<\/span><\/p><\/div>\n<\/p><\/div>\n<div class=\"section-description section-description-noticias mt-3\">\n<p style=\"text-align:justify\">A Secretaria de Agricultura e Abastecimento do Estado de S\u00e3o Paulo anunciou um aporte suplementar em tr\u00eas linhas de cr\u00e9dito do Fundo de Expans\u00e3o do Agroneg\u00f3cio Paulista (FEAP). A iniciativa refor\u00e7a a pol\u00edtica p\u00fablica do governo paulista de ampliar o acesso ao cr\u00e9dito, \u00e0 inova\u00e7\u00e3o e \u00e0 sustentabilidade no campo.&#13;\n<\/p>\n<p style=\"text-align:justify\">Com a delibera\u00e7\u00e3o, o valor destinado \u00e0 linha de cr\u00e9dito Desenvolvimento Rural Sustent\u00e1vel Paulista passou de R$ 20 milh\u00f5es para R$ 50 milh\u00f5es. A linha apoia projetos de energias renov\u00e1veis, agricultura irrigada, produ\u00e7\u00e3o em ambiente protegido, moderniza\u00e7\u00e3o e regulariza\u00e7\u00e3o de pequenas agroind\u00fastrias, contribuindo para gera\u00e7\u00e3o de renda e agrega\u00e7\u00e3o de valor no setor rural.<\/p>\n<p style=\"text-align:justify\">O FEAP Mulher, voltado ao incentivo da participa\u00e7\u00e3o feminina no campo, teve incremento de R$ 5 milh\u00f5es, somando R$ 15 milh\u00f5es dispon\u00edveis. J\u00e1 o FEAP Org\u00e2nicos Agro SP, que apoia a transi\u00e7\u00e3o agroecol\u00f3gica e a produ\u00e7\u00e3o de alimentos saud\u00e1veis, elevou seu or\u00e7amento de R$ 2 milh\u00f5es para R$ 3 milh\u00f5es.&#13;\n<\/p>\n<p style=\"text-align:justify\">O FEAP \u00e9 um dos principais instrumentos de financiamento do agroneg\u00f3cio paulista, com linhas de cr\u00e9dito que v\u00e3o da moderniza\u00e7\u00e3o tecnol\u00f3gica a pr\u00e1ticas sustent\u00e1veis e inclusivas. Ao direcionar recursos para projetos espec\u00edficos, como o Mulher Agro SP e os Org\u00e2nicos Agro SP, a Secretaria atende \u00e0 demanda por alimentos produzidos de forma ambientalmente respons\u00e1vel. Com o novo aporte, a expectativa \u00e9 ampliar o recurso para at\u00e9 600 produtores, fortalecendo o desenvolvimento rural.<\/p>\n<\/p><\/div>\n<\/p><\/div>\n<p><script data-cfasync=\"false\">\n    !function (f, b, e, v, n, t, s) {\n        if (f.fbq) return; n = f.fbq = function () {\n            n.callMethod ?\n                n.callMethod.apply(n, arguments) : n.queue.push(arguments)\n        };\n        if (!f._fbq) f._fbq = n; n.push = n; n.loaded = !0; n.version = '2.0';\n        n.queue = []; t = b.createElement(e); t.async = !0;\n        t.src = v; s = b.getElementsByTagName(e)[0];\n        s.parentNode.insertBefore(t, s)\n    }(window, document, 'script',\n        'https:\/\/connect.facebook.net\/en_US\/fbevents.js');\n    fbq('init', '522546078623747');\n    fbq('track', 'PageView');\n<\/script><br \/>\n<br \/><br \/>\n<br \/><a href=\"https:\/\/www.agrolink.com.br\/noticias\/sao-paulo-amplia-linhas-de-credito-para-o-agronegocio_505936.html\">Source link <\/a><\/p>\n","protected":false},"excerpt":{"rendered":"<p>&#13; O FEAP \u00e9 um dos principais instrumentos de financiamento do agroneg\u00f3cio paulista&#13; &#13; Agrolink&#13; &#13; &#8211; Seane Lennon&#13; &#13;<\/p>\n","protected":false},"author":1,"featured_media":4718,"comment_status":"open","ping_status":"open","sticky":false,"template":"","format":"standard","meta":{"_monsterinsights_skip_tracking":false,"_monsterinsights_sitenote_active":false,"_monsterinsights_sitenote_note":"","_monsterinsights_sitenote_category":0,"_uf_show_specific_survey":0,"_uf_disable_surveys":false,"footnotes":""},"categories":[8,1,14],"tags":[],"class_list":["post-20123","post","type-post","status-publish","format-standard","has-post-thumbnail","hentry","category-agro","category-news","category-politica-agro"],"_links":{"self":[{"href":"https:\/\/agromt.news\/index.php?rest_route=\/wp\/v2\/posts\/20123"}],"collection":[{"href":"https:\/\/agromt.news\/index.php?rest_route=\/wp\/v2\/posts"}],"about":[{"href":"https:\/\/agromt.news\/index.php?rest_route=\/wp\/v2\/types\/post"}],"author":[{"embeddable":true,"href":"https:\/\/agromt.news\/index.php?rest_route=\/wp\/v2\/users\/1"}],"replies":[{"embeddable":true,"href":"https:\/\/agromt.news\/index.php?rest_route=%2Fwp%2Fv2%2Fcomments&post=20123"}],"version-history":[{"count":0,"href":"https:\/\/agromt.news\/index.php?rest_route=\/wp\/v2\/posts\/20123\/revisions"}],"wp:featuredmedia":[{"embeddable":true,"href":"https:\/\/agromt.news\/index.php?rest_route=\/wp\/v2\/media\/4718"}],"wp:attachment":[{"href":"https:\/\/agromt.news\/index.php?rest_route=%2Fwp%2Fv2%2Fmedia&parent=20123"}],"wp:term":[{"taxonomy":"category","embeddable":true,"href":"https:\/\/agromt.news\/index.php?rest_route=%2Fwp%2Fv2%2Fcategories&post=20123"},{"taxonomy":"post_tag","embeddable":true,"href":"https:\/\/agromt.news\/index.php?rest_route=%2Fwp%2Fv2%2Ftags&post=20123"}],"curies":[{"name":"wp","href":"https:\/\/api.w.org\/{rel}","templated":true}]}}