{"id":20118,"date":"2025-09-13T09:15:21","date_gmt":"2025-09-13T13:15:21","guid":{"rendered":"https:\/\/agromt.news\/?p=20118"},"modified":"2025-09-13T09:15:21","modified_gmt":"2025-09-13T13:15:21","slug":"mercado-do-boi-gordo-segue-estavel","status":"publish","type":"post","link":"https:\/\/agromt.news\/?p=20118","title":{"rendered":"Mercado do boi gordo segue est\u00e1vel"},"content":{"rendered":"<p> <br \/>\n<\/p>\n<div>\n<div class=\"row\">\n<div class=\"col-lg col-infos mt-0 mt-lg-0\">\n<div class=\"section-sub-title\">\n<p itemprop=\"description\">&#13;<br \/>\n                                Compradores alongam escalas e reduzem ofertas&#13;\n                            <\/p>\n<\/p><\/div>\n<div class=\"container\">\n<div class=\"row\">\n<div class=\"col-lg p-0\">\n<div>\n<div class=\"block-news-main-infos mt-3 text-start\">\n<p>                                            <strong class=\"fn\" itemprop=\"author\" style=\"color: rgb(112, 112, 112); \">&#13;<br \/>\n                                                <a href=\"https:\/\/www.agrolink.com.br\/noticias\/javascript:;\" class=\"text-uppercase\" target=\"_blank\" style=\"color: rgb(112, 112, 112); \" rel=\"noopener\">Agrolink<\/a>&#13;<br \/>\n&#13;<br \/>\n                                                    &#8211; Seane Lennon&#13;<br \/>\n&#13;<br \/>\n                                            <\/strong><br \/>\n                                        <\/p>\n<p>                                            <abbr><time datetime=\"2025 - 09 - 12T15:43\" itemprop=\"datePublished dateModified\"> Publicado em 12\/09\/2025 \u00e0s 15:43h.<\/time><\/abbr>\n                                    <\/div>\n<\/p><\/div>\n<\/p><\/div>\n<div class=\"col-lg p-0 text-lg-end\">\n<div>\n<div id=\"mdEnviarPagina\" class=\"modal fade\" role=\"dialog\">\n<div class=\"modal-dialog\">\n<div class=\"modal-content\">\n<div class=\"modal-body\">\n<p><strong>Estimado usu\u00e1rio.<\/strong><br \/>Preencha o formul\u00e1rio abaixo para remeter a p\u00e1gina.<\/p>\n<\/p><\/div>\n<\/p><\/div>\n<\/p><\/div>\n<\/div><\/div>\n<\/p><\/div>\n<\/p><\/div>\n<\/p><\/div>\n<\/p><\/div>\n<\/p><\/div>\n<div class=\"row justify-content-md-center mt-3\">\n<div class=\"col-lg-auto col-image block-news-main-image\">\n<p>                                <img decoding=\"async\" src=\"https:\/\/www.agrolink.com.br\/upload\/imagens-resizes\/08d2a7d9d32243329bce981741e663e8_858x483.jpg\" class=\"lazyload img-fluid\"\/><br \/>\n                                                <span class=\"publicity-photo d-block mt-1\">Foto: Canva<\/span><\/p><\/div>\n<\/p><\/div>\n<div class=\"section-description section-description-noticias mt-3\">\n<p style=\"text-align:justify\">De acordo com a an\u00e1lise divulgada na sexta-feira (12) pelo informativo \u201cTem Boi na Linha\u201d, da Scot Consultoria, as cota\u00e7\u00f5es do boi gordo, da novilha e do \u201cboi China\u201d registraram quedas ao longo da segunda semana de setembro. Segundo a publica\u00e7\u00e3o, \u201ca oferta de bovinos confort\u00e1vel atendeu \u00e0 demanda com tranquilidade, permitindo que parte dos compradores alongasse suas escalas\u201d. O cen\u00e1rio desacelerou as negocia\u00e7\u00f5es e, conforme o informativo, \u201cna sexta-feira, parte da ind\u00fastria frigor\u00edfica optou por se manter fora das compras, aguardando um melhor posicionamento do mercado em rela\u00e7\u00e3o aos pre\u00e7os e ao desenrolar das vendas de carne\u201d. Entre os compradores ativos, \u201cas negocia\u00e7\u00f5es ocorreram com cautela: alguns reduziram suas ofertas, contudo, a ponta vendedora se manteve firme\u201d.&#13;\n<\/p>\n<p style=\"text-align:justify\">Dessa forma, o informativo aponta que \u201cas cota\u00e7\u00f5es de todas as categorias permaneceram est\u00e1veis na compara\u00e7\u00e3o dia a dia\u201d. As escalas de abate ficaram, em m\u00e9dia, em dez dias.<\/p>\n<p style=\"text-align:justify\">Na Bahia, \u201cembora n\u00e3o houvesse excedentes, a oferta conseguiu suprir a demanda, permitindo um alongamento das escalas\u201d. Com isso, \u201cna regi\u00e3o Oeste, a cota\u00e7\u00e3o do boi gordo recuou R$3,00\/@, enquanto a das f\u00eameas permaneceu est\u00e1vel em rela\u00e7\u00e3o ao dia anterior\u201d. Na regi\u00e3o Sul do estado, \u201cas cota\u00e7\u00f5es permaneceram est\u00e1veis para todas as categorias\u201d.&#13;\n<\/p>\n<p style=\"text-align:justify\">Em Santa Catarina, \u201ca oferta e a demanda estiveram equilibradas, o que contribuiu para que as cota\u00e7\u00f5es se mantivessem as mesmas durante toda a semana, cen\u00e1rio que se repetiu na sexta-feira\u201d, informa o \u201cTem Boi na Linha\u201d.<\/p>\n<\/p><\/div>\n<\/p><\/div>\n<p><script data-cfasync=\"false\">\n    !function (f, b, e, v, n, t, s) {\n        if (f.fbq) return; n = f.fbq = function () {\n            n.callMethod ?\n                n.callMethod.apply(n, arguments) : n.queue.push(arguments)\n        };\n        if (!f._fbq) f._fbq = n; n.push = n; n.loaded = !0; n.version = '2.0';\n        n.queue = []; t = b.createElement(e); t.async = !0;\n        t.src = v; s = b.getElementsByTagName(e)[0];\n        s.parentNode.insertBefore(t, s)\n    }(window, document, 'script',\n        'https:\/\/connect.facebook.net\/en_US\/fbevents.js');\n    fbq('init', '522546078623747');\n    fbq('track', 'PageView');\n<\/script><br \/>\n<br \/><br \/>\n<br \/><a href=\"https:\/\/www.agrolink.com.br\/noticias\/mercado-do-boi-gordo-segue-estavel_505937.html\">Source link <\/a><\/p>\n","protected":false},"excerpt":{"rendered":"<p>&#13; Compradores alongam escalas e reduzem ofertas&#13; &#13; Agrolink&#13; &#13; &#8211; Seane Lennon&#13; &#13; Publicado em 12\/09\/2025 \u00e0s 15:43h. Estimado<\/p>\n","protected":false},"author":1,"featured_media":2291,"comment_status":"open","ping_status":"open","sticky":false,"template":"","format":"standard","meta":{"_monsterinsights_skip_tracking":false,"_monsterinsights_sitenote_active":false,"_monsterinsights_sitenote_note":"","_monsterinsights_sitenote_category":0,"_uf_show_specific_survey":0,"_uf_disable_surveys":false,"footnotes":""},"categories":[8,1,14],"tags":[],"class_list":["post-20118","post","type-post","status-publish","format-standard","has-post-thumbnail","hentry","category-agro","category-news","category-politica-agro"],"_links":{"self":[{"href":"https:\/\/agromt.news\/index.php?rest_route=\/wp\/v2\/posts\/20118"}],"collection":[{"href":"https:\/\/agromt.news\/index.php?rest_route=\/wp\/v2\/posts"}],"about":[{"href":"https:\/\/agromt.news\/index.php?rest_route=\/wp\/v2\/types\/post"}],"author":[{"embeddable":true,"href":"https:\/\/agromt.news\/index.php?rest_route=\/wp\/v2\/users\/1"}],"replies":[{"embeddable":true,"href":"https:\/\/agromt.news\/index.php?rest_route=%2Fwp%2Fv2%2Fcomments&post=20118"}],"version-history":[{"count":0,"href":"https:\/\/agromt.news\/index.php?rest_route=\/wp\/v2\/posts\/20118\/revisions"}],"wp:featuredmedia":[{"embeddable":true,"href":"https:\/\/agromt.news\/index.php?rest_route=\/wp\/v2\/media\/2291"}],"wp:attachment":[{"href":"https:\/\/agromt.news\/index.php?rest_route=%2Fwp%2Fv2%2Fmedia&parent=20118"}],"wp:term":[{"taxonomy":"category","embeddable":true,"href":"https:\/\/agromt.news\/index.php?rest_route=%2Fwp%2Fv2%2Fcategories&post=20118"},{"taxonomy":"post_tag","embeddable":true,"href":"https:\/\/agromt.news\/index.php?rest_route=%2Fwp%2Fv2%2Ftags&post=20118"}],"curies":[{"name":"wp","href":"https:\/\/api.w.org\/{rel}","templated":true}]}}