{"id":20088,"date":"2025-09-12T12:51:34","date_gmt":"2025-09-12T16:51:34","guid":{"rendered":"https:\/\/agromt.news\/?p=20088"},"modified":"2025-09-12T12:51:34","modified_gmt":"2025-09-12T16:51:34","slug":"governo-define-produtos-elegiveis-para-credito-emergencial","status":"publish","type":"post","link":"https:\/\/agromt.news\/?p=20088","title":{"rendered":"Governo define produtos eleg\u00edveis para cr\u00e9dito emergencial"},"content":{"rendered":"<p> <br \/>\n<br \/><img decoding=\"async\" src=\"https:\/\/agromt.news\/wp-content\/uploads\/2025\/09\/Governo-define-produtos-elegiveis-para-credito-emergencial.jpg\" \/><\/p>\n<div>\n<p>O governo brasileiro divulgou nesta sexta-feira (12) a <a href=\"https:\/\/www.in.gov.br\/en\/web\/dou\/-\/portaria-conjunta-mdic\/mf-n-4-de-11-de-setembro-de-2025-655165580\">Portaria Conjunta MDIC\/MF n\u00ba 4<\/a>, que torna p\u00fablica a tabela de produtos afetados pelas tarifas adicionais impostas pelos Estados Unidos. Dessa forma, a medida regulamenta o acesso \u00e0 linha de cr\u00e9dito emergencial do programa Brasil Soberano, criado para reduzir os impactos do tarifa\u00e7o.<\/p>\n<p>O plano de a\u00e7\u00e3o, lan\u00e7ado em 13 de agosto, tem como objetivo proteger exportadores, preservar empregos e incentivar investimentos em setores estrat\u00e9gicos, especialmente os mais afetados pelas medidas do governo de Donald Trump. Al\u00e9m disso, o programa disponibiliza<strong> <\/strong>R$ 30 bilh\u00f5es em cr\u00e9dito via Fundo Garantidor de Exporta\u00e7\u00f5es (FGE).<\/p>\n<p>A tabela de produtos est\u00e1 dispon\u00edvel no <a href=\"https:\/\/www.gov.br\/mdic\/pt-br\/centrais-de-conteudo\/publicacoes\/brasil-soberano\">site<\/a> do Minist\u00e9rio do Desenvolvimento, Ind\u00fastria e Com\u00e9rcio (MDIC) e se divide em duas listas. A primeira entra automaticamente no c\u00e1lculo do faturamento das exporta\u00e7\u00f5es, enquanto a segunda exige que os exportadores apresentem autodeclara\u00e7\u00e3o, comprovando que suas vendas foram efetivamente atingidas pelas tarifas.<\/p>\n<h3 class=\"wp-block-heading\" id=\"h-criterios-de-acesso-a-credito\">Crit\u00e9rios de acesso a cr\u00e9dito<\/h3>\n<p>O volume dispon\u00edvel contar\u00e1 com alguns crit\u00e9rios de prioridade. Os recursos ser\u00e3o liberados primeiro para empresas que tiveram pelo menos 5% do faturamento proveniente de produtos impactados pelo tarifa\u00e7o entre julho de 2024 e junho de 2025. Para volumes menores, h\u00e1 R$ 10 bilh\u00f5es adicionais pelo Banco Nacional de Desenvolvimento Econ\u00f4mico e Social (BNDES). <\/p>\n<p>Outro ponto de aten\u00e7\u00e3o \u00e9 a situa\u00e7\u00e3o regular quanto a tributos e contribui\u00e7\u00f5es federais na Receita Federal (RFB) e na Procuradoria-Geral da Fazenda Nacional (PGFN). Segundo o governo federal, quem estiver sob regime de recupera\u00e7\u00e3o judicial ou extrajudicial, fal\u00eancia ou liquida\u00e7\u00e3o, n\u00e3o poder\u00e1 se beneficiar da medida. A exce\u00e7\u00e3o ocorre se as empresas tiverem plano de recupera\u00e7\u00e3o aprovado judicialmente.<\/p>\n<h3 class=\"wp-block-heading\" id=\"h-prazos-e-limites-de-financiamento\">Prazos e limites de financiamento<\/h3>\n<p>As linhas de cr\u00e9dito do <a href=\"https:\/\/www.canalrural.com.br\/tag\/brasil-soberano\/\">Brasil Soberano<\/a> oferecem prazos de 5 a 10 anos, com car\u00eancia de 12 a 24 meses, a depender da finalidade do financiamento. O valor m\u00e1ximo para aquisi\u00e7\u00e3o de bens de capital e investimentos \u00e9 de R$ 150 milh\u00f5es por empresa. Para capital de giro, grandes empresas podem receber at\u00e9 R$ 200 milh\u00f5es. Para m\u00e9dias, pequenas e microempresas, o limite de R$ 35 milh\u00f5es.<\/p>\n<p>O governo refor\u00e7a que os financiamentos s\u00e3o reembols\u00e1veis e que os riscos s\u00e3o assumidos pelas institui\u00e7\u00f5es financeiras, sem gerar impacto sobre o resultado prim\u00e1rio.<\/p>\n<\/p><\/div>\n<p><br \/>\n<br \/><a href=\"https:\/\/www.canalrural.com.br\/economia\/tarifaco-governo-define-produtos-elegiveis-para-credito-emergencial\/\">Source link <\/a><\/p>\n","protected":false},"excerpt":{"rendered":"<p>O governo brasileiro divulgou nesta sexta-feira (12) a Portaria Conjunta MDIC\/MF n\u00ba 4, que torna p\u00fablica a tabela de produtos<\/p>\n","protected":false},"author":1,"featured_media":20089,"comment_status":"open","ping_status":"open","sticky":false,"template":"","format":"standard","meta":{"_monsterinsights_skip_tracking":false,"_monsterinsights_sitenote_active":false,"_monsterinsights_sitenote_note":"","_monsterinsights_sitenote_category":0,"_uf_show_specific_survey":0,"_uf_disable_surveys":false,"footnotes":""},"categories":[1],"tags":[],"class_list":["post-20088","post","type-post","status-publish","format-standard","has-post-thumbnail","hentry","category-news"],"_links":{"self":[{"href":"https:\/\/agromt.news\/index.php?rest_route=\/wp\/v2\/posts\/20088"}],"collection":[{"href":"https:\/\/agromt.news\/index.php?rest_route=\/wp\/v2\/posts"}],"about":[{"href":"https:\/\/agromt.news\/index.php?rest_route=\/wp\/v2\/types\/post"}],"author":[{"embeddable":true,"href":"https:\/\/agromt.news\/index.php?rest_route=\/wp\/v2\/users\/1"}],"replies":[{"embeddable":true,"href":"https:\/\/agromt.news\/index.php?rest_route=%2Fwp%2Fv2%2Fcomments&post=20088"}],"version-history":[{"count":0,"href":"https:\/\/agromt.news\/index.php?rest_route=\/wp\/v2\/posts\/20088\/revisions"}],"wp:featuredmedia":[{"embeddable":true,"href":"https:\/\/agromt.news\/index.php?rest_route=\/wp\/v2\/media\/20089"}],"wp:attachment":[{"href":"https:\/\/agromt.news\/index.php?rest_route=%2Fwp%2Fv2%2Fmedia&parent=20088"}],"wp:term":[{"taxonomy":"category","embeddable":true,"href":"https:\/\/agromt.news\/index.php?rest_route=%2Fwp%2Fv2%2Fcategories&post=20088"},{"taxonomy":"post_tag","embeddable":true,"href":"https:\/\/agromt.news\/index.php?rest_route=%2Fwp%2Fv2%2Ftags&post=20088"}],"curies":[{"name":"wp","href":"https:\/\/api.w.org\/{rel}","templated":true}]}}