{"id":20086,"date":"2025-09-12T11:50:50","date_gmt":"2025-09-12T15:50:50","guid":{"rendered":"https:\/\/agromt.news\/?p=20086"},"modified":"2025-09-12T11:50:50","modified_gmt":"2025-09-12T15:50:50","slug":"forum-global-debate-prevencao-da-influenza-aviaria","status":"publish","type":"post","link":"https:\/\/agromt.news\/?p=20086","title":{"rendered":"F\u00f3rum global debate preven\u00e7\u00e3o da influenza avi\u00e1ria"},"content":{"rendered":"<p> <br \/>\n<\/p>\n<div>\n<p style=\"text-align:justify\">Entre os dias 9 e 11 de setembro de 2025, o Brasil sediou, em Foz do Igua\u00e7u (PR), o F\u00f3rum Internacional sobre Influenza Avi\u00e1ria de Alta Patogenicidade (IAAP), promovido pela Organiza\u00e7\u00e3o das Na\u00e7\u00f5es Unidas para a Alimenta\u00e7\u00e3o e Agricultura (FAO Am\u00e9ricas), em parceria com o Minist\u00e9rio da Agricultura e Pecu\u00e1ria (Mapa). O encontro reuniu cerca de 500 especialistas, gestores p\u00fablicos, acad\u00eamicos, representantes do setor privado e organiza\u00e7\u00f5es internacionais para discutir estrat\u00e9gias coordenadas de preven\u00e7\u00e3o e controle da doen\u00e7a, que representa uma amea\u00e7a crescente \u00e0 sa\u00fade animal, \u00e0 sa\u00fade p\u00fablica e \u00e0 sustentabilidade da produ\u00e7\u00e3o agropecu\u00e1ria.&#13;\n<\/p>\n<p style=\"text-align:justify\">Conhecida popularmente como gripe avi\u00e1ria, a IAAP \u00e9 altamente contagiosa e afeta principalmente aves, mas j\u00e1 foi detectada em 83 esp\u00e9cies de mam\u00edferos, incluindo bovinos leiteiros e animais silvestres. Desde 2020, a IAAP tem se espalhado por diversos continentes, dizimando plant\u00e9is, afetando a biodiversidade, o com\u00e9rcio internacional e a seguran\u00e7a alimentar &#8211; al\u00e9m de acender um alerta global sobre o risco de uma nova pandemia humana.<\/p>\n<p style=\"text-align:justify\">&#8220;A influenza avi\u00e1ria deixou de ser uma amea\u00e7a espor\u00e1dica e se tornou um desafio global. Nenhum pa\u00eds ou setor conseguir\u00e1 enfrentar esse desafio de forma isolada \u2014 e o fracasso n\u00e3o \u00e9 uma op\u00e7\u00e3o. A colabora\u00e7\u00e3o pr\u00e1tica, baseada na ci\u00eancia, \u00e9 essencial para proteger nossos sistemas agroalimentares, os meios de subsist\u00eancia e a sa\u00fade p\u00fablica\u201d, afirmou Beth Bechdol, diretora-geral adjunta da FAO.<\/p>\n<p style=\"text-align:justify\">O ministro da Agricultura e Pecu\u00e1ria, Carlos F\u00e1varo, ressaltou a relev\u00e2ncia da resposta integrada. \u201cEnfrentar a influenza avi\u00e1ria exige esfor\u00e7o coletivo entre pa\u00edses, setor produtivo, comunidade cient\u00edfica e organismos internacionais. Este desafio deve ser tratado com total transpar\u00eancia, s\u00f3 assim construiremos confian\u00e7a e garantiremos a seguran\u00e7a alimentar global. Quando a influenza avi\u00e1ria foi detectada em uma granja comercial neste ano, o Brasil mostrou uma diferen\u00e7a decisiva. A resposta r\u00e1pida e eficaz refor\u00e7ou a credibilidade e a robustez do nosso sistema sanit\u00e1rio\u201d, disse.&#13;\n<\/p>\n<p style=\"text-align:justify\"><strong>Abertura<\/strong><\/p>\n<p style=\"text-align:justify\">Pela primeira vez, representantes do setor privado, incluindo associa\u00e7\u00f5es de produtores de aves e prestadores de servi\u00e7os de sa\u00fade animal, participaram diretamente de um di\u00e1logo global ao lado de lideran\u00e7as cient\u00edficas e governamentais.<\/p>\n<p style=\"text-align:justify\">Na abertura do F\u00f3rum, o secret\u00e1rio adjunto de Defesa Agropecu\u00e1ria do Mapa, Allan Alvarenga, destacou a pol\u00edtica de transpar\u00eancia iniciada em 2023 e o investimento cont\u00ednuo em equipes e laborat\u00f3rios. O secret\u00e1rio adjunto, refor\u00e7ou, ainda, a necessidade de melhorar a regionaliza\u00e7\u00e3o e \u201cdiscutir a vacina\u00e7\u00e3o com base em ci\u00eancia\u201d.<\/p>\n<p style=\"text-align:justify\">O secret\u00e1rio de Com\u00e9rcio e Rela\u00e7\u00f5es Internacionais do Mapa, Luis Rua, evidenciou a import\u00e2ncia de uma comunica\u00e7\u00e3o clara e objetiva com mercados e organismos internacionais. Ele ressaltou que, ap\u00f3s o foco registrado no Rio Grande do Sul, o Brasil conseguiu manter as exporta\u00e7\u00f5es em patamar elevado e retomar mercados em poucas semanas, refor\u00e7ando a credibilidade do pa\u00eds no com\u00e9rcio global.<\/p>\n<p style=\"text-align:justify\">Durante a abertura tamb\u00e9m foi anunciado o credenciamento, pela FAO, do Laborat\u00f3rio Federal de Defesa Agropecu\u00e1ria em S\u00e3o Paulo (LFDA\/SP) como centro de refer\u00eancia para Influenza Avi\u00e1ria e Doen\u00e7a de Newcastle.<\/p>\n<p style=\"text-align:justify\"><strong>Temas priorit\u00e1rios<\/strong><\/p>\n<p style=\"text-align:justify\">O di\u00e1logo global se baseou na Estrat\u00e9gia Global 2024\u20132033 de Preven\u00e7\u00e3o e Controle da IAAP, lan\u00e7ada pela FAO em parceria com a Organiza\u00e7\u00e3o Mundial de Sa\u00fade Animal (OMSA), no \u00e2mbito do GF-TADs. A iniciativa busca apoiar a cria\u00e7\u00e3o e implementa\u00e7\u00e3o de planos nacionais e regionais, fortalecendo a coopera\u00e7\u00e3o internacional e a capacidade de resposta a riscos transfronteiri\u00e7os e pand\u00eamicos.&#13;\n<\/p>\n<p style=\"text-align:justify\">\u00a0<\/p>\n<\/p><\/div>\n<p><script data-cfasync=\"false\">\n    !function (f, b, e, v, n, t, s) {\n        if (f.fbq) return; n = f.fbq = function () {\n            n.callMethod ?\n                n.callMethod.apply(n, arguments) : n.queue.push(arguments)\n        };\n        if (!f._fbq) f._fbq = n; n.push = n; n.loaded = !0; n.version = '2.0';\n        n.queue = []; t = b.createElement(e); t.async = !0;\n        t.src = v; s = b.getElementsByTagName(e)[0];\n        s.parentNode.insertBefore(t, s)\n    }(window, document, 'script',\n        'https:\/\/connect.facebook.net\/en_US\/fbevents.js');\n    fbq('init', '522546078623747');\n    fbq('track', 'PageView');\n<\/script><br \/>\n<br \/><br \/>\n<br \/><a href=\"https:\/\/www.agrolink.com.br\/noticias\/brasil-recebeu-dialogo-global-inedito-sobre-influenza-aviaria-promovido-pela-fao_505881.html\">Source link <\/a><\/p>\n","protected":false},"excerpt":{"rendered":"<p>Entre os dias 9 e 11 de setembro de 2025, o Brasil sediou, em Foz do Igua\u00e7u (PR), o F\u00f3rum<\/p>\n","protected":false},"author":1,"featured_media":20087,"comment_status":"open","ping_status":"open","sticky":false,"template":"","format":"standard","meta":{"_monsterinsights_skip_tracking":false,"_monsterinsights_sitenote_active":false,"_monsterinsights_sitenote_note":"","_monsterinsights_sitenote_category":0,"_uf_show_specific_survey":0,"_uf_disable_surveys":false,"footnotes":""},"categories":[8,1,14],"tags":[],"class_list":["post-20086","post","type-post","status-publish","format-standard","has-post-thumbnail","hentry","category-agro","category-news","category-politica-agro"],"_links":{"self":[{"href":"https:\/\/agromt.news\/index.php?rest_route=\/wp\/v2\/posts\/20086"}],"collection":[{"href":"https:\/\/agromt.news\/index.php?rest_route=\/wp\/v2\/posts"}],"about":[{"href":"https:\/\/agromt.news\/index.php?rest_route=\/wp\/v2\/types\/post"}],"author":[{"embeddable":true,"href":"https:\/\/agromt.news\/index.php?rest_route=\/wp\/v2\/users\/1"}],"replies":[{"embeddable":true,"href":"https:\/\/agromt.news\/index.php?rest_route=%2Fwp%2Fv2%2Fcomments&post=20086"}],"version-history":[{"count":0,"href":"https:\/\/agromt.news\/index.php?rest_route=\/wp\/v2\/posts\/20086\/revisions"}],"wp:featuredmedia":[{"embeddable":true,"href":"https:\/\/agromt.news\/index.php?rest_route=\/wp\/v2\/media\/20087"}],"wp:attachment":[{"href":"https:\/\/agromt.news\/index.php?rest_route=%2Fwp%2Fv2%2Fmedia&parent=20086"}],"wp:term":[{"taxonomy":"category","embeddable":true,"href":"https:\/\/agromt.news\/index.php?rest_route=%2Fwp%2Fv2%2Fcategories&post=20086"},{"taxonomy":"post_tag","embeddable":true,"href":"https:\/\/agromt.news\/index.php?rest_route=%2Fwp%2Fv2%2Ftags&post=20086"}],"curies":[{"name":"wp","href":"https:\/\/api.w.org\/{rel}","templated":true}]}}