{"id":20082,"date":"2025-09-12T09:54:17","date_gmt":"2025-09-12T13:54:17","guid":{"rendered":"https:\/\/agromt.news\/?p=20082"},"modified":"2025-09-12T09:54:17","modified_gmt":"2025-09-12T13:54:17","slug":"sem-erros-politicos-brasil-sera-potencia-do-agro-mundial-afirma-presidente-da-farsul","status":"publish","type":"post","link":"https:\/\/agromt.news\/?p=20082","title":{"rendered":"&#8220;Sem erros pol\u00edticos, Brasil ser\u00e1 pot\u00eancia do agro mundial&#8221;, afirma presidente da Farsul"},"content":{"rendered":"<p> <br \/>\n<\/p>\n<div>\n<p style=\"text-align:justify\">Presidente do Sistema Farsul defende protagonismo do agroneg\u00f3cio brasileiro e critica tentativas de retrocesso em pol\u00edtica econ\u00f4mica. Evento debateu rumos do setor no RS e no mundo.<\/p>\n<p style=\"text-align:justify\">Durante o semin\u00e1rio Campo das Ideias, realizado nesta quinta-feira (11\/09) em Porto Alegre (RS), o presidente do Sistema Farsul, Gede\u00e3o Pereira, destacou o papel estrat\u00e9gico do Brasil no cen\u00e1rio global de seguran\u00e7a alimentar. Em sua fala no painel de abertura, Pereira alertou para o crescimento acelerado de pa\u00edses asi\u00e1ticos e o impacto direto desse avan\u00e7o na demanda por alimentos. \u201cA diferen\u00e7a hoje \u00e9 que n\u00e3o s\u00e3o mais crian\u00e7as, mas adultos entrando na sociedade de consumo. E isso exige mais produ\u00e7\u00e3o. A\u00ed est\u00e1 o Brasil\u201d, afirmou.&#13;\n<\/p>\n<p style=\"text-align:justify\">Promovido pelo Senar-RS, o semin\u00e1rio Campo das Ideias reuniu especialistas, pesquisadores e lideran\u00e7as do setor para discutir os principais desafios e oportunidades do agroneg\u00f3cio. O evento ocorreu no Teatro do Bourbon Country e teve inscri\u00e7\u00e3o gratuita, com pain\u00e9is ao longo do dia sobre economia, geopol\u00edtica, sustentabilidade e inova\u00e7\u00e3o no agro.<\/p>\n<p style=\"text-align:justify\">Gede\u00e3o Pereira citou o exemplo da Indon\u00e9sia, pa\u00eds com 270 milh\u00f5es de habitantes e crescimento econ\u00f4mico em torno de 4% a 5%, semelhante ao que a China registrava antes de se tornar pot\u00eancia mundial. \u201cEsse movimento pressiona o mercado por mais alimentos, energia e insumos. O Brasil est\u00e1 exatamente onde deveria estar: como fornecedor estrat\u00e9gico de prote\u00edna e gr\u00e3os\u201d, declarou.&#13;\n<\/p>\n<p style=\"text-align:justify\">O presidente da Farsul tamb\u00e9m aproveitou o espa\u00e7o para criticar decis\u00f5es pol\u00edticas que, segundo ele, podem comprometer esse protagonismo. \u201cO Brasil n\u00e3o pode fazer as coisas erradas. E est\u00e1 tentando fazer. Isso \u00e9 lastim\u00e1vel. Se acertarmos, temos um grande pa\u00eds \u00e0 frente, especialmente no nosso setor, que \u00e9 altamente promissor \u2014 inclusive no curto prazo\u201d, advertiu.<\/p>\n<p style=\"text-align:justify\">Pereira ainda mencionou os efeitos das tarifas impostas pelos Estados Unidos durante a gest\u00e3o de Donald Trump e como o agroneg\u00f3cio brasileiro conseguiu se adaptar rapidamente. \u201cO agro reagiu, ajustou algumas rotas e seguiu crescendo. Porque no fim das contas, as pessoas precisam tomar caf\u00e9 da manh\u00e3, almo\u00e7ar e jantar todos os dias. E a\u00ed est\u00e1 o Brasil\u201d, completou.&#13;\n<\/p>\n<p style=\"text-align:justify\">\u201cO Brasil precisa entender seu papel. Temos o que o mundo precisa, mas n\u00e3o podemos errar o rumo com medidas equivocadas. O agro est\u00e1 pronto, mas depende de pol\u00edticas p\u00fablicas s\u00e9rias\u201d, concluiu.<\/p>\n<\/p><\/div>\n<p><script data-cfasync=\"false\">\n    !function (f, b, e, v, n, t, s) {\n        if (f.fbq) return; n = f.fbq = function () {\n            n.callMethod ?\n                n.callMethod.apply(n, arguments) : n.queue.push(arguments)\n        };\n        if (!f._fbq) f._fbq = n; n.push = n; n.loaded = !0; n.version = '2.0';\n        n.queue = []; t = b.createElement(e); t.async = !0;\n        t.src = v; s = b.getElementsByTagName(e)[0];\n        s.parentNode.insertBefore(t, s)\n    }(window, document, 'script',\n        'https:\/\/connect.facebook.net\/en_US\/fbevents.js');\n    fbq('init', '522546078623747');\n    fbq('track', 'PageView');\n<\/script><br \/>\n<br \/><br \/>\n<br \/><a href=\"https:\/\/www.agrolink.com.br\/noticias\/-sem-erros-politicos--brasil-sera-potencia-do-agro-mundial---afirma-presidente-da-farsul_505886.html\">Source link <\/a><\/p>\n","protected":false},"excerpt":{"rendered":"<p>Presidente do Sistema Farsul defende protagonismo do agroneg\u00f3cio brasileiro e critica tentativas de retrocesso em pol\u00edtica econ\u00f4mica. Evento debateu rumos<\/p>\n","protected":false},"author":1,"featured_media":20083,"comment_status":"open","ping_status":"open","sticky":false,"template":"","format":"standard","meta":{"_monsterinsights_skip_tracking":false,"_monsterinsights_sitenote_active":false,"_monsterinsights_sitenote_note":"","_monsterinsights_sitenote_category":0,"_uf_show_specific_survey":0,"_uf_disable_surveys":false,"footnotes":""},"categories":[8,1,14],"tags":[],"class_list":["post-20082","post","type-post","status-publish","format-standard","has-post-thumbnail","hentry","category-agro","category-news","category-politica-agro"],"_links":{"self":[{"href":"https:\/\/agromt.news\/index.php?rest_route=\/wp\/v2\/posts\/20082"}],"collection":[{"href":"https:\/\/agromt.news\/index.php?rest_route=\/wp\/v2\/posts"}],"about":[{"href":"https:\/\/agromt.news\/index.php?rest_route=\/wp\/v2\/types\/post"}],"author":[{"embeddable":true,"href":"https:\/\/agromt.news\/index.php?rest_route=\/wp\/v2\/users\/1"}],"replies":[{"embeddable":true,"href":"https:\/\/agromt.news\/index.php?rest_route=%2Fwp%2Fv2%2Fcomments&post=20082"}],"version-history":[{"count":0,"href":"https:\/\/agromt.news\/index.php?rest_route=\/wp\/v2\/posts\/20082\/revisions"}],"wp:featuredmedia":[{"embeddable":true,"href":"https:\/\/agromt.news\/index.php?rest_route=\/wp\/v2\/media\/20083"}],"wp:attachment":[{"href":"https:\/\/agromt.news\/index.php?rest_route=%2Fwp%2Fv2%2Fmedia&parent=20082"}],"wp:term":[{"taxonomy":"category","embeddable":true,"href":"https:\/\/agromt.news\/index.php?rest_route=%2Fwp%2Fv2%2Fcategories&post=20082"},{"taxonomy":"post_tag","embeddable":true,"href":"https:\/\/agromt.news\/index.php?rest_route=%2Fwp%2Fv2%2Ftags&post=20082"}],"curies":[{"name":"wp","href":"https:\/\/api.w.org\/{rel}","templated":true}]}}