{"id":20080,"date":"2025-09-12T09:25:19","date_gmt":"2025-09-12T13:25:19","guid":{"rendered":"https:\/\/agromt.news\/?p=20080"},"modified":"2025-09-12T09:25:19","modified_gmt":"2025-09-12T13:25:19","slug":"produtor-que-tem-caf-conquista-beneficios-oportunidades-e-apoio-do-sebrae","status":"publish","type":"post","link":"https:\/\/agromt.news\/?p=20080","title":{"rendered":"Produtor que tem CAF conquista benef\u00edcios, oportunidades e apoio do Sebrae"},"content":{"rendered":"<p> <br \/>\n<\/p>\n<div>\n<p>O <a href=\"https:\/\/www.canalrural.com.br\/empreendedorismo\/da-roca-ao-mundo-cha-artesanal-do-vale-do-ribeira-ganha-destaque-no-mercado-global\/\"><strong>Cadastro da Agricultura Familiar (CAF)<\/strong><\/a><strong> <\/strong>\u00e9 hoje a principal porta de entrada para que agricultores familiares conquistem pol\u00edticas p\u00fablicas, cr\u00e9dito rural e novas oportunidades de mercado. Criado para identificar oficialmente a agricultura familiar no Brasil, o CAF funciona como um documento de identidade, reconhecendo a atividade produtiva desenvolvida na propriedade.<\/p>\n<p>\u201cO CAF \u00e9 a principal identidade da agricultura familiar. Ent\u00e3o, tudo que ele vai conseguir de acesso ao cr\u00e9dito, de benef\u00edcios, vem atrav\u00e9s deste documento\u201d, afirma Larissa Vale Queiroz, gerente de Agroneg\u00f3cio e Ind\u00fastria do <a href=\"https:\/\/sebrae.com.br\/sites\/PortalSebrae\/ufs\/ap?codUf=3\">Sebrae no Amap\u00e1 (AP).<\/a><\/p>\n<p>Atrav\u00e9s desse cadastro, \u00e9 poss\u00edvel garantir mais transpar\u00eancia e seguran\u00e7a no processo, j\u00e1 que as informa\u00e7\u00f5es fornecidas pelos produtores s\u00e3o validadas com base em<a href=\"https:\/\/www.canalrural.com.br\/empreendedorismo\/produtores-rurais-tem-acesso-a-curso-gratuito-sobre-formalizacao-da-propriedade\/\"> registros<\/a> existentes nos bancos de dados do governo federal.<\/p>\n<p>Com este documento, o agricultor amplia suas chances de acessar cr\u00e9dito rural, vender para escolas p\u00fablicas e participar de programas do governo que incentivam a produ\u00e7\u00e3o e garantem mercado para pequenos produtores.<\/p>\n<ul class=\"wp-block-list\">\n<li><strong>Participe do Porteira Aberta Empreender: envie perguntas, sugest\u00f5es e conte a sua hist\u00f3ria de empreendedorismo pelo<\/strong><a href=\"https:\/\/api.whatsapp.com\/send?phone=5511932796720&amp;PorteiraAbertaEmpreender=SuaMensagem\"><strong> WhatsApp<\/strong><\/a><\/li>\n<\/ul>\n<figure class=\"wp-block-image size-full is-resized\"><img fetchpriority=\"high\" decoding=\"async\" width=\"841\" height=\"467\" src=\"https:\/\/agromt.news\/wp-content\/uploads\/2025\/09\/Produtor-que-tem-CAF-conquista-beneficios-oportunidades-e-apoio-do.jpg\" alt=\"Na foto, h\u00e1 uma mulher que usa \u00f3culos e est\u00e1 com uma blusa na cor ferrugem. \" class=\"wp-image-4120886\" style=\"width:686px;height:auto\"  \/><figcaption class=\"wp-element-caption\">Larissa Vale Queiroz, gerente de Agroneg\u00f3cio e Ind\u00fastria do Sebrae\/AP. Foto:Fabiana Bertinelli.<\/figcaption><\/figure>\n<p><strong>Apoio do Sebrae fortalece neg\u00f3cios<\/strong><\/p>\n<p>\u201cO Sebrae v\u00ea o CAF como a nossa microempresa. Ent\u00e3o, a gente consegue atender o agricultor em todas as categorias\u201d, refor\u00e7a Queiroz.<\/p>\n<p>Segundo a gerente, ao emitir o <a href=\"https:\/\/caf.mda.gov.br\/\">Cadastro,<\/a> a fam\u00edlia passa a ter acesso a importantes programas do governo como o Programa Nacional de Fortalecimento da Agricultura Familiar (PRONAF), o Programa Nacional de Alimenta\u00e7\u00e3o Escolar (PNAE) e o Programa de Aquisi\u00e7\u00e3o de Alimentos (PAA). Al\u00e9m disso, abre caminho para consultorias do Sebrae em gest\u00e3o, inova\u00e7\u00e3o, marketing e tecnologia.<\/p>\n<p>\u201cTer o CAF n\u00e3o significa apenas acessar cr\u00e9dito ou vender para o governo. O cadastro \u00e9 um dos instrumentos para que o produtor futuramente possa pleitear a aposentadoria\u201d, acrescenta.<\/p>\n<h2 class=\"wp-block-heading\" id=\"h-dicas-praticas-para-obter-o-caf\"><strong>Dicas pr\u00e1ticas para obter o CAF<\/strong><\/h2>\n<p>\u201cO CAF \u00e9 um por n\u00facleo familiar. Se o produtor rural tem o CAF, ele abrange toda a fam\u00edlia\u201d, explica a gerente do Sebrae\/AP. O cadastro pode ser feito junto \u00e0 Ag\u00eancia Nacional de Assist\u00eancia T\u00e9cnica e Extens\u00e3o Rural (Anater), \u00f3rg\u00e3os estaduais e municipais parceiros.<\/p>\n<p>\u201cQuando for uma \u00e1rea de assentamento, quem faz a emiss\u00e3o \u00e9 o Instituto Nacional de Coloniza\u00e7\u00e3o e Reforma Agr\u00e1ria (<a href=\"https:\/\/www.gov.br\/incra\/pt-br\">Incra<\/a>). Caso o Incra n\u00e3o fa\u00e7a, o instituto por meio de parcerias com a Anater e\/ou prefeituras, solicita a emiss\u00e3o, neste caso o CAF ter\u00e1 conota\u00e7\u00e3o que \u00e9 numa \u00e1rea de assentamento.\u201d<\/p>\n<p>Para quem ainda n\u00e3o possui o documento, a recomenda\u00e7\u00e3o \u00e9 buscar orienta\u00e7\u00e3o no<strong> <\/strong>Sebrae, organizar documentos que comprovem a identidade, propriedade e atividade agr\u00edcola da fam\u00edlia. Al\u00e9m disso,\u00a0 aproveitar os programas de capacita\u00e7\u00e3o do Sebrae.\u00a0<\/p>\n<p>\u201cA gente tem o<a href=\"https:\/\/www.canalrural.com.br\/empreendedorismo\/sebraetec-ajuda-produtores-na-implementacao-do-turismo-rural\/\"> Sebraetec<\/a>, que \u00e9 um produto do Sebrae. E dentro deste nosso programa, a gente pode ajudar a fazer a marca, logomarca, a gente faz tempo de prateleira, etc.\u201d, finaliza Queiroz.<\/p>\n<h2 class=\"wp-block-heading\" id=\"h-porteira-aberta-empreender\"><strong>Porteira Aberta Empreender<\/strong><\/h2>\n<p>Quer saber mais? Assista ao programa <a href=\"https:\/\/www.canalrural.com.br\/empreendedorismo\/transforme-sua-propriedade-em-um-destino-turistico\/\"><strong>Porteira Aberta Empreender<\/strong>,<\/a> uma parceria entre o Sebrae e o Canal Rural, que traz dicas, orienta\u00e7\u00f5es e mostra hist\u00f3rias reais de micro e pequenos produtores de todo o pa\u00eds.<\/p>\n<figure class=\"wp-block-image size-full is-resized\"><img decoding=\"async\" width=\"1013\" height=\"1017\" src=\"https:\/\/agromt.news\/wp-content\/uploads\/2025\/08\/tradicao-dos-queijos-artesanais-e-turismo-rural-em-Goias.png\" alt=\"\" class=\"wp-image-4116505\" style=\"width:520px;height:auto\"  \/><figcaption class=\"wp-element-caption\">\u00c0s quintas-feiras, \u00e0s 17h45, no Canal Rural. | Foto: Arte Divulga\u00e7\u00e3o<\/figcaption><\/figure>\n<\/p><\/div>\n<p><br \/>\n<br \/><a href=\"https:\/\/www.canalrural.com.br\/empreendedorismo\/produtor-que-tem-caf-conquista-beneficios-oportunidades-e-apoio-do-sebrae\/\">Source link <\/a><\/p>\n","protected":false},"excerpt":{"rendered":"<p>O Cadastro da Agricultura Familiar (CAF) \u00e9 hoje a principal porta de entrada para que agricultores familiares conquistem pol\u00edticas p\u00fablicas,<\/p>\n","protected":false},"author":1,"featured_media":20081,"comment_status":"open","ping_status":"open","sticky":false,"template":"","format":"standard","meta":{"_monsterinsights_skip_tracking":false,"_monsterinsights_sitenote_active":false,"_monsterinsights_sitenote_note":"","_monsterinsights_sitenote_category":0,"_uf_show_specific_survey":0,"_uf_disable_surveys":false,"footnotes":""},"categories":[1],"tags":[],"class_list":["post-20080","post","type-post","status-publish","format-standard","has-post-thumbnail","hentry","category-news"],"_links":{"self":[{"href":"https:\/\/agromt.news\/index.php?rest_route=\/wp\/v2\/posts\/20080"}],"collection":[{"href":"https:\/\/agromt.news\/index.php?rest_route=\/wp\/v2\/posts"}],"about":[{"href":"https:\/\/agromt.news\/index.php?rest_route=\/wp\/v2\/types\/post"}],"author":[{"embeddable":true,"href":"https:\/\/agromt.news\/index.php?rest_route=\/wp\/v2\/users\/1"}],"replies":[{"embeddable":true,"href":"https:\/\/agromt.news\/index.php?rest_route=%2Fwp%2Fv2%2Fcomments&post=20080"}],"version-history":[{"count":0,"href":"https:\/\/agromt.news\/index.php?rest_route=\/wp\/v2\/posts\/20080\/revisions"}],"wp:featuredmedia":[{"embeddable":true,"href":"https:\/\/agromt.news\/index.php?rest_route=\/wp\/v2\/media\/20081"}],"wp:attachment":[{"href":"https:\/\/agromt.news\/index.php?rest_route=%2Fwp%2Fv2%2Fmedia&parent=20080"}],"wp:term":[{"taxonomy":"category","embeddable":true,"href":"https:\/\/agromt.news\/index.php?rest_route=%2Fwp%2Fv2%2Fcategories&post=20080"},{"taxonomy":"post_tag","embeddable":true,"href":"https:\/\/agromt.news\/index.php?rest_route=%2Fwp%2Fv2%2Ftags&post=20080"}],"curies":[{"name":"wp","href":"https:\/\/api.w.org\/{rel}","templated":true}]}}