{"id":20073,"date":"2025-09-12T06:02:45","date_gmt":"2025-09-12T10:02:45","guid":{"rendered":"https:\/\/agromt.news\/?p=20073"},"modified":"2025-09-12T06:02:45","modified_gmt":"2025-09-12T10:02:45","slug":"boi-gordo-mantem-precos-estaveis-em-sao-paulo","status":"publish","type":"post","link":"https:\/\/agromt.news\/?p=20073","title":{"rendered":"Boi gordo mant\u00e9m pre\u00e7os est\u00e1veis em S\u00e3o Paulo"},"content":{"rendered":"<p> <br \/>\n<\/p>\n<div>\n<div class=\"row\">\n<div class=\"col-lg col-infos mt-0 mt-lg-0\">\n<div class=\"section-sub-title\">\n<p itemprop=\"description\">&#13;<br \/>\n                                Novilha e vaca recuam na regi\u00e3o Sul do Tocantins&#13;\n                            <\/p>\n<\/p><\/div>\n<div class=\"container\">\n<div class=\"row\">\n<div class=\"col-lg p-0\">\n<div>\n<div class=\"block-news-main-infos mt-3 text-start\">\n<p>                                            <strong class=\"fn\" itemprop=\"author\" style=\"color: rgb(112, 112, 112); \">&#13;<br \/>\n                                                <a href=\"https:\/\/www.agrolink.com.br\/noticias\/javascript:;\" class=\"text-uppercase\" target=\"_blank\" style=\"color: rgb(112, 112, 112); \" rel=\"noopener\">Agrolink<\/a>&#13;<br \/>\n&#13;<br \/>\n                                                    &#8211; Seane Lennon&#13;<br \/>\n&#13;<br \/>\n                                            <\/strong><br \/>\n                                        <\/p>\n<p>                                            <abbr><time datetime=\"2025 - 09 - 11T14:50\" itemprop=\"datePublished dateModified\"> Publicado em 11\/09\/2025 \u00e0s 14:50h.<\/time><\/abbr>\n                                    <\/div>\n<\/p><\/div>\n<\/p><\/div>\n<div class=\"col-lg p-0 text-lg-end\">\n<div>\n<div id=\"mdEnviarPagina\" class=\"modal fade\" role=\"dialog\">\n<div class=\"modal-dialog\">\n<div class=\"modal-content\">\n<div class=\"modal-body\">\n<p><strong>Estimado usu\u00e1rio.<\/strong><br \/>Preencha o formul\u00e1rio abaixo para remeter a p\u00e1gina.<\/p>\n<\/p><\/div>\n<\/p><\/div>\n<\/p><\/div>\n<\/div><\/div>\n<\/p><\/div>\n<\/p><\/div>\n<\/p><\/div>\n<\/p><\/div>\n<\/p><\/div>\n<div class=\"row justify-content-md-center mt-3\">\n<div class=\"col-lg-auto col-image block-news-main-image\">\n<p>                                <img decoding=\"async\" src=\"https:\/\/www.agrolink.com.br\/upload\/imagens-resizes\/f9942bb4bb3b4c24816159276285d792_858x483.jpg\" class=\"lazyload img-fluid\"\/><br \/>\n                                                <span class=\"publicity-photo d-block mt-1\">Foto: Divulga\u00e7\u00e3o<\/span><\/p><\/div>\n<\/p><\/div>\n<div class=\"section-description section-description-noticias mt-3\">\n<p style=\"text-align:justify\"><span><span>De acordo com o informativo \u201cTem Boi na Linha\u201d desta quinta-feira (11), o mercado do boi gordo manteve resultados em S\u00e3o Paulo. \u201cA oferta de bovinos para abate esteve confort\u00e1vel, e parte dos compradores relataram escaladas mais alongadas nesta quinta-feira\u201d, informou o boletim. O cen\u00e1rio desacelerou as negocia\u00e7\u00f5es, com os compradores aguardando maior clareza sobre o desempenho do consumo de carne bovina ao longo da semana. \u201cAs ofertas abaixo das refer\u00eancias foram testadas, mas tiveram pouca efetividade at\u00e9 ent\u00e3o.\u201d Assim, o mercado aumenta com os pre\u00e7os em compara\u00e7\u00e3o di\u00e1ria. As escalas de abate ficaram, em m\u00e9dia, em 11 dias. Todos os pre\u00e7os foram brutos e com prazo.<\/span><\/span>&#13;\n<\/p>\n<p style=\"text-align:justify\"><span><span>No Tocantins, \u201ca oferta de bovinos para abate esteve elevada para o per\u00edodo no estado, enquanto a demanda interna por carne bovina ficou abaixo do esperado\u201d, informou o boletim. Esse cen\u00e1rio desacelerou as negocia\u00e7\u00f5es e contribuiu com uma viagem baixista \u00e0s cota\u00e7\u00f5es. Na regi\u00e3o Sul, \u201ca cota\u00e7\u00e3o do boi gordo manteve-se est\u00e1vel, a da novilha recuou R$1,00\/@ e a da vaca, R$2,00\/@\u201d. J\u00e1 na regi\u00e3o Norte, \u201chouve queda de R$2,00\/@ para todas as categorias\u201d. A cota\u00e7\u00e3o do \u201cboi China\u201d n\u00e3o se alterou. Todos os pre\u00e7os foram brutos e com prazo.<\/span><\/span>&#13;\n<\/p>\n<p style=\"text-align:justify\"><span><span>No Rio de Janeiro, \u201cdiferente das outras regi\u00f5es, a oferta de gado para abate n\u00e3o foi t\u00e3o confort\u00e1vel, embora o escoamento de carne bovina tenha ficado abaixo do esperado para o in\u00edcio do m\u00eas\u201d. A oferta de f\u00eameas mostrou-se mais folgada que a de machos, mas sem grandes excedentes. \u201cEsse cen\u00e1rio trouxe um mercado mais moroso nesta quinta-feira, mantendo as cota\u00e7\u00f5es resultantes.\u201d As escalas de abate atenderam, em m\u00e9dia, a seis dias. Todos os pre\u00e7os foram brutos e com prazo.<\/span><\/span>&#13;\n<\/p>\n<\/p><\/div>\n<\/p><\/div>\n<p><script data-cfasync=\"false\">\n    !function (f, b, e, v, n, t, s) {\n        if (f.fbq) return; n = f.fbq = function () {\n            n.callMethod ?\n                n.callMethod.apply(n, arguments) : n.queue.push(arguments)\n        };\n        if (!f._fbq) f._fbq = n; n.push = n; n.loaded = !0; n.version = '2.0';\n        n.queue = []; t = b.createElement(e); t.async = !0;\n        t.src = v; s = b.getElementsByTagName(e)[0];\n        s.parentNode.insertBefore(t, s)\n    }(window, document, 'script',\n        'https:\/\/connect.facebook.net\/en_US\/fbevents.js');\n    fbq('init', '522546078623747');\n    fbq('track', 'PageView');\n<\/script><br \/>\n<br \/><br \/>\n<br \/><a href=\"https:\/\/www.agrolink.com.br\/noticias\/boi-gordo-mantem-precos-estaveis-em-sao-paulo_505888.html\">Source link <\/a><\/p>\n","protected":false},"excerpt":{"rendered":"<p>&#13; Novilha e vaca recuam na regi\u00e3o Sul do Tocantins&#13; &#13; Agrolink&#13; &#13; &#8211; Seane Lennon&#13; &#13; Publicado em 11\/09\/2025<\/p>\n","protected":false},"author":1,"featured_media":5028,"comment_status":"open","ping_status":"open","sticky":false,"template":"","format":"standard","meta":{"_monsterinsights_skip_tracking":false,"_monsterinsights_sitenote_active":false,"_monsterinsights_sitenote_note":"","_monsterinsights_sitenote_category":0,"_uf_show_specific_survey":0,"_uf_disable_surveys":false,"footnotes":""},"categories":[8,1,14],"tags":[],"class_list":["post-20073","post","type-post","status-publish","format-standard","has-post-thumbnail","hentry","category-agro","category-news","category-politica-agro"],"_links":{"self":[{"href":"https:\/\/agromt.news\/index.php?rest_route=\/wp\/v2\/posts\/20073"}],"collection":[{"href":"https:\/\/agromt.news\/index.php?rest_route=\/wp\/v2\/posts"}],"about":[{"href":"https:\/\/agromt.news\/index.php?rest_route=\/wp\/v2\/types\/post"}],"author":[{"embeddable":true,"href":"https:\/\/agromt.news\/index.php?rest_route=\/wp\/v2\/users\/1"}],"replies":[{"embeddable":true,"href":"https:\/\/agromt.news\/index.php?rest_route=%2Fwp%2Fv2%2Fcomments&post=20073"}],"version-history":[{"count":0,"href":"https:\/\/agromt.news\/index.php?rest_route=\/wp\/v2\/posts\/20073\/revisions"}],"wp:featuredmedia":[{"embeddable":true,"href":"https:\/\/agromt.news\/index.php?rest_route=\/wp\/v2\/media\/5028"}],"wp:attachment":[{"href":"https:\/\/agromt.news\/index.php?rest_route=%2Fwp%2Fv2%2Fmedia&parent=20073"}],"wp:term":[{"taxonomy":"category","embeddable":true,"href":"https:\/\/agromt.news\/index.php?rest_route=%2Fwp%2Fv2%2Fcategories&post=20073"},{"taxonomy":"post_tag","embeddable":true,"href":"https:\/\/agromt.news\/index.php?rest_route=%2Fwp%2Fv2%2Ftags&post=20073"}],"curies":[{"name":"wp","href":"https:\/\/api.w.org\/{rel}","templated":true}]}}