{"id":20069,"date":"2025-09-12T02:11:00","date_gmt":"2025-09-12T06:11:00","guid":{"rendered":"https:\/\/agromt.news\/?p=20069"},"modified":"2025-09-12T02:11:00","modified_gmt":"2025-09-12T06:11:00","slug":"alerta-de-economista-no-campo-das-ideias","status":"publish","type":"post","link":"https:\/\/agromt.news\/?p=20069","title":{"rendered":"alerta de economista no Campo das Ideias"},"content":{"rendered":"<p> <br \/>\n<\/p>\n<div>\n<p style=\"text-align:justify\">Durante o Semin\u00e1rio Campo das Ideias, realizado em Porto Alegre, o economista Marcelo Portugal (UFRGS) afirmou que o Brasil n\u00e3o enfrentar\u00e1 seus problemas estruturais em 2026. Para ele, o desequil\u00edbrio fiscal seguir\u00e1 como principal desafio para o pr\u00f3ximo governo.&#13;\n<\/p>\n<p style=\"text-align:justify\">No painel \u201cEconomia do Brasil e o seu Neg\u00f3cio\u201d, Marcelo Savino Portugal, professor da UFRGS e ex-diretor do Banco Central, apresentou um panorama cr\u00edtico da situa\u00e7\u00e3o fiscal do pa\u00eds. \u201c2026 ser\u00e1 um ano em que vamos simplesmente empurrar os problemas para frente. Ningu\u00e9m vai tratar de quest\u00f5es estruturais da economia brasileira. O problema fiscal n\u00e3o ser\u00e1 resolvido e ficar\u00e1 para o pr\u00f3ximo governo\u201d, afirmou.<\/p>\n<p style=\"text-align:justify\">Portugal dividiu sua apresenta\u00e7\u00e3o em tr\u00eas grandes eixos: a deteriora\u00e7\u00e3o das contas p\u00fablicas, o hist\u00f3rico da infla\u00e7\u00e3o no Brasil e a estabiliza\u00e7\u00e3o do c\u00e2mbio. Ele lembrou que, nos anos 1990, o pa\u00eds enfrentava tr\u00eas grandes entraves econ\u00f4micos: hiperinfla\u00e7\u00e3o, instabilidade cambial e desequil\u00edbrio fiscal.&#13;\n<\/p>\n<p style=\"text-align:justify\">\u201cO problema da infla\u00e7\u00e3o foi resolvido com o Plano Real, ap\u00f3s v\u00e1rias tentativas fracassadas. Aprendemos que n\u00e3o funcionava congelar pre\u00e7os, e sim atuar com c\u00e2mbio fixo, ajuste fiscal e juros altos\u201d, explicou. Segundo ele, o sistema de metas de infla\u00e7\u00e3o e a autonomia do Banco Central consolidaram a credibilidade do controle inflacion\u00e1rio.<\/p>\n<p style=\"text-align:justify\">No caso do c\u00e2mbio, o economista destacou a mudan\u00e7a de patamar iniciada em 1999 com a ado\u00e7\u00e3o do c\u00e2mbio flutuante, consolidada nos anos 2000 com o ac\u00famulo de reservas internacionais. \u201cHoje vivemos um ambiente de liberdade cambial, onde qualquer pessoa pode movimentar capital internacional sem grandes entraves. \u00c9 um cen\u00e1rio oposto ao dos anos 1980 e 90, marcados por crises recorrentes\u201d, completou.&#13;\n<\/p>\n<p style=\"text-align:justify\">No entanto, para Portugal, o problema fiscal persiste como \u201co principal problema n\u00e3o resolvido\u201d do pa\u00eds. \u201cDiferentemente da infla\u00e7\u00e3o e do c\u00e2mbio, o desequil\u00edbrio nas contas p\u00fablicas n\u00e3o foi enfrentado com a mesma efic\u00e1cia. Seguimos gastando mais do que arrecadamos\u201d, criticou.<\/p>\n<\/p><\/div>\n<p><script data-cfasync=\"false\">\n    !function (f, b, e, v, n, t, s) {\n        if (f.fbq) return; n = f.fbq = function () {\n            n.callMethod ?\n                n.callMethod.apply(n, arguments) : n.queue.push(arguments)\n        };\n        if (!f._fbq) f._fbq = n; n.push = n; n.loaded = !0; n.version = '2.0';\n        n.queue = []; t = b.createElement(e); t.async = !0;\n        t.src = v; s = b.getElementsByTagName(e)[0];\n        s.parentNode.insertBefore(t, s)\n    }(window, document, 'script',\n        'https:\/\/connect.facebook.net\/en_US\/fbevents.js');\n    fbq('init', '522546078623747');\n    fbq('track', 'PageView');\n<\/script><br \/>\n<br \/><br \/>\n<br \/><a href=\"https:\/\/www.agrolink.com.br\/noticias\/crise-fiscal-segue-sem-solucao--alerta-de-economista-no-campo-das-ideias_505890.html\">Source link <\/a><\/p>\n","protected":false},"excerpt":{"rendered":"<p>Durante o Semin\u00e1rio Campo das Ideias, realizado em Porto Alegre, o economista Marcelo Portugal (UFRGS) afirmou que o Brasil n\u00e3o<\/p>\n","protected":false},"author":1,"featured_media":20070,"comment_status":"open","ping_status":"open","sticky":false,"template":"","format":"standard","meta":{"_monsterinsights_skip_tracking":false,"_monsterinsights_sitenote_active":false,"_monsterinsights_sitenote_note":"","_monsterinsights_sitenote_category":0,"_uf_show_specific_survey":0,"_uf_disable_surveys":false,"footnotes":""},"categories":[8,1,14],"tags":[],"class_list":["post-20069","post","type-post","status-publish","format-standard","has-post-thumbnail","hentry","category-agro","category-news","category-politica-agro"],"_links":{"self":[{"href":"https:\/\/agromt.news\/index.php?rest_route=\/wp\/v2\/posts\/20069"}],"collection":[{"href":"https:\/\/agromt.news\/index.php?rest_route=\/wp\/v2\/posts"}],"about":[{"href":"https:\/\/agromt.news\/index.php?rest_route=\/wp\/v2\/types\/post"}],"author":[{"embeddable":true,"href":"https:\/\/agromt.news\/index.php?rest_route=\/wp\/v2\/users\/1"}],"replies":[{"embeddable":true,"href":"https:\/\/agromt.news\/index.php?rest_route=%2Fwp%2Fv2%2Fcomments&post=20069"}],"version-history":[{"count":0,"href":"https:\/\/agromt.news\/index.php?rest_route=\/wp\/v2\/posts\/20069\/revisions"}],"wp:featuredmedia":[{"embeddable":true,"href":"https:\/\/agromt.news\/index.php?rest_route=\/wp\/v2\/media\/20070"}],"wp:attachment":[{"href":"https:\/\/agromt.news\/index.php?rest_route=%2Fwp%2Fv2%2Fmedia&parent=20069"}],"wp:term":[{"taxonomy":"category","embeddable":true,"href":"https:\/\/agromt.news\/index.php?rest_route=%2Fwp%2Fv2%2Fcategories&post=20069"},{"taxonomy":"post_tag","embeddable":true,"href":"https:\/\/agromt.news\/index.php?rest_route=%2Fwp%2Fv2%2Ftags&post=20069"}],"curies":[{"name":"wp","href":"https:\/\/api.w.org\/{rel}","templated":true}]}}