{"id":20066,"date":"2025-09-11T22:17:04","date_gmt":"2025-09-12T02:17:04","guid":{"rendered":"https:\/\/agromt.news\/?p=20066"},"modified":"2025-09-11T22:17:04","modified_gmt":"2025-09-12T02:17:04","slug":"manejo-inadequado-acelera-perda-de-eficiencia-dos-herbicidas","status":"publish","type":"post","link":"https:\/\/agromt.news\/?p=20066","title":{"rendered":"Manejo inadequado acelera perda de efici\u00eancia dos herbicidas"},"content":{"rendered":"<p> <br \/>\n<\/p>\n<div>\n<p style=\"text-align:justify\">A perda de efic\u00e1cia dos herbicidas vem se tornando uma realidade silenciosa nas lavouras brasileiras. Plantas que \u201cescapam\u201d do controle, reaparecem semanas ap\u00f3s a aplica\u00e7\u00e3o ou se tornam cada vez mais dif\u00edceis de manejar s\u00e3o os primeiros sinais de alerta \u2014 e exigem aten\u00e7\u00e3o imediata do produtor.&#13;\n<\/p>\n<p style=\"text-align:justify\">A efici\u00eancia dos herbicidas, um dos pilares do manejo de plantas daninhas na agricultura moderna, vem sendo comprometida por diferentes fatores agron\u00f4micos, ambientais e at\u00e9 comportamentais. Segundo pesquisadores da Embrapa, reconhecer cedo os sinais de perda de efic\u00e1cia \u00e9 crucial para evitar preju\u00edzos maiores e adaptar o manejo a tempo.<\/p>\n<p style=\"text-align:justify\">Entre os principais indicativos observados no campo est\u00e1 o &#8220;escape&#8221; de plantas daninhas, ou seja, a presen\u00e7a de indiv\u00edduos vivos mesmo ap\u00f3s a aplica\u00e7\u00e3o do herbicida. Quando a maioria da popula\u00e7\u00e3o morre, mas alguns exemplares continuam crescendo, \u00e9 poss\u00edvel que haja resist\u00eancia em desenvolvimento \u2014 especialmente se esses escapes forem sempre da mesma esp\u00e9cie e repetidos ao longo de safras.<\/p>\n<p style=\"text-align:justify\">Outro sintoma frequente \u00e9 o rebrote das plantas controladas, observado semanas depois da aplica\u00e7\u00e3o. Isso indica que a dose, o momento ou o modo de a\u00e7\u00e3o do herbicida n\u00e3o foram suficientes para eliminar completamente o sistema radicular, ou que a planta tem mecanismos de toler\u00e2ncia que lhe permitem sobreviver.&#13;\n<\/p>\n<p style=\"text-align:justify\">A necessidade de reaplica\u00e7\u00f5es em curto espa\u00e7o de tempo tamb\u00e9m \u00e9 um sinal de que a efic\u00e1cia original do produto foi comprometida.\u00a0Em muitos casos, os produtores tamb\u00e9m relatam que os herbicidas \u201cparecem n\u00e3o fazer mais efeito como antes\u201d, mesmo utilizando a mesma dose e nas mesmas condi\u00e7\u00f5es clim\u00e1ticas. De acordo com a Embrapa, essa percep\u00e7\u00e3o n\u00e3o deve ser ignorada: \u00e9 reflexo de uma mudan\u00e7a silenciosa no comportamento das plantas daninhas, que pode ter origem gen\u00e9tica (resist\u00eancia) ou ambiental (condi\u00e7\u00f5es que reduzem absor\u00e7\u00e3o e transloca\u00e7\u00e3o).<\/p>\n<p style=\"text-align:justify\">Al\u00e9m disso, a presen\u00e7a dominante de poucas esp\u00e9cies daninhas ao longo do tempo pode indicar que essas plantas est\u00e3o se sobressaindo \u00e0s demais por toler\u00e2ncia aos herbicidas utilizados. O capim-amargoso, a buva e o caruru, por exemplo, s\u00e3o casos cl\u00e1ssicos de esp\u00e9cies que desenvolveram resist\u00eancia no Brasil e hoje exigem estrat\u00e9gias de manejo muito mais complexas.<\/p>\n<p style=\"text-align:justify\"><strong>Outros sinais incluem:<\/strong><\/p>\n<p style=\"text-align:justify\">&#8211; Plantas com crescimento normal, mesmo ap\u00f3s aplica\u00e7\u00e3o recente;<\/p>\n<p style=\"text-align:justify\">&#8211; Cobertura incompleta do alvo (visualmente percept\u00edvel em manchas ou faixas de plantas daninhas n\u00e3o controladas);<\/p>\n<p style=\"text-align:justify\">&#8211; Redu\u00e7\u00e3o de produtividade da cultura, devido \u00e0 competi\u00e7\u00e3o com daninhas n\u00e3o eliminadas.<\/p>\n<p style=\"text-align:justify\">Ao identificar qualquer um desses sinais, o produtor deve agir de forma preventiva: coletar amostras das plantas, buscar apoio t\u00e9cnico, verificar as condi\u00e7\u00f5es de aplica\u00e7\u00e3o (clima, equipamentos, volume de calda) e, se necess\u00e1rio, realizar testes de resist\u00eancia.&#13;\n<\/p>\n<p style=\"text-align:justify\">O diagn\u00f3stico precoce \u00e9 essencial para evitar a propaga\u00e7\u00e3o de bi\u00f3tipos resistentes e o agravamento da situa\u00e7\u00e3o. E mais do que trocar o herbicida, \u00e9 fundamental adotar estrat\u00e9gias de manejo integrado, como a rota\u00e7\u00e3o de mecanismos de a\u00e7\u00e3o, o uso de coberturas vegetais, a desseca\u00e7\u00e3o bem planejada e o controle mec\u00e2nico complementar.<\/p>\n<\/p><\/div>\n<p><script data-cfasync=\"false\">\n    !function (f, b, e, v, n, t, s) {\n        if (f.fbq) return; n = f.fbq = function () {\n            n.callMethod ?\n                n.callMethod.apply(n, arguments) : n.queue.push(arguments)\n        };\n        if (!f._fbq) f._fbq = n; n.push = n; n.loaded = !0; n.version = '2.0';\n        n.queue = []; t = b.createElement(e); t.async = !0;\n        t.src = v; s = b.getElementsByTagName(e)[0];\n        s.parentNode.insertBefore(t, s)\n    }(window, document, 'script',\n        'https:\/\/connect.facebook.net\/en_US\/fbevents.js');\n    fbq('init', '522546078623747');\n    fbq('track', 'PageView');\n<\/script><br \/>\n<br \/><br \/>\n<br \/><a href=\"https:\/\/www.agrolink.com.br\/noticias\/manejo-inadequado-acelera-perda-de-eficiencia-dos-herbicidas_505892.html\">Source link <\/a><\/p>\n","protected":false},"excerpt":{"rendered":"<p>A perda de efic\u00e1cia dos herbicidas vem se tornando uma realidade silenciosa nas lavouras brasileiras. Plantas que \u201cescapam\u201d do controle,<\/p>\n","protected":false},"author":1,"featured_media":20067,"comment_status":"open","ping_status":"open","sticky":false,"template":"","format":"standard","meta":{"_monsterinsights_skip_tracking":false,"_monsterinsights_sitenote_active":false,"_monsterinsights_sitenote_note":"","_monsterinsights_sitenote_category":0,"_uf_show_specific_survey":0,"_uf_disable_surveys":false,"footnotes":""},"categories":[8,1,14],"tags":[],"class_list":["post-20066","post","type-post","status-publish","format-standard","has-post-thumbnail","hentry","category-agro","category-news","category-politica-agro"],"_links":{"self":[{"href":"https:\/\/agromt.news\/index.php?rest_route=\/wp\/v2\/posts\/20066"}],"collection":[{"href":"https:\/\/agromt.news\/index.php?rest_route=\/wp\/v2\/posts"}],"about":[{"href":"https:\/\/agromt.news\/index.php?rest_route=\/wp\/v2\/types\/post"}],"author":[{"embeddable":true,"href":"https:\/\/agromt.news\/index.php?rest_route=\/wp\/v2\/users\/1"}],"replies":[{"embeddable":true,"href":"https:\/\/agromt.news\/index.php?rest_route=%2Fwp%2Fv2%2Fcomments&post=20066"}],"version-history":[{"count":0,"href":"https:\/\/agromt.news\/index.php?rest_route=\/wp\/v2\/posts\/20066\/revisions"}],"wp:featuredmedia":[{"embeddable":true,"href":"https:\/\/agromt.news\/index.php?rest_route=\/wp\/v2\/media\/20067"}],"wp:attachment":[{"href":"https:\/\/agromt.news\/index.php?rest_route=%2Fwp%2Fv2%2Fmedia&parent=20066"}],"wp:term":[{"taxonomy":"category","embeddable":true,"href":"https:\/\/agromt.news\/index.php?rest_route=%2Fwp%2Fv2%2Fcategories&post=20066"},{"taxonomy":"post_tag","embeddable":true,"href":"https:\/\/agromt.news\/index.php?rest_route=%2Fwp%2Fv2%2Ftags&post=20066"}],"curies":[{"name":"wp","href":"https:\/\/api.w.org\/{rel}","templated":true}]}}