{"id":20064,"date":"2025-09-11T20:21:25","date_gmt":"2025-09-12T00:21:25","guid":{"rendered":"https:\/\/agromt.news\/?p=20064"},"modified":"2025-09-11T20:21:25","modified_gmt":"2025-09-12T00:21:25","slug":"gestao-na-armazenagem-de-graos-sera-tema-do-viii-simposio-em-sorriso-mt","status":"publish","type":"post","link":"https:\/\/agromt.news\/?p=20064","title":{"rendered":"Gest\u00e3o na armazenagem de gr\u00e3os ser\u00e1 tema do VIII Simp\u00f3sio em Sorriso (MT)"},"content":{"rendered":"<p> <br \/>\n<\/p>\n<div>\n<p style=\"text-align:justify\">A cidade de Sorriso (MT) receber\u00e1, entre os dias 10 e 12 de setembro de 2025, o VIII Simp\u00f3sio Matogrossense de P\u00f3s-colheita de Gr\u00e3os (VIIISMPG2025), evento t\u00e9cnico de refer\u00eancia promovido pela Associa\u00e7\u00e3o Brasileira de P\u00f3s-Colheita \u2013 ABRAPOS. O encontro ser\u00e1 realizado no Centro de Eventos do Sicredi, com expectativa de reunir cerca de 300 participantes.&#13;\n<\/p>\n<p style=\"text-align:justify\">Com foco na &#8220;Gest\u00e3o na Unidade Armazenadora de Gr\u00e3os&#8221;, a edi\u00e7\u00e3o de 2025 contar\u00e1 com palestras e pain\u00e9is conduzidos por especialistas do setor. A programa\u00e7\u00e3o inclui temas como classifica\u00e7\u00e3o de soja e milho, controle de pragas e micotoxinas, inova\u00e7\u00e3o em secagem, automa\u00e7\u00e3o, seguran\u00e7a e gest\u00e3o de qualidade nas unidades armazenadoras.<\/p>\n<p style=\"text-align:justify\">A realiza\u00e7\u00e3o \u00e9 da ABRAPOS em parceria com a Caramuru Alimentos e a C.Vale Cooperativa Agroindustrial. Entre os co-promotores est\u00e3o a Embrapa, Conab, UFMT, AC Gr\u00e3os e Tiras Agro, al\u00e9m do apoio de diversas institui\u00e7\u00f5es mato-grossenses.<\/p>\n<p style=\"text-align:justify\">A estrutura do evento tamb\u00e9m contempla uma feira t\u00e9cnica, com a participa\u00e7\u00e3o de empresas que apresentar\u00e3o equipamentos e solu\u00e7\u00f5es para o p\u00f3s-colheita. Segundo a organiza\u00e7\u00e3o, o foco \u00e9 conectar inova\u00e7\u00e3o e boas pr\u00e1ticas \u00e0 realidade de produtores e operadores de unidades armazenadoras.&#13;\n<\/p>\n<p style=\"text-align:justify\">Esta ser\u00e1 a oitava edi\u00e7\u00e3o do simp\u00f3sio, que j\u00e1 passou por munic\u00edpios como Rondon\u00f3polis, Lucas do Rio Verde, Sinop e outras edi\u00e7\u00f5es em Sorriso. A continuidade do evento reflete a crescente demanda por capacita\u00e7\u00e3o e atualiza\u00e7\u00e3o tecnol\u00f3gica no segmento de p\u00f3s-colheita, especialmente em um estado que responde por quase 30% da produ\u00e7\u00e3o nacional de gr\u00e3os.<\/p>\n<p style=\"text-align:justify\">\u201cO simp\u00f3sio reafirma o compromisso do setor em reduzir perdas e garantir seguran\u00e7a alimentar, beneficiando tanto produtores quanto consumidores\u201d, refor\u00e7a a presidente da ABRAPOS, Maria Cec\u00edlia Andrade.<\/p>\n<p style=\"text-align:justify\">A expectativa \u00e9 que os debates reforcem pr\u00e1ticas sustent\u00e1veis e melhorem os indicadores de efici\u00eancia das unidades armazenadoras. Ao final do simp\u00f3sio, a ABRAPOS pretende consolidar recomenda\u00e7\u00f5es t\u00e9cnicas e promover articula\u00e7\u00f5es para projetos de extens\u00e3o e capacita\u00e7\u00e3o continuada no Estado.&#13;\n<\/p>\n<\/p><\/div>\n<p><script data-cfasync=\"false\">\n    !function (f, b, e, v, n, t, s) {\n        if (f.fbq) return; n = f.fbq = function () {\n            n.callMethod ?\n                n.callMethod.apply(n, arguments) : n.queue.push(arguments)\n        };\n        if (!f._fbq) f._fbq = n; n.push = n; n.loaded = !0; n.version = '2.0';\n        n.queue = []; t = b.createElement(e); t.async = !0;\n        t.src = v; s = b.getElementsByTagName(e)[0];\n        s.parentNode.insertBefore(t, s)\n    }(window, document, 'script',\n        'https:\/\/connect.facebook.net\/en_US\/fbevents.js');\n    fbq('init', '522546078623747');\n    fbq('track', 'PageView');\n<\/script><br \/>\n<br \/><br \/>\n<br \/><a href=\"https:\/\/www.agrolink.com.br\/noticias\/gestao-na-armazenagem-de-graos-sera-tema-do-viii-simposio-em-sorriso--mt-_505893.html\">Source link <\/a><\/p>\n","protected":false},"excerpt":{"rendered":"<p>A cidade de Sorriso (MT) receber\u00e1, entre os dias 10 e 12 de setembro de 2025, o VIII Simp\u00f3sio Matogrossense<\/p>\n","protected":false},"author":1,"featured_media":14778,"comment_status":"open","ping_status":"open","sticky":false,"template":"","format":"standard","meta":{"_monsterinsights_skip_tracking":false,"_monsterinsights_sitenote_active":false,"_monsterinsights_sitenote_note":"","_monsterinsights_sitenote_category":0,"_uf_show_specific_survey":0,"_uf_disable_surveys":false,"footnotes":""},"categories":[8,1,14],"tags":[],"class_list":["post-20064","post","type-post","status-publish","format-standard","has-post-thumbnail","hentry","category-agro","category-news","category-politica-agro"],"_links":{"self":[{"href":"https:\/\/agromt.news\/index.php?rest_route=\/wp\/v2\/posts\/20064"}],"collection":[{"href":"https:\/\/agromt.news\/index.php?rest_route=\/wp\/v2\/posts"}],"about":[{"href":"https:\/\/agromt.news\/index.php?rest_route=\/wp\/v2\/types\/post"}],"author":[{"embeddable":true,"href":"https:\/\/agromt.news\/index.php?rest_route=\/wp\/v2\/users\/1"}],"replies":[{"embeddable":true,"href":"https:\/\/agromt.news\/index.php?rest_route=%2Fwp%2Fv2%2Fcomments&post=20064"}],"version-history":[{"count":0,"href":"https:\/\/agromt.news\/index.php?rest_route=\/wp\/v2\/posts\/20064\/revisions"}],"wp:featuredmedia":[{"embeddable":true,"href":"https:\/\/agromt.news\/index.php?rest_route=\/wp\/v2\/media\/14778"}],"wp:attachment":[{"href":"https:\/\/agromt.news\/index.php?rest_route=%2Fwp%2Fv2%2Fmedia&parent=20064"}],"wp:term":[{"taxonomy":"category","embeddable":true,"href":"https:\/\/agromt.news\/index.php?rest_route=%2Fwp%2Fv2%2Fcategories&post=20064"},{"taxonomy":"post_tag","embeddable":true,"href":"https:\/\/agromt.news\/index.php?rest_route=%2Fwp%2Fv2%2Ftags&post=20064"}],"curies":[{"name":"wp","href":"https:\/\/api.w.org\/{rel}","templated":true}]}}