{"id":20060,"date":"2025-09-11T20:04:53","date_gmt":"2025-09-12T00:04:53","guid":{"rendered":"https:\/\/agromt.news\/?p=20060"},"modified":"2025-09-11T20:04:53","modified_gmt":"2025-09-12T00:04:53","slug":"stf-condena-bolsonaro-a-27-anos-e-3-meses-veja-pena-dos-demais-reus","status":"publish","type":"post","link":"https:\/\/agromt.news\/?p=20060","title":{"rendered":"STF condena Bolsonaro a 27 anos e 3 meses; veja pena dos demais r\u00e9us"},"content":{"rendered":"<p> <br \/>\n<br \/><img decoding=\"async\" src=\"https:\/\/agromt.news\/wp-content\/uploads\/2025\/09\/STF-condena-Bolsonaro-a-27-anos-e-3-meses-veja.jpg\" \/><\/p>\n<div>\n<p>A Primeira Turma do Supremo Tribunal Federal (STF) condenou nesta quinta-feira (11) o ex-presidente Jair Bolsonaro a 27 anos e tr\u00eas meses de pris\u00e3o em regime fechado.<\/p>\n<p>A pena foi definida ap\u00f3s o colegiado entrar na fase de dosimetria das penas ap\u00f3s a condena\u00e7\u00e3o dos oito r\u00e9us da trama golpista.<\/p>\n<p>Mais cedo, por 4 votos a 1, <strong><a href=\"https:\/\/www.canalrural.com.br\/politica\/por-4-a-1-stf-condena-bolsonaro-e-mais-sete-reus\/\">o colegiado condenou os acusados pelos crimes de organiza\u00e7\u00e3o criminosa armada<\/a><\/strong>, tentativa de aboli\u00e7\u00e3o violenta do Estado Democr\u00e1tico de Direito, golpe de Estado, dano qualificado pela viol\u00eancia e grave amea\u00e7a e deteriora\u00e7\u00e3o de patrim\u00f4nio tombado.<\/p>\n<p><strong>Quem s\u00e3o os oito condenados:<\/strong><\/p>\n<ul class=\"wp-block-list\">\n<li>Jair Bolsonaro \u2013 ex-presidente da Rep\u00fablica: <strong>27 anos e 3 meses;<\/strong><\/li>\n<li>Alexandre Ramagem \u2013 ex-diretor da Ag\u00eancia Brasileira de Intelig\u00eancia (Abin): <strong>17 anos de pris\u00e3o<\/strong><\/li>\n<li>Almir Garnier \u2013 ex-comandante da Marinha: <strong>24 anos<\/strong> <strong>de pris\u00e3o<\/strong><\/li>\n<li>Anderson Torres \u2013 ex-ministro da Justi\u00e7a e ex-secret\u00e1rio de Seguran\u00e7a do Distrito Federal: <strong>24 anos de pris\u00e3o<\/strong><\/li>\n<li>Augusto Heleno \u2013 ex-ministro do Gabinete de Seguran\u00e7a Institucional (GSI): <strong>21 anos de pris\u00e3o<\/strong>;<\/li>\n<li>Paulo S\u00e9rgio Nogueira \u2013 ex-ministro da Defesa: <strong>19 anos<\/strong><\/li>\n<li>Walter Braga Netto \u2013 ex-ministro de Bolsonaro e candidato a vice na chapa de 2022: <strong>26 anos de pris\u00e3o<\/strong><\/li>\n<li>Mauro Cid \u2013 ex-ajudante de ordens de Bolsonaro: <strong>2 anos<\/strong> (beneficiado pela dela\u00e7\u00e3o premiada).<\/li>\n<\/ul>\n<p>A exce\u00e7\u00e3o \u00e9 Alexandre Ramagem, que foi condenado somente pelos crimes de organiza\u00e7\u00e3o criminosa armada, tentativa de aboli\u00e7\u00e3o violenta do Estado Democr\u00e1tico de Direito e golpe de Estado. Deputado federal em exerc\u00edcio, ele foi beneficiado com a suspens\u00e3o de parte das acusa\u00e7\u00f5es e respondia somente a tr\u00eas dos cinco crimes imputados pela PGR.<\/p>\n<p>A pris\u00e3o n\u00e3o acontece de forma autom\u00e1tica, mas depois da an\u00e1lise dos recursos contra as condena\u00e7\u00f5es feitas pelos advogados dos r\u00e9us.<\/p>\n<\/p><\/div>\n<p><br \/>\n<br \/><a href=\"https:\/\/www.canalrural.com.br\/politica\/stf-condena-bolsonaro-a-27-anos-e-tres-meses-de-prisao-veja-pena-dos-demais-reus\/\">Source link <\/a><\/p>\n","protected":false},"excerpt":{"rendered":"<p>A Primeira Turma do Supremo Tribunal Federal (STF) condenou nesta quinta-feira (11) o ex-presidente Jair Bolsonaro a 27 anos e<\/p>\n","protected":false},"author":1,"featured_media":20061,"comment_status":"open","ping_status":"open","sticky":false,"template":"","format":"standard","meta":{"_monsterinsights_skip_tracking":false,"_monsterinsights_sitenote_active":false,"_monsterinsights_sitenote_note":"","_monsterinsights_sitenote_category":0,"_uf_show_specific_survey":0,"_uf_disable_surveys":false,"footnotes":""},"categories":[1],"tags":[],"class_list":["post-20060","post","type-post","status-publish","format-standard","has-post-thumbnail","hentry","category-news"],"_links":{"self":[{"href":"https:\/\/agromt.news\/index.php?rest_route=\/wp\/v2\/posts\/20060"}],"collection":[{"href":"https:\/\/agromt.news\/index.php?rest_route=\/wp\/v2\/posts"}],"about":[{"href":"https:\/\/agromt.news\/index.php?rest_route=\/wp\/v2\/types\/post"}],"author":[{"embeddable":true,"href":"https:\/\/agromt.news\/index.php?rest_route=\/wp\/v2\/users\/1"}],"replies":[{"embeddable":true,"href":"https:\/\/agromt.news\/index.php?rest_route=%2Fwp%2Fv2%2Fcomments&post=20060"}],"version-history":[{"count":0,"href":"https:\/\/agromt.news\/index.php?rest_route=\/wp\/v2\/posts\/20060\/revisions"}],"wp:featuredmedia":[{"embeddable":true,"href":"https:\/\/agromt.news\/index.php?rest_route=\/wp\/v2\/media\/20061"}],"wp:attachment":[{"href":"https:\/\/agromt.news\/index.php?rest_route=%2Fwp%2Fv2%2Fmedia&parent=20060"}],"wp:term":[{"taxonomy":"category","embeddable":true,"href":"https:\/\/agromt.news\/index.php?rest_route=%2Fwp%2Fv2%2Fcategories&post=20060"},{"taxonomy":"post_tag","embeddable":true,"href":"https:\/\/agromt.news\/index.php?rest_route=%2Fwp%2Fv2%2Ftags&post=20060"}],"curies":[{"name":"wp","href":"https:\/\/api.w.org\/{rel}","templated":true}]}}