{"id":20059,"date":"2025-09-11T19:23:01","date_gmt":"2025-09-11T23:23:01","guid":{"rendered":"https:\/\/agromt.news\/?p=20059"},"modified":"2025-09-11T19:23:01","modified_gmt":"2025-09-11T23:23:01","slug":"por-4-a-1-stf-condena-bolsonaro-e-mais-sete-reus","status":"publish","type":"post","link":"https:\/\/agromt.news\/?p=20059","title":{"rendered":"Por 4 a 1, STF condena Bolsonaro e mais sete re\u00fas"},"content":{"rendered":"<p> <br \/>\n<br \/><img decoding=\"async\" src=\"https:\/\/agromt.news\/wp-content\/uploads\/2025\/04\/Bolsonaro-tem-boa-evolucao-e-esta-sem-dor-diz-boletim.j.jpeg\" \/><\/p>\n<div>\n<p>Por 4 votos a 1, a Primeira Turma do Supremo Tribunal Federal (STF) condenou o ex-presidente Jair Bolsonaro por tentativa de golpe de Estado e outros quatro crimes, sob acusa\u00e7\u00e3o de liderar uma trama para permanecer no poder ap\u00f3s as elei\u00e7\u00f5es de 2022. <\/p>\n<p>\u00c9 a primeira vez na hist\u00f3ria do pa\u00eds que um ex-presidente \u00e9 punido por esse crime. Seguindo voto do relator, ministro Alexandre de Moraes, o colegiado entendeu que ele deve ser condenado pelos crimes de organiza\u00e7\u00e3o criminosa armada, tentativa de aboli\u00e7\u00e3o violenta do Estado Democr\u00e1tico de Direito, golpe de Estado, dano qualificado pela viol\u00eancia e grave amea\u00e7a e deteriora\u00e7\u00e3o de patrim\u00f4nio tombado.<\/p>\n<p>Bolsonaro est\u00e1 ineleg\u00edvel desde junho de 2023. Atualmente, ele cumpre pris\u00e3o domiciliar, com uso de tornozeleira eletr\u00f4nica, por ordem de Moraes.<\/p>\n<p>A Corte condenou ainda mais sete aliados do ex-presidente na a\u00e7\u00e3o penal da trama golpista pelos mesmos cinco crimes.<\/p>\n<p>A exce\u00e7\u00e3o \u00e9 o r\u00e9u Alexandre Ramagem, que foi condenado somente pelos crimes de organiza\u00e7\u00e3o criminosa armada, tentativa de aboli\u00e7\u00e3o violenta do Estado Democr\u00e1tico de Direito e golpe de Estado. Deputado federal em exerc\u00edcio, ele foi beneficiado com a suspens\u00e3o de parte das acusa\u00e7\u00f5es e respondia somente a tr\u00eas dos cinco crimes imputados pela Procuradoria Geral da Rep\u00fablica (PGR).<\/p>\n<p>Ap\u00f3s tr\u00eas dias de vota\u00e7\u00e3o, al\u00e9m de Moraes, os votos pela condena\u00e7\u00e3o foram proferidos por Fl\u00e1vio Dino, Carmen L\u00facia e Cristiano Zanin.<\/p>\n<p>Na sess\u00e3o de quarta-feira (10), Luiz Fux abriu diverg\u00eancia e absolveu Bolsonaro e mais cinco aliados. No entanto, o ministro votou pela condena\u00e7\u00e3o de Mauro Cid e do general Braga Netto somente pelo crime de aboli\u00e7\u00e3o do Estado Democr\u00e1tico de Direito.<\/p>\n<p>A pris\u00e3o em fun\u00e7\u00e3o da condena\u00e7\u00e3o n\u00e3o vai ocorrer de forma autom\u00e1tica. Somente ap\u00f3s a an\u00e1lise dos recursos contra a condena\u00e7\u00e3o, a pris\u00e3o ser\u00e1 efetivada.<\/p>\n<\/p><\/div>\n<p><br \/>\n<br \/><a href=\"https:\/\/www.canalrural.com.br\/politica\/por-4-a-1-stf-condena-bolsonaro-e-mais-sete-reus\/\">Source link <\/a><\/p>\n","protected":false},"excerpt":{"rendered":"<p>Por 4 votos a 1, a Primeira Turma do Supremo Tribunal Federal (STF) condenou o ex-presidente Jair Bolsonaro por tentativa<\/p>\n","protected":false},"author":1,"featured_media":12486,"comment_status":"open","ping_status":"open","sticky":false,"template":"","format":"standard","meta":{"_monsterinsights_skip_tracking":false,"_monsterinsights_sitenote_active":false,"_monsterinsights_sitenote_note":"","_monsterinsights_sitenote_category":0,"_uf_show_specific_survey":0,"_uf_disable_surveys":false,"footnotes":""},"categories":[1],"tags":[],"class_list":["post-20059","post","type-post","status-publish","format-standard","has-post-thumbnail","hentry","category-news"],"_links":{"self":[{"href":"https:\/\/agromt.news\/index.php?rest_route=\/wp\/v2\/posts\/20059"}],"collection":[{"href":"https:\/\/agromt.news\/index.php?rest_route=\/wp\/v2\/posts"}],"about":[{"href":"https:\/\/agromt.news\/index.php?rest_route=\/wp\/v2\/types\/post"}],"author":[{"embeddable":true,"href":"https:\/\/agromt.news\/index.php?rest_route=\/wp\/v2\/users\/1"}],"replies":[{"embeddable":true,"href":"https:\/\/agromt.news\/index.php?rest_route=%2Fwp%2Fv2%2Fcomments&post=20059"}],"version-history":[{"count":0,"href":"https:\/\/agromt.news\/index.php?rest_route=\/wp\/v2\/posts\/20059\/revisions"}],"wp:featuredmedia":[{"embeddable":true,"href":"https:\/\/agromt.news\/index.php?rest_route=\/wp\/v2\/media\/12486"}],"wp:attachment":[{"href":"https:\/\/agromt.news\/index.php?rest_route=%2Fwp%2Fv2%2Fmedia&parent=20059"}],"wp:term":[{"taxonomy":"category","embeddable":true,"href":"https:\/\/agromt.news\/index.php?rest_route=%2Fwp%2Fv2%2Fcategories&post=20059"},{"taxonomy":"post_tag","embeddable":true,"href":"https:\/\/agromt.news\/index.php?rest_route=%2Fwp%2Fv2%2Ftags&post=20059"}],"curies":[{"name":"wp","href":"https:\/\/api.w.org\/{rel}","templated":true}]}}