{"id":20056,"date":"2025-09-11T18:54:29","date_gmt":"2025-09-11T22:54:29","guid":{"rendered":"https:\/\/agromt.news\/?p=20056"},"modified":"2025-09-11T18:54:29","modified_gmt":"2025-09-11T22:54:29","slug":"boi-gordo-hoje-fecha-em-baixa-nas-principais-pracas-do-pais-veja-cotacoes","status":"publish","type":"post","link":"https:\/\/agromt.news\/?p=20056","title":{"rendered":"Boi gordo hoje fecha em baixa nas principais pra\u00e7as do pa\u00eds; veja cota\u00e7\u00f5es"},"content":{"rendered":"<p> <br \/>\n<br \/><img decoding=\"async\" src=\"https:\/\/agromt.news\/wp-content\/uploads\/2024\/09\/bois-correndo.jpg\" \/><\/p>\n<div>\n<p>O mercado f\u00edsico do boi gordo apresenta press\u00e3o de queda no decorrer desta semana. <\/p>\n<p>O analista da consultoria Safras &amp; Mercado Fernando Henrique Iglesias lembra que os frigor\u00edficos de maior porte contam com escalas de abate confort\u00e1veis, considerando a incid\u00eancia de animais de parceria (contratos a termo), somado a utiliza\u00e7\u00e3o de confinamentos pr\u00f3prios.<\/p>\n<p>\u201cAl\u00e9m disso, o mercado dom\u00e9stico n\u00e3o apresentou bons \u00edndices de consumo durante a primeira quinzena de setembro. Por outro lado, como ponto de suporte para o mercado restou a <a href=\"https:\/\/www.canalrural.com.br\/tag\/exportacoes\/\">exporta\u00e7\u00e3o<\/a>, que segue em ritmo acelerado durante o ano, com o pa\u00eds caminhando a passos largos para um recorde de embarques, com grande destaque para a receita obtida\u201d, disse.<\/p>\n<h2 class=\"wp-block-heading\" id=\"h-precos-do-boi-gordo\">Pre\u00e7os do boi gordo<\/h2>\n<ul class=\"wp-block-list\">\n<li><strong>S\u00e3o Paulo:<\/strong> R$ 308,58 \u2014 ontem: R$ 310,83<\/li>\n<li><strong>Goi\u00e1s: <\/strong>R$ 295,36 \u2014 R$ 301,96<\/li>\n<li><strong>Minas Gerais:<\/strong> R$ 292,94 \u2014 R$ 297,06<\/li>\n<li><strong>Mato Grosso do Sul: <\/strong>R$ 321,02 \u2014 R$ 320,82<\/li>\n<li><strong>Mato Grosso: <\/strong>R$ 301,89 \u2014 R$ 303,45<\/li>\n<\/ul>\n<h2 class=\"wp-block-heading\" id=\"h-mercado-atacadista\">Mercado atacadista<\/h2>\n<p>O mercado atacadista se depara com acomoda\u00e7\u00e3o dos pre\u00e7os para a carne bovina no decorrer da quinta-feira. <\/p>\n<p>De acordo com Iglesias, a possibilidade de reajustes diminui nos pr\u00f3ximos dias, considerando que durante a segunda quinzena o apelo a reajustes \u00e9 significativamente menor. \u201cAl\u00e9m disso, a carne de frango ainda disp\u00f5e de maior competitividade\u201d, ressalta.<\/p>\n<p>O quarto traseiro ainda \u00e9 precificado a R$ 24,10 por quilo; o quarto traseiro segue cotado a R$ 18,00 por quilo; e a ponta de agulha permanece no patamar de R$ 17,10, por quilo.<\/p>\n<h2 class=\"wp-block-heading\" id=\"h-cambio\">C\u00e2mbio<\/h2>\n<p>O d\u00f3lar comercial encerrou em queda de 0,27%, sendo negociado a R$ 5,3916 para venda e a R$ 5,3896 para compra. Durante o dia, a moeda norte-americana oscilou entre a m\u00ednima de R$ 5,3738 e a m\u00e1xima de R$ 5,4253.<\/p>\n<\/p><\/div>\n<p><br \/>\n<br \/><a href=\"https:\/\/www.canalrural.com.br\/pecuaria\/boi-gordo-hoje-fecha-em-baixa-nas-principais-pracas-do-pais-veja-cotacoes\/\">Source link <\/a><\/p>\n","protected":false},"excerpt":{"rendered":"<p>O mercado f\u00edsico do boi gordo apresenta press\u00e3o de queda no decorrer desta semana. O analista da consultoria Safras &amp;<\/p>\n","protected":false},"author":1,"featured_media":2136,"comment_status":"open","ping_status":"open","sticky":false,"template":"","format":"standard","meta":{"_monsterinsights_skip_tracking":false,"_monsterinsights_sitenote_active":false,"_monsterinsights_sitenote_note":"","_monsterinsights_sitenote_category":0,"_uf_show_specific_survey":0,"_uf_disable_surveys":false,"footnotes":""},"categories":[1],"tags":[],"class_list":["post-20056","post","type-post","status-publish","format-standard","has-post-thumbnail","hentry","category-news"],"_links":{"self":[{"href":"https:\/\/agromt.news\/index.php?rest_route=\/wp\/v2\/posts\/20056"}],"collection":[{"href":"https:\/\/agromt.news\/index.php?rest_route=\/wp\/v2\/posts"}],"about":[{"href":"https:\/\/agromt.news\/index.php?rest_route=\/wp\/v2\/types\/post"}],"author":[{"embeddable":true,"href":"https:\/\/agromt.news\/index.php?rest_route=\/wp\/v2\/users\/1"}],"replies":[{"embeddable":true,"href":"https:\/\/agromt.news\/index.php?rest_route=%2Fwp%2Fv2%2Fcomments&post=20056"}],"version-history":[{"count":0,"href":"https:\/\/agromt.news\/index.php?rest_route=\/wp\/v2\/posts\/20056\/revisions"}],"wp:featuredmedia":[{"embeddable":true,"href":"https:\/\/agromt.news\/index.php?rest_route=\/wp\/v2\/media\/2136"}],"wp:attachment":[{"href":"https:\/\/agromt.news\/index.php?rest_route=%2Fwp%2Fv2%2Fmedia&parent=20056"}],"wp:term":[{"taxonomy":"category","embeddable":true,"href":"https:\/\/agromt.news\/index.php?rest_route=%2Fwp%2Fv2%2Fcategories&post=20056"},{"taxonomy":"post_tag","embeddable":true,"href":"https:\/\/agromt.news\/index.php?rest_route=%2Fwp%2Fv2%2Ftags&post=20056"}],"curies":[{"name":"wp","href":"https:\/\/api.w.org\/{rel}","templated":true}]}}