{"id":20051,"date":"2025-09-11T17:42:24","date_gmt":"2025-09-11T21:42:24","guid":{"rendered":"https:\/\/agromt.news\/?p=20051"},"modified":"2025-09-11T17:42:24","modified_gmt":"2025-09-11T21:42:24","slug":"umidade-relativa-do-ar-bate-6-em-cidade-brasileira-tempo-seco-deve-continuar","status":"publish","type":"post","link":"https:\/\/agromt.news\/?p=20051","title":{"rendered":"Umidade relativa do ar bate 6% em cidade brasileira; tempo seco deve continuar?"},"content":{"rendered":"<p> <br \/>\n<br \/><img decoding=\"async\" src=\"https:\/\/agromt.news\/wp-content\/uploads\/2025\/09\/Umidade-relativa-do-ar-bate-6-em-cidade-brasileira-tempo.jpg\" \/><\/p>\n<div>\n<p>O Brasil entrou em emerg\u00eancia na tarde de quarta-feira (10) pelo tempo mais seco em 2025. A umidade relativa do ar (URA) em 10% ou abaixo foi registrada no <strong><a href=\"https:\/\/www.canalrural.com.br\/nacional\/parana\/\">Paran\u00e1<\/a><\/strong>, em S\u00e3o Paulo, Minas Gerais, Mato Grosso do Sul, Goi\u00e1s, no Tocantins, na <strong><a href=\"https:\/\/www.canalrural.com.br\/nacional\/bahia\/\">Bahia<\/a><\/strong> e no Maranh\u00e3o. <\/p>\n<div data-icp-cta=\"1\" id=\"icp-cta-unique\">Voc\u00ea quer entender como usar o clima a seu favor?<b> <\/b><a href=\"https:\/\/climacampo.canalrural.com.br\/climacampo_-01\">Preparamos um e-book exclusivo<\/a> para ajudar produtores rurais a se antecipar \u00e0s mudan\u00e7as do tempo e planejar melhor suas a\u00e7\u00f5es. Com base em previs\u00f5es meteorol\u00f3gicas confi\u00e1veis, ele oferece orienta\u00e7\u00f5es pr\u00e1ticas para proteger sua lavoura e otimizar seus resultados.<\/div>\n<p>No aeroporto de Ribeir\u00e3o Preto, cidade do norte paulista, ali\u00e1s, esse \u00edndice foi de apenas 6%, de acordo com a Climatempo. Para se ter ideia, a Organiza\u00e7\u00e3o Mundial da Sa\u00fade (OMS) considera a umidade no ar em torno dos 60% como adequada para o conforto humano.<\/p>\n<p>Os n\u00edveis extremos de baixa umidade no ar est\u00e3o diretamente relacionados com o grande aumento do calor que vem sendo observado no Brasil nesta segunda semana de setembro de 2025. <\/p>\n<p>Na tarde de quarta, os term\u00f4metros em torno dos 40\u00b0C foram observadas em estados do Centro-Oeste, do Norte e do Nordeste, mas muitas \u00e1reas no interior de S\u00e3o Paulo, oeste e norte de Minas Gerais e norte do Paran\u00e1 registram temperaturas entre 35\u00b0C a 39\u00b0C.<\/p>\n<p>\u201cQuanto mais quente o ar, maior \u00e9 a evapora\u00e7\u00e3o natural da umidade. O aumento do calor desta semana est\u00e1 fazendo com que o ar, o solo, a vegeta\u00e7\u00e3o percam mais umidade\u201d, diz a Climatempo.<\/p>\n<h2 class=\"wp-block-heading\" id=\"h-tempo-seco-vai-continuar\">Tempo seco vai continuar?<\/h2>\n<p>A maioria das \u00e1reas do Brasil vai continuar sem chuva pelo menos at\u00e9 o in\u00edcio da pr\u00f3xima semana, diz a Climatempo. <\/p>\n<p>As temperaturas v\u00e3o continuar elevadas no Sudeste, Centro-Oeste, Norte e Nordeste e parte do Paran\u00e1, onde n\u00e3o h\u00e1 expectativa de entrada de ar frio que possa ajudar a diminuir o calor.<\/p>\n<p>N\u00edveis de umidade do ar entre 21% e 30% ser\u00e3o observados em amplas \u00e1reas do pa\u00eds at\u00e9 o come\u00e7o da pr\u00f3xima semana. Al\u00e9m disso, \u00edndices de umidade relativa do ar em torno dos <strong>10% <\/strong>devem voltar a se repetir em v\u00e1rias \u00e1reas do interior do Sudeste, nos estados do Centro-Oeste, no interior do Nordeste e tamb\u00e9m no Tocantins e em \u00e1reas do leste do Par\u00e1.<\/p>\n<\/p><\/div>\n<p><br \/>\n<br \/><a href=\"https:\/\/www.canalrural.com.br\/tempo\/umidade-relativa-do-ar-bate-6-em-cidade-brasileira-tempo-seco-deve-continuar\/\">Source link <\/a><\/p>\n","protected":false},"excerpt":{"rendered":"<p>O Brasil entrou em emerg\u00eancia na tarde de quarta-feira (10) pelo tempo mais seco em 2025. A umidade relativa do<\/p>\n","protected":false},"author":1,"featured_media":19020,"comment_status":"open","ping_status":"open","sticky":false,"template":"","format":"standard","meta":{"_monsterinsights_skip_tracking":false,"_monsterinsights_sitenote_active":false,"_monsterinsights_sitenote_note":"","_monsterinsights_sitenote_category":0,"_uf_show_specific_survey":0,"_uf_disable_surveys":false,"footnotes":""},"categories":[1],"tags":[],"class_list":["post-20051","post","type-post","status-publish","format-standard","has-post-thumbnail","hentry","category-news"],"_links":{"self":[{"href":"https:\/\/agromt.news\/index.php?rest_route=\/wp\/v2\/posts\/20051"}],"collection":[{"href":"https:\/\/agromt.news\/index.php?rest_route=\/wp\/v2\/posts"}],"about":[{"href":"https:\/\/agromt.news\/index.php?rest_route=\/wp\/v2\/types\/post"}],"author":[{"embeddable":true,"href":"https:\/\/agromt.news\/index.php?rest_route=\/wp\/v2\/users\/1"}],"replies":[{"embeddable":true,"href":"https:\/\/agromt.news\/index.php?rest_route=%2Fwp%2Fv2%2Fcomments&post=20051"}],"version-history":[{"count":0,"href":"https:\/\/agromt.news\/index.php?rest_route=\/wp\/v2\/posts\/20051\/revisions"}],"wp:featuredmedia":[{"embeddable":true,"href":"https:\/\/agromt.news\/index.php?rest_route=\/wp\/v2\/media\/19020"}],"wp:attachment":[{"href":"https:\/\/agromt.news\/index.php?rest_route=%2Fwp%2Fv2%2Fmedia&parent=20051"}],"wp:term":[{"taxonomy":"category","embeddable":true,"href":"https:\/\/agromt.news\/index.php?rest_route=%2Fwp%2Fv2%2Fcategories&post=20051"},{"taxonomy":"post_tag","embeddable":true,"href":"https:\/\/agromt.news\/index.php?rest_route=%2Fwp%2Fv2%2Ftags&post=20051"}],"curies":[{"name":"wp","href":"https:\/\/api.w.org\/{rel}","templated":true}]}}