{"id":20049,"date":"2025-09-11T17:28:54","date_gmt":"2025-09-11T21:28:54","guid":{"rendered":"https:\/\/agromt.news\/?p=20049"},"modified":"2025-09-11T17:28:54","modified_gmt":"2025-09-11T21:28:54","slug":"manejo-de-pastagem-o-guia-para-escolher-o-capim-ideal-para-gado-e-cavalo","status":"publish","type":"post","link":"https:\/\/agromt.news\/?p=20049","title":{"rendered":"Manejo de pastagem: o guia para escolher o capim ideal para gado e cavalo"},"content":{"rendered":"<p> <br \/>\n<\/p>\n<div>\n<p>Pecuaristas, a busca por uma pastagem que sirva para o gado e para os cavalos na mesma \u00e1rea \u00e9 um desafio. <strong>Raimundo Marcos<\/strong>, de Palmas, no <strong>estado do Tocantins<\/strong>, tem essa d\u00favida e quer saber se existe alguma variedade de capim que possa atender a ambos os animais. Assista ao v\u00eddeo abaixo e confira as recomenda\u00e7\u00f5es na \u00edntegra.<\/p>\n<figure class=\"wp-block-embed is-type-video is-provider-youtube wp-block-embed-youtube wp-embed-aspect-16-9 wp-has-aspect-ratio\">\n<p>\n<iframe title=\"PASTO PARA GADO E CAVALO: QUAL CAPIM SERVE PARA OS DOIS ANIMAIS?\" width=\"800\" height=\"450\" src=\"https:\/\/www.youtube.com\/embed\/aleq6nyK5L0?feature=oembed\" frameborder=\"0\" allow=\"accelerometer; autoplay; clipboard-write; encrypted-media; gyroscope; picture-in-picture; web-share\" referrerpolicy=\"strict-origin-when-cross-origin\" allowfullscreen><\/iframe><noscript><iframe title=\"PASTO PARA GADO E CAVALO: QUAL CAPIM SERVE PARA OS DOIS ANIMAIS?\" width=\"800\" height=\"450\" src=\"https:\/\/www.youtube.com\/embed\/aleq6nyK5L0?feature=oembed\" frameborder=\"0\" allow=\"accelerometer; autoplay; clipboard-write; encrypted-media; gyroscope; picture-in-picture; web-share\" referrerpolicy=\"strict-origin-when-cross-origin\" allowfullscreen><\/iframe><\/noscript>\n<\/p>\n<\/figure>\n<p>Nesta quinta-feira (11), o engenheiro agr\u00f4nomo <strong>Wagner Pires<\/strong>, especialista em pastagens e embaixador de conte\u00fado do <strong>Giro do Boi<\/strong>, respondeu \u00e0 pergunta no quadro \u201c<strong>Giro do Boi Responde<\/strong>\u201d.<\/p>\n<p>Ele explica que a maioria das gram\u00edneas serve para os dois, mas o segredo est\u00e1 no manejo, devido \u00e0s diferentes formas de pastejo.<\/p>\n<h2 class=\"wp-block-heading\" id=\"h-diferenca-no-pastejo-gado-vs-cavalo\">Diferen\u00e7a no pastejo: gado vs. cavalo<\/h2>\n<figure class=\"wp-block-image size-large\"><img fetchpriority=\"high\" decoding=\"async\" width=\"1024\" height=\"685\" alt=\"\" class=\"wp-image-4064113\"  data-lazy- src=\"https:\/\/agromt.news\/wp-content\/uploads\/2025\/09\/Manejo-de-pastagem-o-guia-para-escolher-o-capim-ideal.jpg\"\/><img decoding=\"async\" width=\"1024\" height=\"685\" src=\"https:\/\/agromt.news\/wp-content\/uploads\/2025\/09\/Manejo-de-pastagem-o-guia-para-escolher-o-capim-ideal.jpg\" alt=\"\" class=\"wp-image-4064113\"  \/><figcaption class=\"wp-element-caption\">Foto: Ricardo Paino Beltrame\/Embrapa<\/figcaption><\/figure>\n<p>A principal diferen\u00e7a entre o pastejo do <a href=\"https:\/\/girodoboi.canalrural.com.br\/tag\/gado-de-corte\/\">gado<\/a> e do <a href=\"https:\/\/girodoboi.canalrural.com.br\/tag\/cavalo\/\">cavalo<\/a> \u00e9 a forma como eles cortam o capim. O bovino come andando, pegando as pontas do capim. J\u00e1 o cavalo come parado e corta o capim at\u00e9 embaixo, e se n\u00e3o houver um manejo correto, ele pode ir at\u00e9 a raiz.<\/p>\n<p>Para os bovinos, essa forma de pastejo n\u00e3o traz problema. O problema mora nos equ\u00eddeos, pois se eles comerem a <strong>gema apical<\/strong> (o tecido de onde brota a folha), a planta n\u00e3o vai brotar novamente e a forrageira pode ser prejudicada.<\/p>\n<p>Por isso, para os cavalos, \u00e9 preciso plantar um capim que tenha a gema apical bem baixinha.<\/p>\n<h2 class=\"wp-block-heading\" id=\"h-capins-ideais-para-gado-e-cavalo\">Capins ideais para gado e cavalo<\/h2>\n<figure class=\"wp-block-image size-large\"><img decoding=\"async\" width=\"1024\" height=\"576\" alt=\"Capim humidicola. Foto: Divulga\u00e7\u00e3o\" class=\"wp-image-4117585\"  data-lazy- src=\"https:\/\/agromt.news\/wp-content\/uploads\/2025\/08\/Capim-humidicola-e-sal-mineral-um-mito-que-pode-prejudicar.jpg\"\/><img loading=\"lazy\" decoding=\"async\" width=\"1024\" height=\"576\" src=\"https:\/\/agromt.news\/wp-content\/uploads\/2025\/08\/Capim-humidicola-e-sal-mineral-um-mito-que-pode-prejudicar.jpg\" alt=\"Capim humidicola. Foto: Divulga\u00e7\u00e3o\" class=\"wp-image-4117585\"  \/><figcaption class=\"wp-element-caption\">Capim humidicola. Foto: Divulga\u00e7\u00e3o<\/figcaption><\/figure>\n<p>A maioria das gram\u00edneas serve para o gado e para o cavalo, mas algumas variedades s\u00e3o mais indicadas para equ\u00eddeos por terem a gema apical mais baixa e uma melhor digestibilidade. Wagner Pires recomenda:<\/p>\n<ul class=\"wp-block-list\">\n<li><strong>Braqui\u00e1ria humid\u00edcola<\/strong><\/li>\n<li><strong>Dictyoneura ou laneiro<\/strong><\/li>\n<li><strong>Tifton<\/strong><\/li>\n<li><strong>Grama estrela<\/strong><\/li>\n<li><strong>Panicum aruana:<\/strong> \u00c9 um material excelente para equinos, caprinos e ovinos por ter a gema apical baixa.<\/li>\n<\/ul>\n<p>O especialista alerta para o uso do <strong>capim Massai<\/strong>. Quando est\u00e1 baixo, o cavalo come bem. No entanto, \u00e0 medida que cresce, o capim Massai perde digestibilidade.<\/p>\n<p>O cavalo, que gosta do capim, come em grande quantidade, o que pode causar empazinamento e, em alguns casos, at\u00e9 a morte do animal.<\/p>\n<p>O uso do <strong>Momba\u00e7a<\/strong> e do <strong>Zuri<\/strong>, que s\u00e3o capins de porte mais alto, deve ser feito com cautela, pois o cavalo pode comer a gema apical e estragar a forrageira. O segredo, portanto, \u00e9 a escolha do capim certo para o manejo que voc\u00ea pretende ter.<\/p>\n<\/p><\/div>\n<p><br \/>\n<br \/><a href=\"https:\/\/www.canalrural.com.br\/pecuaria\/manejo-de-pastagem-o-guia-para-escolher-o-capim-ideal-para-gado-e-cavalo\/\">Source link <\/a><\/p>\n","protected":false},"excerpt":{"rendered":"<p>Pecuaristas, a busca por uma pastagem que sirva para o gado e para os cavalos na mesma \u00e1rea \u00e9 um<\/p>\n","protected":false},"author":1,"featured_media":20050,"comment_status":"open","ping_status":"open","sticky":false,"template":"","format":"standard","meta":{"_monsterinsights_skip_tracking":false,"_monsterinsights_sitenote_active":false,"_monsterinsights_sitenote_note":"","_monsterinsights_sitenote_category":0,"_uf_show_specific_survey":0,"_uf_disable_surveys":false,"footnotes":""},"categories":[1],"tags":[],"class_list":["post-20049","post","type-post","status-publish","format-standard","has-post-thumbnail","hentry","category-news"],"_links":{"self":[{"href":"https:\/\/agromt.news\/index.php?rest_route=\/wp\/v2\/posts\/20049"}],"collection":[{"href":"https:\/\/agromt.news\/index.php?rest_route=\/wp\/v2\/posts"}],"about":[{"href":"https:\/\/agromt.news\/index.php?rest_route=\/wp\/v2\/types\/post"}],"author":[{"embeddable":true,"href":"https:\/\/agromt.news\/index.php?rest_route=\/wp\/v2\/users\/1"}],"replies":[{"embeddable":true,"href":"https:\/\/agromt.news\/index.php?rest_route=%2Fwp%2Fv2%2Fcomments&post=20049"}],"version-history":[{"count":0,"href":"https:\/\/agromt.news\/index.php?rest_route=\/wp\/v2\/posts\/20049\/revisions"}],"wp:featuredmedia":[{"embeddable":true,"href":"https:\/\/agromt.news\/index.php?rest_route=\/wp\/v2\/media\/20050"}],"wp:attachment":[{"href":"https:\/\/agromt.news\/index.php?rest_route=%2Fwp%2Fv2%2Fmedia&parent=20049"}],"wp:term":[{"taxonomy":"category","embeddable":true,"href":"https:\/\/agromt.news\/index.php?rest_route=%2Fwp%2Fv2%2Fcategories&post=20049"},{"taxonomy":"post_tag","embeddable":true,"href":"https:\/\/agromt.news\/index.php?rest_route=%2Fwp%2Fv2%2Ftags&post=20049"}],"curies":[{"name":"wp","href":"https:\/\/api.w.org\/{rel}","templated":true}]}}