{"id":20048,"date":"2025-09-11T17:01:15","date_gmt":"2025-09-11T21:01:15","guid":{"rendered":"https:\/\/agromt.news\/?p=20048"},"modified":"2025-09-11T17:01:15","modified_gmt":"2025-09-11T21:01:15","slug":"exportacao-de-produtos-atingidos-por-tarifaco-cai-22-em-agosto","status":"publish","type":"post","link":"https:\/\/agromt.news\/?p=20048","title":{"rendered":"Exporta\u00e7\u00e3o de produtos atingidos por tarifa\u00e7o cai 22% em agosto"},"content":{"rendered":"<p> <br \/>\n<\/p>\n<div>\n<p>As exporta\u00e7\u00f5es de produtos afetados pelo tarifa\u00e7o norte-americano ca\u00edram 22,4% em agosto na compara\u00e7\u00e3o com o mesmo m\u00eas de 2024. J\u00e1 as vendas de itens que n\u00e3o sofreram taxas adicionais recuaram 7,1%.<\/p>\n<p>A constata\u00e7\u00e3o est\u00e1 no Monitor de Com\u00e9rcio Brasil-EUA, boletim elaborado pela C\u00e2mara Americana de Com\u00e9rcio para o Brasil (Amcham Brasil), entidade sem fins lucrativos que representa mais de 3,5 mil empresas envolvidas no com\u00e9rcio entre os dois pa\u00edses.<\/p>\n<p>A an\u00e1lise \u00e9 feita em cima de dados do Minist\u00e9rio do Desenvolvimento, Ind\u00fastria, Com\u00e9rcio e Servi\u00e7os (MDIC), que j\u00e1 havia revelado que as exporta\u00e7\u00f5es brasileiras para os <strong><a href=\"https:\/\/www.canalrural.com.br\/tag\/estados-unidos\/\">Estados Unidos<\/a><\/strong> regrediram 18,5% em agosto ante o mesmo m\u00eas de 2024.<\/p>\n<p>De acordo com a Amcham, os dados do m\u00eas passado indicam que as sobretaxas impostas pelos EUA provocaram uma queda expressiva nas exporta\u00e7\u00f5es brasileiras e v\u00eam contribuindo tamb\u00e9m para a desacelera\u00e7\u00e3o das importa\u00e7\u00f5es.<\/p>\n<p>J\u00e1 em rela\u00e7\u00e3o aos produtos n\u00e3o taxados, a Amcham avalia que a queda de 7,1% foi influenciada \u201csobretudo por fatores de mercado, como a menor demanda dos EUA por petr\u00f3leo e derivados\u201d.<\/p>\n<h2 class=\"wp-block-heading\" id=\"h-segundo-parceiro-comercial\">Segundo parceiro comercial<\/h2>\n<p>Os Estados Unidos s\u00e3o o segundo principal parceiro comercial do Brasil, perdendo apenas para a China.<\/p>\n<p>No acumulado dos primeiros oito meses do ano, o com\u00e9rcio entre os dois pa\u00edses chegou a US$ 56,6 bilh\u00f5es. As exporta\u00e7\u00f5es brasileiras somam US$ 26,6 bilh\u00f5es e apresentam alta de 1,6% ante janeiro a agosto de 2024.<\/p>\n<p>Mas o resultado isolado de agosto significou a maior queda mensal de 2025, \u201cindicando que o tarifa\u00e7o influenciou as decis\u00f5es empresariais\u201d, frisa a Amcham.<\/p>\n<h2 class=\"wp-block-heading\" id=\"h-tarifaco-do-governo-trump\">Tarifa\u00e7o do governo Trump<\/h2>\n<figure class=\"wp-block-image size-large\"><img fetchpriority=\"high\" decoding=\"async\" width=\"1024\" height=\"682\" src=\"https:\/\/agromt.news\/wp-content\/uploads\/2025\/09\/Exportacao-de-produtos-atingidos-por-tarifaco-cai-22-em-agosto.jpeg\" alt=\"Donald Trump\" class=\"wp-image-4114277\"  \/><figcaption class=\"wp-element-caption\">Foto: Divulga\u00e7\u00e3o Casa Branca<\/figcaption><\/figure>\n<p>A aplica\u00e7\u00e3o de taxas de at\u00e9 50% para grande parte das vendas brasileiras para os Estados Unidos ficou conhecida como tarifa\u00e7o.<\/p>\n<p>O governo de Donald Trump assinou uma ordem executiva que estipulou a cobran\u00e7a a partir de 6 de agosto, mas deixou cerca de 700 produtos em uma lista de exce\u00e7\u00f5es. Entre eles est\u00e3o suco e polpa de laranja, combust\u00edveis, min\u00e9rios, fertilizantes e aeronaves civis, incluindo motores, pe\u00e7as e componentes. Tamb\u00e9m ficaram de fora produtos como polpa de madeira, celulose, metais preciosos, energia e produtos energ\u00e9ticos.<\/p>\n<p>Trump alega que os americanos t\u00eam d\u00e9ficit comercial (compram mais do que vendem) com o Brasil \u2013 o que \u00e9 desmentido por n\u00fameros oficiais de ambos os pa\u00edses.<\/p>\n<p>O presidente americano tamb\u00e9m usou como justificativa o tratamento dado pelo Brasil ao ex-presidente Jair Bolsonaro, que considera ser perseguido. Bolsonaro \u00e9 r\u00e9u no Supremo Tribunal Federal (STF) por tentativa de golpe de Estado.<\/p>\n<p>De acordo com o Minist\u00e9rio do Desenvolvimento, Ind\u00fastria, Com\u00e9rcio e Servi\u00e7os, o tarifa\u00e7o de 50% incide em cerca de um ter\u00e7o (35,9%) das exporta\u00e7\u00f5es brasileiras para os Estados Unidos.<\/p>\n<p>Os dados mostram que, diferentemente do alegado por Trump, os Estados Unidos vendem mais do que compram do Brasil. Apenas em agosto, esse d\u00e9ficit comercial brasileiro ficou em US$ 1,2 bilh\u00e3o, alta de 188% ante mesmo m\u00eas do ano passado.<\/p>\n<p>J\u00e1 no consolidado de janeiro a agosto, o d\u00e9ficit soma R$ 3,4 bilh\u00f5es.<\/p>\n<p>O levantamento da c\u00e2mara empresarial mostra que, de janeiro a julho, o d\u00e9ficit americano com o mundo todo \u00e9 de US$ 809,3 bilh\u00f5es, alta de 22,4% ante o mesmo per\u00edodo de 2024. Mas o Brasil est\u00e1 na outra ponta dessa conta como o quinto parceiro que mais tem d\u00e9ficit na rela\u00e7\u00e3o com os americanos, perdendo apenas para Pa\u00edses Baixos, Hong Kong, Reino Unido e Emirados \u00c1rabes.<\/p>\n<h2 class=\"wp-block-heading\" id=\"h-importacoes-brasileiras\">Importa\u00e7\u00f5es brasileiras<\/h2>\n<p>De acordo com a Amcham, o impacto do tarifa\u00e7o tamb\u00e9m se manifesta nas importa\u00e7\u00f5es brasileiras, \u201cespecialmente em setores mais integrados com a ind\u00fastria americana, como carv\u00e3o mineral, essencial para a produ\u00e7\u00e3o da siderurgia no Brasil\u201d, ou seja, materiais que as empresas brasileiras compram dos Estados Unidos para revender aos americanos incorporados em outros produtos.<\/p>\n<p>Em agosto, as importa\u00e7\u00f5es brasileiras subiram 4,6%, mas em ritmo de expans\u00e3o abaixo dos registrados em 18,1% (julho) e 18,8% (junho), indicando perda de dinamismo nas trocas bilaterais.<\/p>\n<p>\u201cA forte desacelera\u00e7\u00e3o no ritmo das importa\u00e7\u00f5es brasileiras vindas dos EUA sinaliza um efeito indireto das tarifas, reflexo do alto grau de integra\u00e7\u00e3o e de com\u00e9rcio intrafirma entre as duas maiores economias das Am\u00e9ricas\u201d, avalia o presidente da Amcham, Abr\u00e3o Neto.<\/p>\n<\/p><\/div>\n<p><br \/>\n<br \/><a href=\"https:\/\/www.canalrural.com.br\/diversos\/exportacao-de-produtos-atingidos-por-tarifaco-cai-22-em-agosto\/\">Source link <\/a><\/p>\n","protected":false},"excerpt":{"rendered":"<p>As exporta\u00e7\u00f5es de produtos afetados pelo tarifa\u00e7o norte-americano ca\u00edram 22,4% em agosto na compara\u00e7\u00e3o com o mesmo m\u00eas de 2024.<\/p>\n","protected":false},"author":1,"featured_media":16850,"comment_status":"open","ping_status":"open","sticky":false,"template":"","format":"standard","meta":{"_monsterinsights_skip_tracking":false,"_monsterinsights_sitenote_active":false,"_monsterinsights_sitenote_note":"","_monsterinsights_sitenote_category":0,"_uf_show_specific_survey":0,"_uf_disable_surveys":false,"footnotes":""},"categories":[1],"tags":[],"class_list":["post-20048","post","type-post","status-publish","format-standard","has-post-thumbnail","hentry","category-news"],"_links":{"self":[{"href":"https:\/\/agromt.news\/index.php?rest_route=\/wp\/v2\/posts\/20048"}],"collection":[{"href":"https:\/\/agromt.news\/index.php?rest_route=\/wp\/v2\/posts"}],"about":[{"href":"https:\/\/agromt.news\/index.php?rest_route=\/wp\/v2\/types\/post"}],"author":[{"embeddable":true,"href":"https:\/\/agromt.news\/index.php?rest_route=\/wp\/v2\/users\/1"}],"replies":[{"embeddable":true,"href":"https:\/\/agromt.news\/index.php?rest_route=%2Fwp%2Fv2%2Fcomments&post=20048"}],"version-history":[{"count":0,"href":"https:\/\/agromt.news\/index.php?rest_route=\/wp\/v2\/posts\/20048\/revisions"}],"wp:featuredmedia":[{"embeddable":true,"href":"https:\/\/agromt.news\/index.php?rest_route=\/wp\/v2\/media\/16850"}],"wp:attachment":[{"href":"https:\/\/agromt.news\/index.php?rest_route=%2Fwp%2Fv2%2Fmedia&parent=20048"}],"wp:term":[{"taxonomy":"category","embeddable":true,"href":"https:\/\/agromt.news\/index.php?rest_route=%2Fwp%2Fv2%2Fcategories&post=20048"},{"taxonomy":"post_tag","embeddable":true,"href":"https:\/\/agromt.news\/index.php?rest_route=%2Fwp%2Fv2%2Ftags&post=20048"}],"curies":[{"name":"wp","href":"https:\/\/api.w.org\/{rel}","templated":true}]}}