{"id":20046,"date":"2025-09-11T16:28:45","date_gmt":"2025-09-11T20:28:45","guid":{"rendered":"https:\/\/agromt.news\/?p=20046"},"modified":"2025-09-11T16:28:45","modified_gmt":"2025-09-11T20:28:45","slug":"so-69-das-lavouras-tem-internet","status":"publish","type":"post","link":"https:\/\/agromt.news\/?p=20046","title":{"rendered":"s\u00f3 69% das lavouras t\u00eam internet"},"content":{"rendered":"<p> <br \/>\n<\/p>\n<div>\n<p>Um levantamento da ConectarAGRO, em parceria com a Universidade Federal de Vi\u00e7osa (UFV), revela que apenas 69% das lavouras de caf\u00e9 no Brasil t\u00eam acesso \u00e0 internet, mostrando desigualdades regionais significativas. Segundo Paola Campiello, presidente da associa\u00e7\u00e3o, o dado evidencia desafios em estados com topografia complexa e pequenas propriedades, como Minas Gerais.&#13;\n<\/p>\n<p>O estudo cruzou informa\u00e7\u00f5es de produ\u00e7\u00e3o e cobertura digital 4G e 5G em 1,27 milh\u00e3o de hectares cultivados. Paran\u00e1 (81,8%), Esp\u00edrito Santo (79,5%) e S\u00e3o Paulo (76,3%) lideram em conectividade, favorecendo o uso de tecnologias como agricultura de precis\u00e3o e rastreabilidade. Minas Gerais, maior produtor do pa\u00eds, conecta 67,8% de seus 886 mil hectares, enquanto Bahia (40,7%) e Goi\u00e1s (10,5%) apresentam os piores \u00edndices, dificultando a inser\u00e7\u00e3o plena na agricultura 4.0.<\/p>\n<p>A an\u00e1lise municipal refor\u00e7a os contrastes. Patroc\u00ednio, no Cerrado Mineiro, conecta 57,9% das lavouras, enquanto Monte Carmelo alcan\u00e7a 81,9% e Serra do Salitre apenas 23%, demonstrando como a falta de infraestrutura limita produtividade mesmo em \u00e1reas tradicionais. \u201cO dado, que \u00e0 primeira vista parece robusto, esconde os desafios do estado, cuja produ\u00e7\u00e3o \u00e9 marcada por topografia montanhosa, grande dispers\u00e3o territorial e predomin\u00e2ncia de pequenas propriedades, o que dificulta a universaliza\u00e7\u00e3o da cobertura digital mesmo em regi\u00f5es de forte tradi\u00e7\u00e3o cafeeira, como Sul de Minas e Matas de Minas\u201d, explica.&#13;\n<\/p>\n<p>\u201cA conectividade representa inclus\u00e3o social, seguran\u00e7a alimentar e soberania tecnol\u00f3gica. Garantir acesso digital nas lavouras \u00e9 assegurar que o caf\u00e9 brasileiro continue sendo refer\u00eancia mundial em qualidade, inova\u00e7\u00e3o e sustentabilidade, em um mercado cada vez mais exigente\u201d, conclui Campiello.<br \/>&#13;<br \/>\n\u00a0<\/p>\n<\/p><\/div>\n<p><script data-cfasync=\"false\">\n    !function (f, b, e, v, n, t, s) {\n        if (f.fbq) return; n = f.fbq = function () {\n            n.callMethod ?\n                n.callMethod.apply(n, arguments) : n.queue.push(arguments)\n        };\n        if (!f._fbq) f._fbq = n; n.push = n; n.loaded = !0; n.version = '2.0';\n        n.queue = []; t = b.createElement(e); t.async = !0;\n        t.src = v; s = b.getElementsByTagName(e)[0];\n        s.parentNode.insertBefore(t, s)\n    }(window, document, 'script',\n        'https:\/\/connect.facebook.net\/en_US\/fbevents.js');\n    fbq('init', '522546078623747');\n    fbq('track', 'PageView');\n<\/script><br \/>\n<br \/><br \/>\n<br \/><a href=\"https:\/\/www.agrolink.com.br\/noticias\/cafe-no-brasil--so-69--das-lavouras-tem-internet_505895.html\">Source link <\/a><\/p>\n","protected":false},"excerpt":{"rendered":"<p>Um levantamento da ConectarAGRO, em parceria com a Universidade Federal de Vi\u00e7osa (UFV), revela que apenas 69% das lavouras de<\/p>\n","protected":false},"author":1,"featured_media":20047,"comment_status":"open","ping_status":"open","sticky":false,"template":"","format":"standard","meta":{"_monsterinsights_skip_tracking":false,"_monsterinsights_sitenote_active":false,"_monsterinsights_sitenote_note":"","_monsterinsights_sitenote_category":0,"_uf_show_specific_survey":0,"_uf_disable_surveys":false,"footnotes":""},"categories":[8,1,14],"tags":[],"class_list":["post-20046","post","type-post","status-publish","format-standard","has-post-thumbnail","hentry","category-agro","category-news","category-politica-agro"],"_links":{"self":[{"href":"https:\/\/agromt.news\/index.php?rest_route=\/wp\/v2\/posts\/20046"}],"collection":[{"href":"https:\/\/agromt.news\/index.php?rest_route=\/wp\/v2\/posts"}],"about":[{"href":"https:\/\/agromt.news\/index.php?rest_route=\/wp\/v2\/types\/post"}],"author":[{"embeddable":true,"href":"https:\/\/agromt.news\/index.php?rest_route=\/wp\/v2\/users\/1"}],"replies":[{"embeddable":true,"href":"https:\/\/agromt.news\/index.php?rest_route=%2Fwp%2Fv2%2Fcomments&post=20046"}],"version-history":[{"count":0,"href":"https:\/\/agromt.news\/index.php?rest_route=\/wp\/v2\/posts\/20046\/revisions"}],"wp:featuredmedia":[{"embeddable":true,"href":"https:\/\/agromt.news\/index.php?rest_route=\/wp\/v2\/media\/20047"}],"wp:attachment":[{"href":"https:\/\/agromt.news\/index.php?rest_route=%2Fwp%2Fv2%2Fmedia&parent=20046"}],"wp:term":[{"taxonomy":"category","embeddable":true,"href":"https:\/\/agromt.news\/index.php?rest_route=%2Fwp%2Fv2%2Fcategories&post=20046"},{"taxonomy":"post_tag","embeddable":true,"href":"https:\/\/agromt.news\/index.php?rest_route=%2Fwp%2Fv2%2Ftags&post=20046"}],"curies":[{"name":"wp","href":"https:\/\/api.w.org\/{rel}","templated":true}]}}