{"id":20042,"date":"2025-09-11T13:20:13","date_gmt":"2025-09-11T17:20:13","guid":{"rendered":"https:\/\/agromt.news\/?p=20042"},"modified":"2025-09-11T13:20:13","modified_gmt":"2025-09-11T17:20:13","slug":"inscricoes-abertas-para-o-3-congresso-paranaense-de-agricultura-de-baixa-emissao-de-carbono","status":"publish","type":"post","link":"https:\/\/agromt.news\/?p=20042","title":{"rendered":"Inscri\u00e7\u00f5es abertas para o 3\u00b0 Congresso Paranaense de Agricultura de Baixa Emiss\u00e3o de Carbono"},"content":{"rendered":"<p> <br \/>\n<br \/><img decoding=\"async\" src=\"https:\/\/agromt.news\/wp-content\/uploads\/2025\/05\/Diesel-fora-de-campo-em-Sao-Paulo-Embrapa-Soja-comenta.png\" \/><\/p>\n<div>\n<p>Est\u00e3o abertas as inscri\u00e7\u00f5es para o 3\u00b0 Congresso Paranaense de Agricultura de Baixa Emiss\u00e3o de Carbono, que ser\u00e1 realizado nos dias 23 e 24 de setembro, das 8h \u00e0s 18h, na sede da <a href=\"https:\/\/www.embrapa.br\/soja\">Embrapa Soja<\/a>, em Londrina (PR).<\/p>\n<p>O evento \u00e9 promovido pela Secretaria da Agricultura e do Abastecimento do Paran\u00e1, Instituto de Desenvolvimento Rural do Paran\u00e1 (IDR-Paran\u00e1), Embrapa e parceiros do setor <a href=\"https:\/\/www.canalrural.com.br\/agricultura\/projeto-soja-brasil\/\">agropecu\u00e1rio<\/a>, como federa\u00e7\u00f5es e associa\u00e7\u00f5es de engenharia agron\u00f4mica, al\u00e9m de consultorias ambientais. As inscri\u00e7\u00f5es s\u00e3o gratuitas e podem ser feitas <a href=\"https:\/\/lp-cnpso.comunica.embrapa.br\/3-congresso-baixo-emissao-de-carbono?utm_source=chatgpt.com\">neste link<\/a>.<\/p>\n<ul class=\"wp-block-list\">\n<li><strong><em>Fique por dentro das novidades e not\u00edcias recentes sobre a soja! Participe da nossa comunidade atrav\u00e9s do\u00a0link! \ud83c\udf31<\/em><\/strong><\/li>\n<\/ul>\n<h3 class=\"wp-block-heading\" id=\"h-programacao-do-congresso\">Programa\u00e7\u00e3o do congresso<\/h3>\n<p>A programa\u00e7\u00e3o inclui palestras e pain\u00e9is sobre as negocia\u00e7\u00f5es internacionais da COP 30, o papel do carbono na produ\u00e7\u00e3o agropecu\u00e1ria, o mercado de carbono, movimenta\u00e7\u00f5es financeiras relacionadas \u00e0 sustentabilidade e os desafios e oportunidades para os biocombust\u00edveis.<\/p>\n<h3 class=\"wp-block-heading\" id=\"h-palestras-e-paineis\">Palestras e pain\u00e9is <\/h3>\n<p><strong>23\/09 (ter\u00e7a-feira)<\/strong><br \/><strong>8h \u2013 12h30 | Palestra de abertura e Painel: Conjuntura das negocia\u00e7\u00f5es da COP<\/strong><\/p>\n<ul class=\"wp-block-list\">\n<li>Gustavo Mozzer (Embrapa) \u2013 Negocia\u00e7\u00f5es da COP 29 para o setor agr\u00edcola: avan\u00e7os e necessidades<\/li>\n<li>Rog\u00e9rio Mello (UPL) \u2013 O que esperar da COP 30 para o setor agr\u00edcola<\/li>\n<li>Gustavo Spadotti (Embrapa) \u2013 Estrat\u00e9gias para mostrar a verdadeira imagem da agricultura sustent\u00e1vel brasileira<\/li>\n<\/ul>\n<p><strong>14h \u2013 16h | Painel: Mercado de Carbono<\/strong><\/p>\n<ul class=\"wp-block-list\">\n<li>Juca S\u00e1 (Federa\u00e7\u00e3o Brasileira do Sistema Plantio Direto) \u2013 Sistema Plantio Direto e o estoque de carbono do solo<\/li>\n<li>Pol\u00edticas p\u00fablicas para sustentar o setor agropecu\u00e1rio<\/li>\n<\/ul>\n<p><strong>16h \u2013 18h | Painel: Carbono na Produ\u00e7\u00e3o Agropecu\u00e1ria<\/strong><\/p>\n<ul class=\"wp-block-list\">\n<li>Henrique Debiasi (Embrapa) \u2013 Agricultura Baixo Carbono: t\u00e9cnicas de sequestro e redu\u00e7\u00e3o de emiss\u00f5es<\/li>\n<li>Emerson Nunes (Cocamar) \u2013 Pecu\u00e1ria Baixo Carbono: t\u00e9cnicas de sequestro e redu\u00e7\u00e3o de emiss\u00f5es<\/li>\n<li>Floresta \u2013 T\u00e9cnicas de sequestro e redu\u00e7\u00e3o de emiss\u00f5es em n\u00edvel de fazenda<\/li>\n<\/ul>\n<p><strong>24\/09 (quarta-feira)<\/strong><br \/><strong>8h \u2013 10h | Painel: O Carbono no mercado financeiro<\/strong><\/p>\n<ul class=\"wp-block-list\">\n<li>Charles Santos (CS Comercial) \u2013 Panorama do mercado financeiro internacional relativo a carbono<\/li>\n<li>Leonardo Gava (CBI) \u2013 Panorama do mercado financeiro nacional relativo a carbono agr\u00edcola<\/li>\n<\/ul>\n<p><strong>10h \u2013 12h | Painel: Movimenta\u00e7\u00f5es financeiras baseadas em carbono<\/strong><\/p>\n<ul class=\"wp-block-list\">\n<li>Odair Machado \u2013 Linhas de cr\u00e9dito e seguros agr\u00edcolas para produtores alinhados \u00e0 sustentabilidade<\/li>\n<li>Investimento em Fundos de Carbono<\/li>\n<\/ul>\n<p><strong>14h \u2013 17h40 | Painel: Biocombust\u00edveis na Agricultura de Baixa Emiss\u00e3o de Carbono<\/strong><\/p>\n<ul class=\"wp-block-list\">\n<li>Priscila Sabaini (Embrapa) \u2013 Desafios e oportunidades dos biocombust\u00edveis; RenovaBio como pol\u00edtica brasileira de sucesso<\/li>\n<li>Jos\u00e9 Luis Zotin (CENPES\/Petrobras) \u2013 Perspectivas e mercado dos biocombust\u00edveis<\/li>\n<\/ul><\/div>\n<p><br \/>\n<br \/><a href=\"https:\/\/www.canalrural.com.br\/agricultura\/projeto-soja-brasil\/inscricoes-abertas-para-o-3-congresso-paranaense-de-agricultura-de-baixa-emissao-de-carbono\/\">Source link <\/a><\/p>\n","protected":false},"excerpt":{"rendered":"<p>Est\u00e3o abertas as inscri\u00e7\u00f5es para o 3\u00b0 Congresso Paranaense de Agricultura de Baixa Emiss\u00e3o de Carbono, que ser\u00e1 realizado nos<\/p>\n","protected":false},"author":1,"featured_media":13822,"comment_status":"open","ping_status":"open","sticky":false,"template":"","format":"standard","meta":{"_monsterinsights_skip_tracking":false,"_monsterinsights_sitenote_active":false,"_monsterinsights_sitenote_note":"","_monsterinsights_sitenote_category":0,"_uf_show_specific_survey":0,"_uf_disable_surveys":false,"footnotes":""},"categories":[1],"tags":[],"class_list":["post-20042","post","type-post","status-publish","format-standard","has-post-thumbnail","hentry","category-news"],"_links":{"self":[{"href":"https:\/\/agromt.news\/index.php?rest_route=\/wp\/v2\/posts\/20042"}],"collection":[{"href":"https:\/\/agromt.news\/index.php?rest_route=\/wp\/v2\/posts"}],"about":[{"href":"https:\/\/agromt.news\/index.php?rest_route=\/wp\/v2\/types\/post"}],"author":[{"embeddable":true,"href":"https:\/\/agromt.news\/index.php?rest_route=\/wp\/v2\/users\/1"}],"replies":[{"embeddable":true,"href":"https:\/\/agromt.news\/index.php?rest_route=%2Fwp%2Fv2%2Fcomments&post=20042"}],"version-history":[{"count":0,"href":"https:\/\/agromt.news\/index.php?rest_route=\/wp\/v2\/posts\/20042\/revisions"}],"wp:featuredmedia":[{"embeddable":true,"href":"https:\/\/agromt.news\/index.php?rest_route=\/wp\/v2\/media\/13822"}],"wp:attachment":[{"href":"https:\/\/agromt.news\/index.php?rest_route=%2Fwp%2Fv2%2Fmedia&parent=20042"}],"wp:term":[{"taxonomy":"category","embeddable":true,"href":"https:\/\/agromt.news\/index.php?rest_route=%2Fwp%2Fv2%2Fcategories&post=20042"},{"taxonomy":"post_tag","embeddable":true,"href":"https:\/\/agromt.news\/index.php?rest_route=%2Fwp%2Fv2%2Ftags&post=20042"}],"curies":[{"name":"wp","href":"https:\/\/api.w.org\/{rel}","templated":true}]}}