{"id":20038,"date":"2025-09-11T12:31:51","date_gmt":"2025-09-11T16:31:51","guid":{"rendered":"https:\/\/agromt.news\/?p=20038"},"modified":"2025-09-11T12:31:51","modified_gmt":"2025-09-11T16:31:51","slug":"medida-traz-alivio-ao-campo-diz-advogado","status":"publish","type":"post","link":"https:\/\/agromt.news\/?p=20038","title":{"rendered":"Medida traz al\u00edvio ao campo, diz advogado"},"content":{"rendered":"<p> <br \/>\n<\/p>\n<div>\n<div class=\"row\">\n<div class=\"col-lg col-infos mt-0 mt-lg-0\">\n<div class=\"section-sub-title\">\n<p itemprop=\"description\">&#13;<br \/>\n                                Entre os principais pontos, est\u00e1 a libera\u00e7\u00e3o de at\u00e9 R$ 12 bilh\u00f5es via BNDES&#13;\n                            <\/p>\n<\/p><\/div>\n<div class=\"container\">\n<div class=\"row\">\n<div class=\"col-lg p-0\">\n<div>\n<div class=\"block-news-main-infos mt-3 text-start\">\n<p>                                            <strong class=\"fn\" itemprop=\"author\" style=\"color: rgb(112, 112, 112); \">&#13;<br \/>\n                                                <a href=\"https:\/\/www.agrolink.com.br\/noticias\/javascript:;\" class=\"text-uppercase\" target=\"_blank\" style=\"color: rgb(112, 112, 112); \" rel=\"noopener\">Agrolink<\/a>&#13;<br \/>\n&#13;<br \/>\n                                                    &#8211; Leonardo Gottems&#13;<br \/>\n&#13;<br \/>\n                                            <\/strong><br \/>\n                                        <\/p>\n<p>                                            <abbr><time datetime=\"2025 - 09 - 10T02:00\" itemprop=\"datePublished dateModified\"> Publicado em 10\/09\/2025 \u00e0s 02:00h.<\/time><\/abbr>\n                                    <\/div>\n<\/p><\/div>\n<\/p><\/div>\n<div class=\"col-lg p-0 text-lg-end\">\n<div>\n<div id=\"mdEnviarPagina\" class=\"modal fade\" role=\"dialog\">\n<div class=\"modal-dialog\">\n<div class=\"modal-content\">\n<div class=\"modal-body\">\n<p><strong>Estimado usu\u00e1rio.<\/strong><br \/>Preencha o formul\u00e1rio abaixo para remeter a p\u00e1gina.<\/p>\n<\/p><\/div>\n<\/p><\/div>\n<\/p><\/div>\n<\/div><\/div>\n<\/p><\/div>\n<\/p><\/div>\n<\/p><\/div>\n<\/p><\/div>\n<\/p><\/div>\n<div class=\"row justify-content-md-center mt-3\">\n<div class=\"col-lg-auto col-image block-news-main-image\">\n<p>                                <img decoding=\"async\" src=\"https:\/\/www.agrolink.com.br\/upload\/imagens-resizes\/e396a6421a65484a95334dc98ce7d5e1_858x483.jpg\" class=\"lazyload img-fluid\" alt=\"Entre os principais pontos, est\u00e1 a libera\u00e7\u00e3o de at\u00e9 R$ 12 bilh\u00f5es via BNDES\"\/><br \/>\n                                                <span class=\"d-block mt-1\">Entre os principais pontos, est\u00e1 a libera\u00e7\u00e3o de at\u00e9 R$ 12 bilh\u00f5es via BNDES &#8211; Foto: Pixabay<\/span><\/p><\/div>\n<\/p><\/div>\n<div class=\"section-description section-description-noticias mt-3\">\n<p>A Medida Provis\u00f3ria n\u00ba 1.314\/2025 marca um avan\u00e7o importante para o agroneg\u00f3cio brasileiro ao estabelecer novas condi\u00e7\u00f5es para a liquida\u00e7\u00e3o e amortiza\u00e7\u00e3o de opera\u00e7\u00f5es de cr\u00e9dito rural. Segundo an\u00e1lise do advogado F\u00e1bio Lamonica Pereira, especialista em Direito Banc\u00e1rio e do Agroneg\u00f3cio, a medida oferece al\u00edvio financeiro a produtores rurais e cooperativas afetados por eventos clim\u00e1ticos adversos.&#13;\n<\/p>\n<p>Entre os principais pontos, est\u00e1 a libera\u00e7\u00e3o de at\u00e9 R$ 12 bilh\u00f5es via BNDES, com juros subsidiados, voltados a produtores que comprovem perdas em duas ou mais safras entre 2020 e 2025. As opera\u00e7\u00f5es incluem custeio, investimento e C\u00e9dulas de Produto Rural (CPRs), inclusive renegociadas, desde que contratadas at\u00e9 junho de 2024. O Conselho Monet\u00e1rio Nacional (CMN) ainda definir\u00e1 prazos e encargos.<\/p>\n<p>Outro aspecto \u00e9 a autoriza\u00e7\u00e3o para que bancos utilizem recursos pr\u00f3prios, a taxas de mercado, em opera\u00e7\u00f5es destinadas a quitar ou reduzir d\u00edvidas j\u00e1 existentes. O p\u00fablico-alvo s\u00e3o produtores que tiveram a capacidade de pagamento comprometida por preju\u00edzos acumulados em safras anteriores.&#13;\n<\/p>\n<p>Apesar dos benef\u00edcios, especialistas alertam que o uso dessas linhas, especialmente as n\u00e3o subsidiadas, exige cautela. A MP n\u00e3o substitui direitos j\u00e1 previstos em lei, como o alongamento de d\u00e9bitos no Manual de Cr\u00e9dito Rural, e deve ser avaliada de forma estrat\u00e9gica para garantir que a renegocia\u00e7\u00e3o seja realmente vantajosa.<\/p>\n<p>\u201c\u00c9 fundamental compreender que, embora a MP traga novas oportunidades de financiamento para o agro e renegocia\u00e7\u00e3o de d\u00edvidas, ela n\u00e3o anula ou substitui o direito j\u00e1 previsto em lei e no Manual de Cr\u00e9dito Rural (MCR). Este amparo legal permite o alongamento de d\u00e9bitos nas mesmas condi\u00e7\u00f5es contratuais originais, quando h\u00e1 comprova\u00e7\u00e3o de eventos adversos que impactaram a produ\u00e7\u00e3o\u201d, conclui.<br \/>&#13;<br \/>\n\u00a0&#13;\n<\/p>\n<\/p><\/div>\n<\/p><\/div>\n<p><script data-cfasync=\"false\">\n    !function (f, b, e, v, n, t, s) {\n        if (f.fbq) return; n = f.fbq = function () {\n            n.callMethod ?\n                n.callMethod.apply(n, arguments) : n.queue.push(arguments)\n        };\n        if (!f._fbq) f._fbq = n; n.push = n; n.loaded = !0; n.version = '2.0';\n        n.queue = []; t = b.createElement(e); t.async = !0;\n        t.src = v; s = b.getElementsByTagName(e)[0];\n        s.parentNode.insertBefore(t, s)\n    }(window, document, 'script',\n        'https:\/\/connect.facebook.net\/en_US\/fbevents.js');\n    fbq('init', '522546078623747');\n    fbq('track', 'PageView');\n<\/script><br \/>\n<br \/><br \/>\n<br \/><a href=\"https:\/\/www.agrolink.com.br\/noticias\/medida-traz-alivio-ao-campo--diz-advogado_505813.html\">Source link <\/a><\/p>\n","protected":false},"excerpt":{"rendered":"<p>&#13; Entre os principais pontos, est\u00e1 a libera\u00e7\u00e3o de at\u00e9 R$ 12 bilh\u00f5es via BNDES&#13; &#13; Agrolink&#13; &#13; &#8211; Leonardo<\/p>\n","protected":false},"author":1,"featured_media":11784,"comment_status":"open","ping_status":"open","sticky":false,"template":"","format":"standard","meta":{"_monsterinsights_skip_tracking":false,"_monsterinsights_sitenote_active":false,"_monsterinsights_sitenote_note":"","_monsterinsights_sitenote_category":0,"_uf_show_specific_survey":0,"_uf_disable_surveys":false,"footnotes":""},"categories":[8,1,14],"tags":[],"class_list":["post-20038","post","type-post","status-publish","format-standard","has-post-thumbnail","hentry","category-agro","category-news","category-politica-agro"],"_links":{"self":[{"href":"https:\/\/agromt.news\/index.php?rest_route=\/wp\/v2\/posts\/20038"}],"collection":[{"href":"https:\/\/agromt.news\/index.php?rest_route=\/wp\/v2\/posts"}],"about":[{"href":"https:\/\/agromt.news\/index.php?rest_route=\/wp\/v2\/types\/post"}],"author":[{"embeddable":true,"href":"https:\/\/agromt.news\/index.php?rest_route=\/wp\/v2\/users\/1"}],"replies":[{"embeddable":true,"href":"https:\/\/agromt.news\/index.php?rest_route=%2Fwp%2Fv2%2Fcomments&post=20038"}],"version-history":[{"count":0,"href":"https:\/\/agromt.news\/index.php?rest_route=\/wp\/v2\/posts\/20038\/revisions"}],"wp:featuredmedia":[{"embeddable":true,"href":"https:\/\/agromt.news\/index.php?rest_route=\/wp\/v2\/media\/11784"}],"wp:attachment":[{"href":"https:\/\/agromt.news\/index.php?rest_route=%2Fwp%2Fv2%2Fmedia&parent=20038"}],"wp:term":[{"taxonomy":"category","embeddable":true,"href":"https:\/\/agromt.news\/index.php?rest_route=%2Fwp%2Fv2%2Fcategories&post=20038"},{"taxonomy":"post_tag","embeddable":true,"href":"https:\/\/agromt.news\/index.php?rest_route=%2Fwp%2Fv2%2Ftags&post=20038"}],"curies":[{"name":"wp","href":"https:\/\/api.w.org\/{rel}","templated":true}]}}