{"id":20029,"date":"2025-09-11T08:56:40","date_gmt":"2025-09-11T12:56:40","guid":{"rendered":"https:\/\/agromt.news\/?p=20029"},"modified":"2025-09-11T08:56:40","modified_gmt":"2025-09-11T12:56:40","slug":"exportacao-recorde-e-demanda-interna-aquecida-afastam-queda-no-preco-da-carne-bovina-em-2025","status":"publish","type":"post","link":"https:\/\/agromt.news\/?p=20029","title":{"rendered":"Exporta\u00e7\u00e3o recorde e demanda interna aquecida afastam queda no pre\u00e7o da carne bovina em 2025"},"content":{"rendered":"<p> <br \/>\n<br \/><img decoding=\"async\" src=\"https:\/\/agromt.news\/wp-content\/uploads\/2025\/08\/Brasil-passara-a-exportar-carne-bovina-para-pais-do-Caribe.jpeg\" \/><\/p>\n<div>\n<p>Mesmo com o tarifa\u00e7o imposto pelos Estados Unidos, <a href=\"https:\/\/www.canalrural.com.br\/pecuaria\/exportacao-de-carne-bovina-em-agosto-crescem-em-volume-e-receita-diz-abiec\/\">as exporta\u00e7\u00f5es de carne bovina brasileira seguem em ritmo hist\u00f3rico<\/a> e devem impedir a queda dos pre\u00e7os no mercado interno. A avalia\u00e7\u00e3o \u00e9 de Jo\u00e3o Figueiredo, analista de pecu\u00e1ria da Tagro, que prev\u00ea um fim de ano com n\u00fameros in\u00e9ditos para o setor.<\/p>\n<p>\u201cEstamos performando um ano realmente impressionante nas exporta\u00e7\u00f5es. Julho foi recorde hist\u00f3rico, com 276 mil toneladas embarcadas em um \u00fanico m\u00eas. Em agosto, mesmo ap\u00f3s o tarifa\u00e7o, o Brasil exportou 268 mil toneladas, tamb\u00e9m recorde para o m\u00eas. No acumulado, j\u00e1 registramos crescimento acima de 15% em rela\u00e7\u00e3o ao ano passado, com faturamento mensal acima de US$ 1,5 bilh\u00e3o em v\u00e1rios momentos. Se setembro mantiver a m\u00e9dia de 15 mil toneladas por dia, podemos superar 300 mil toneladas em um \u00fanico m\u00eas\u201d, destaca Figueiredo.<\/p>\n<h3 class=\"wp-block-heading\" id=\"h-novos-mercados-impulsionam-embarques\">Novos mercados impulsionam embarques<\/h3>\n<p>Com o mercado norte-americano impactado pelas tarifas, o Brasil tem ampliado presen\u00e7a em outros destinos, explica Figueiredo . \u201cEstamos vendo o M\u00e9xico, Canad\u00e1 e Emirados \u00c1rabes comprarem volumes expressivos, al\u00e9m da recente habilita\u00e7\u00e3o de novas plantas para exporta\u00e7\u00e3o \u00e0 Indon\u00e9sia. O pa\u00eds j\u00e1 envia carne para mais de 120 mercados, o que garante solidez \u00e0s vendas externas e mant\u00e9m o abastecimento interno equilibrado\u201d.<\/p>\n<h3 class=\"wp-block-heading\" id=\"h-oferta-de-gado-cresce-em-2025\">Oferta de gado cresce em 2025<\/h3>\n<p>Segundo dados do IBGE,<a href=\"https:\/\/www.canalrural.com.br\/agricultura\/com-recordes-abate-de-bovinos-suinos-e-aves-cresce-no-segundo-semestre-de-2025\/\"> o abate superou 20 milh\u00f5es de cabe\u00e7as no primeiro semestre de 2025<\/a>. A proje\u00e7\u00e3o da Tagro \u00e9 que o Brasil encerre o ano com mais de 40 milh\u00f5es de animais abatidos, um recorde hist\u00f3rico.<\/p>\n<p>\u201cO avan\u00e7o dos confinamentos e os investimentos dos frigor\u00edficos em ampliar capacidade de abate mostram a for\u00e7a da pecu\u00e1ria neste ano. \u00c9 um cen\u00e1rio muito construtivo para o setor\u201d, diz Figueiredo.<\/p>\n<h3 class=\"wp-block-heading\" id=\"h-precos-devem-seguir-firmes-no-ultimo-trimestre\">Pre\u00e7os devem seguir firmes no \u00faltimo trimestre<\/h3>\n<p>Para o quarto trimestre de 2025, o analista projeta pre\u00e7os est\u00e1veis e sustentados, tanto pela exporta\u00e7\u00e3o quanto pelo consumo dom\u00e9stico.<\/p>\n<p>\u201cTemos demanda aquecida nos dois mercados, o que afasta qualquer chance de queda acentuada nos pre\u00e7os. O confinador est\u00e1 vendendo bem neste ano, embora j\u00e1 preocupado com os custos de reposi\u00e7\u00e3o para 2026. Mas, olhando para agora, n\u00e3o vemos espa\u00e7o para queda nos pre\u00e7os da carne bovina no Brasil\u201d, afirma Figueiredo.<\/p>\n<p><iframe title=\"Exporta\u00e7\u00f5es brasileiras de carne bovina est\u00e3o batendo recordes\" width=\"800\" height=\"450\" src=\"https:\/\/www.youtube.com\/embed\/eHIR9zKmwVY?feature=oembed\" frameborder=\"0\" allow=\"accelerometer; autoplay; clipboard-write; encrypted-media; gyroscope; picture-in-picture; web-share\" referrerpolicy=\"strict-origin-when-cross-origin\" allowfullscreen><\/iframe><noscript><iframe title=\"Exporta\u00e7\u00f5es brasileiras de carne bovina est\u00e3o batendo recordes\" width=\"800\" height=\"450\" src=\"https:\/\/www.youtube.com\/embed\/eHIR9zKmwVY?feature=oembed\" frameborder=\"0\" allow=\"accelerometer; autoplay; clipboard-write; encrypted-media; gyroscope; picture-in-picture; web-share\" referrerpolicy=\"strict-origin-when-cross-origin\" allowfullscreen><\/iframe><\/noscript>\n\t<\/div>\n<p><br \/>\n<br \/><a href=\"https:\/\/www.canalrural.com.br\/pecuaria\/exportacao-recorde-e-demanda-interna-aquecida-afastam-queda-no-preco-da-carne-bovina-em-2025\/\">Source link <\/a><\/p>\n","protected":false},"excerpt":{"rendered":"<p>Mesmo com o tarifa\u00e7o imposto pelos Estados Unidos, as exporta\u00e7\u00f5es de carne bovina brasileira seguem em ritmo hist\u00f3rico e devem<\/p>\n","protected":false},"author":1,"featured_media":19030,"comment_status":"open","ping_status":"open","sticky":false,"template":"","format":"standard","meta":{"_monsterinsights_skip_tracking":false,"_monsterinsights_sitenote_active":false,"_monsterinsights_sitenote_note":"","_monsterinsights_sitenote_category":0,"_uf_show_specific_survey":0,"_uf_disable_surveys":false,"footnotes":""},"categories":[1],"tags":[],"class_list":["post-20029","post","type-post","status-publish","format-standard","has-post-thumbnail","hentry","category-news"],"_links":{"self":[{"href":"https:\/\/agromt.news\/index.php?rest_route=\/wp\/v2\/posts\/20029"}],"collection":[{"href":"https:\/\/agromt.news\/index.php?rest_route=\/wp\/v2\/posts"}],"about":[{"href":"https:\/\/agromt.news\/index.php?rest_route=\/wp\/v2\/types\/post"}],"author":[{"embeddable":true,"href":"https:\/\/agromt.news\/index.php?rest_route=\/wp\/v2\/users\/1"}],"replies":[{"embeddable":true,"href":"https:\/\/agromt.news\/index.php?rest_route=%2Fwp%2Fv2%2Fcomments&post=20029"}],"version-history":[{"count":0,"href":"https:\/\/agromt.news\/index.php?rest_route=\/wp\/v2\/posts\/20029\/revisions"}],"wp:featuredmedia":[{"embeddable":true,"href":"https:\/\/agromt.news\/index.php?rest_route=\/wp\/v2\/media\/19030"}],"wp:attachment":[{"href":"https:\/\/agromt.news\/index.php?rest_route=%2Fwp%2Fv2%2Fmedia&parent=20029"}],"wp:term":[{"taxonomy":"category","embeddable":true,"href":"https:\/\/agromt.news\/index.php?rest_route=%2Fwp%2Fv2%2Fcategories&post=20029"},{"taxonomy":"post_tag","embeddable":true,"href":"https:\/\/agromt.news\/index.php?rest_route=%2Fwp%2Fv2%2Ftags&post=20029"}],"curies":[{"name":"wp","href":"https:\/\/api.w.org\/{rel}","templated":true}]}}