{"id":20001,"date":"2025-09-10T18:42:50","date_gmt":"2025-09-10T22:42:50","guid":{"rendered":"https:\/\/agromt.news\/?p=20001"},"modified":"2025-09-10T18:42:50","modified_gmt":"2025-09-10T22:42:50","slug":"precos-dos-alimentos-caem-no-ipca-pelo-3o-mes-consecutivo-mostra-ibge","status":"publish","type":"post","link":"https:\/\/agromt.news\/?p=20001","title":{"rendered":"Pre\u00e7os dos alimentos caem no IPCA pelo 3\u00ba m\u00eas consecutivo, mostra IBGE"},"content":{"rendered":"<p> <br \/>\n<br \/><img decoding=\"async\" src=\"https:\/\/agromt.news\/wp-content\/uploads\/2024\/09\/Mudancas-climaticas-podem-aumentar-precos-de-alimentos-ainda-em-2024.jpg\" \/><\/p>\n<div>\n<p>Os pre\u00e7os dos alimentos recuaram em agosto pelo terceiro m\u00eas consecutivo, ap\u00f3s uma sequ\u00eancia de nove meses de aumentos. De junho a agosto, a queda acumulada em alimenta\u00e7\u00e3o e bebidas foi de 0,91%.<\/p>\n<p>De acordo com o gerente do \u00cdndice Nacional de Pre\u00e7os ao Consumidor Amplo (IPCA) no Instituto Brasileiro de Geografia e Estat\u00edstica <a href=\"https:\/\/www.canalrural.com.br\/tag\/ibge\/\"><strong>(IBGE)<\/strong><\/a>, Fernando Gon\u00e7alves, a melhora recente tem rela\u00e7\u00e3o com uma maior oferta de produtos no mercado dom\u00e9stico, em meio \u00e0 ocorr\u00eancia de safras melhores, mas possivelmente tamb\u00e9m com alguma influ\u00eancia do tarifa\u00e7o anunciado pelo presidente dos Estados Unidos, Donald Trump, contra alguns produtos exportados pelo Brasil para o mercado norte-americano.<\/p>\n<h5 class=\"western\"><span style=\"color: #000000;\"><span style=\"font-family: Arial, sans-serif;\"><span style=\"font-size: x-large;\"><i>Veja em primeira m\u00e3o tudo sobre agricultura, pecu\u00e1ria, economia e previs\u00e3o do tempo:<\/i><\/span><\/span><\/span><a href=\"https:\/\/news.google.com\/publications\/CAAqBwgKMPKZlQswq_mqAw?hl=pt-BR&amp;gl=BR&amp;ceid=BR%3Apt-419\" target=\"_blank\" rel=\"noopener\"><span style=\"color: #1155cc;\"><span style=\"font-family: Arial, Helvetica, sans-serif;\">\u00a0<\/span><\/span><span style=\"color: #1155cc;\"><span style=\"font-family: Arial, sans-serif;\"><span style=\"font-size: x-large;\"><i>siga o Canal Rural no Google News!<\/i><\/span><\/span><\/span><\/a><\/h5>\n<p>Segundo ele, os itens com redu\u00e7\u00f5es de pre\u00e7os, como o <strong>caf\u00e9 e frutas<\/strong>, apresentam maior oferta no mercado dom\u00e9stico. Os recuos nos custos no varejo podem embutir j\u00e1 uma expectativa de queda do pre\u00e7o por conta de uma menor exporta\u00e7\u00e3o futura em fun\u00e7\u00e3o do tarifa\u00e7o, assim como uma poss\u00edvel redu\u00e7\u00e3o em si na demanda pelas exporta\u00e7\u00f5es brasileiras de determinados produtos. Por\u00e9m, ainda n\u00e3o \u00e9 poss\u00edvel precisar a ocorr\u00eancia do fen\u00f4meno.<\/p>\n<p>\u201cEu n\u00e3o tenho como precisar se tem impacto do tarifa\u00e7o\u201d, ponderou Gon\u00e7alves.<\/p>\n<p>O grupo Alimenta\u00e7\u00e3o e Bebidas saiu de um recuo de 0,27% em julho para uma queda de 0,46% em agosto, uma contribui\u00e7\u00e3o de -0,10 ponto porcentual para a taxa de -0,11% registrada pelo IPCA do \u00faltimo m\u00eas.<\/p>\n<p>A queda em agosto foi puxada pela alimenta\u00e7\u00e3o no domic\u00edlio, que caiu 0,83%. Os destaques foram as redu\u00e7\u00f5es no tomate (-13,39%), batata-inglesa (-8,59%), cebola (-8,69%), arroz (-2,61%) e caf\u00e9 mo\u00eddo (-2,17%).<\/p>\n<p>Quanto \u00e0 alimenta\u00e7\u00e3o fora do domic\u00edlio, houve uma eleva\u00e7\u00e3o de 0,50% em agosto: o subitem lanche avan\u00e7ou 0,83%, e a refei\u00e7\u00e3o fora de casa subiu 0,35%.<\/p>\n<\/p><\/div>\n<p><br \/>\n<br \/><a href=\"https:\/\/www.canalrural.com.br\/economia\/precos-dos-alimentos-caem-no-ipca-pelo-3o-mes-consecutivo-mostra-ibge\/\">Source link <\/a><\/p>\n","protected":false},"excerpt":{"rendered":"<p>Os pre\u00e7os dos alimentos recuaram em agosto pelo terceiro m\u00eas consecutivo, ap\u00f3s uma sequ\u00eancia de nove meses de aumentos. De<\/p>\n","protected":false},"author":1,"featured_media":20002,"comment_status":"open","ping_status":"open","sticky":false,"template":"","format":"standard","meta":{"_monsterinsights_skip_tracking":false,"_monsterinsights_sitenote_active":false,"_monsterinsights_sitenote_note":"","_monsterinsights_sitenote_category":0,"_uf_show_specific_survey":0,"_uf_disable_surveys":false,"footnotes":""},"categories":[1],"tags":[],"class_list":["post-20001","post","type-post","status-publish","format-standard","has-post-thumbnail","hentry","category-news"],"_links":{"self":[{"href":"https:\/\/agromt.news\/index.php?rest_route=\/wp\/v2\/posts\/20001"}],"collection":[{"href":"https:\/\/agromt.news\/index.php?rest_route=\/wp\/v2\/posts"}],"about":[{"href":"https:\/\/agromt.news\/index.php?rest_route=\/wp\/v2\/types\/post"}],"author":[{"embeddable":true,"href":"https:\/\/agromt.news\/index.php?rest_route=\/wp\/v2\/users\/1"}],"replies":[{"embeddable":true,"href":"https:\/\/agromt.news\/index.php?rest_route=%2Fwp%2Fv2%2Fcomments&post=20001"}],"version-history":[{"count":0,"href":"https:\/\/agromt.news\/index.php?rest_route=\/wp\/v2\/posts\/20001\/revisions"}],"wp:featuredmedia":[{"embeddable":true,"href":"https:\/\/agromt.news\/index.php?rest_route=\/wp\/v2\/media\/20002"}],"wp:attachment":[{"href":"https:\/\/agromt.news\/index.php?rest_route=%2Fwp%2Fv2%2Fmedia&parent=20001"}],"wp:term":[{"taxonomy":"category","embeddable":true,"href":"https:\/\/agromt.news\/index.php?rest_route=%2Fwp%2Fv2%2Fcategories&post=20001"},{"taxonomy":"post_tag","embeddable":true,"href":"https:\/\/agromt.news\/index.php?rest_route=%2Fwp%2Fv2%2Ftags&post=20001"}],"curies":[{"name":"wp","href":"https:\/\/api.w.org\/{rel}","templated":true}]}}