{"id":19986,"date":"2025-09-10T16:00:17","date_gmt":"2025-09-10T20:00:17","guid":{"rendered":"https:\/\/agromt.news\/?p=19986"},"modified":"2025-09-10T16:00:17","modified_gmt":"2025-09-10T20:00:17","slug":"governo-brasileiro-nomeia-14-novos-adidos-agricolas","status":"publish","type":"post","link":"https:\/\/agromt.news\/?p=19986","title":{"rendered":"Governo brasileiro nomeia 14 novos adidos agr\u00edcolas"},"content":{"rendered":"<p> <br \/>\n<br \/><img decoding=\"async\" src=\"https:\/\/agromt.news\/wp-content\/uploads\/2025\/09\/Governo-brasileiro-nomeia-14-novos-adidos-agricolas.png\" \/><\/p>\n<div>\n<p>Na \u00faltima segunda-feira (8), foi publicado no Di\u00e1rio Oficial da Uni\u00e3o (<a href=\"https:\/\/www.canalrural.com.br\/tag\/dou\/\">DOU<\/a>) o decreto presidencial que designa 14 novos nomes para o cargo de adidos agr\u00edcolas, em substitui\u00e7\u00e3o aos atuais, nas representa\u00e7\u00f5es do Minist\u00e9rio da Agricultura e Pecu\u00e1ria (<a href=\"https:\/\/www.canalrural.com.br\/tag\/mapa\/\">Mapa<\/a>) junto a miss\u00f5es diplom\u00e1ticas brasileiras no exterior.<\/p>\n<p><strong>Foram nomeados os seguintes representantes: <\/strong><\/p>\n<ul class=\"wp-block-list\">\n<li>Rodrigo de Almeida para a embaixada do Brasil em Pret\u00f3ria na \u00c1frica do Sul;<\/li>\n<li>Caio Sim\u00e3o para Riade, Ar\u00e1bia Saudita; <\/li>\n<li>Ju\u00e7ara Duarte para Buenos Aires, Argentina; <\/li>\n<li>Eduardo Magalh\u00e3es para Camberra, Austr\u00e1lia; <\/li>\n<li>Alessandro Cruvinel para Ottawa, Canad\u00e1; <\/li>\n<li>Tiago Oliveira para Seul, Rep\u00fablica da Coreia; <\/li>\n<li>Barbara Cordeiro para integrar a delega\u00e7\u00e3o brasileira junto \u00e0s organiza\u00e7\u00f5es internacionais econ\u00f4micas sediadas em Paris, Fran\u00e7a; <\/li>\n<li>Roberto Razera para Nova Delhi, \u00cdndia; <\/li>\n<li>Carlos Turchetto para Jacarta, Indon\u00e9sia; <\/li>\n<li>Andr\u00e9 Okubo para T\u00f3quio, Jap\u00e3o; <\/li>\n<li>Luna Alves para o M\u00e9xico, Estados Unidos; <\/li>\n<li>Andr\u00e9a Figueiredo para integrar a delega\u00e7\u00e3o do Brasil junto \u00e0 Organiza\u00e7\u00e3o Mundial do Com\u00e9rcio e outras organiza\u00e7\u00f5es econ\u00f4micas em Genebra, Su\u00ed\u00e7a; <\/li>\n<li>Lucas Moraes para Bangkok, Tail\u00e2ndia; <\/li>\n<li>Mirela Eidt para Han\u00f3i, Vietn\u00e3.<\/li>\n<\/ul>\n<p>\u201cO presidente Lula nos confiou a miss\u00e3o estrat\u00e9gica de ampliar o portf\u00f3lio de exporta\u00e7\u00f5es do Brasil. Aqui no Mapa trabalhamos incessantemente para fortalecer e estabelecer novas parcerias diplom\u00e1ticas e comerciais que abram mercados para os nossos produtos. A nomea\u00e7\u00e3o dos novos adidos fortalecer\u00e1 esse trabalho e gerar\u00e1 novas oportunidades\u201d, destacou o ministro da Agricultura e Pecu\u00e1ria, Carlos F\u00e1varo.<\/p>\n<p>O objetivo \u00e9 que a atua\u00e7\u00e3o dos adidos agr\u00edcolas fortale\u00e7a as rela\u00e7\u00f5es comerciais internacionais do Brasil, permitindo o crescimento e o acesso a novos mercados para os produtos da agropecu\u00e1ria nacional.<\/p>\n<p>O posto tem prazo de quatro anos, contado a partir da data de apresenta\u00e7\u00e3o \u00e0 representa\u00e7\u00e3o diplom\u00e1tica.<\/p>\n<h3 class=\"wp-block-heading\" id=\"h-as-adidancias\">As adid\u00e2ncias<\/h3>\n<p>Atualmente, o Brasil conta com adidos agr\u00edcolas em 38 representa\u00e7\u00f5es no exterior, localizadas nos seguintes pa\u00edses e org\u00e3os: <\/p>\n<ul class=\"wp-block-list\">\n<li>\u00c1frica do Sul, Alemanha, Angola, Ar\u00e1bia Saudita, Argentina, Austr\u00e1lia, Canad\u00e1, China (com dois adidos); <\/li>\n<li>Col\u00f4mbia, Coreia do Sul, Egito, Estados Unidos da Am\u00e9rica, Fran\u00e7a (Delega\u00e7\u00e3o do Brasil junto \u00e0s Organiza\u00e7\u00f5es Internacionais Econ\u00f4micas sediadas na Fran\u00e7a);<\/li>\n<li>\u00cdndia, Indon\u00e9sia, It\u00e1lia (Delega\u00e7\u00e3o Permanente junto \u00e0 Organiza\u00e7\u00e3o das Na\u00e7\u00f5es Unidas para Alimenta\u00e7\u00e3o e Agricultura e organismos internacionais)<\/li>\n<li>Jap\u00e3o, Marrocos, M\u00e9xico, Su\u00ed\u00e7a (Delega\u00e7\u00e3o do Brasil junto \u00e0 Organiza\u00e7\u00e3o Mundial do Com\u00e9rcio e outras organiza\u00e7\u00f5es econ\u00f4micas em Genebra);<\/li>\n<li>Peru, Reino Unido, R\u00fassia, Singapura, Tail\u00e2ndia, B\u00e9lgica (Miss\u00e3o do Brasil junto \u00e0 Uni\u00e3o Europeia em Bruxelas \u2013 dois adidos) e Vietn\u00e3.<\/li>\n<\/ul><\/div>\n<p><br \/>\n<br \/><a href=\"https:\/\/www.canalrural.com.br\/agricultura\/governo-brasileiro-nomeia-14-novos-adidos-agricolas\/\">Source link <\/a><\/p>\n","protected":false},"excerpt":{"rendered":"<p>Na \u00faltima segunda-feira (8), foi publicado no Di\u00e1rio Oficial da Uni\u00e3o (DOU) o decreto presidencial que designa 14 novos nomes<\/p>\n","protected":false},"author":1,"featured_media":19987,"comment_status":"open","ping_status":"open","sticky":false,"template":"","format":"standard","meta":{"_monsterinsights_skip_tracking":false,"_monsterinsights_sitenote_active":false,"_monsterinsights_sitenote_note":"","_monsterinsights_sitenote_category":0,"_uf_show_specific_survey":0,"_uf_disable_surveys":false,"footnotes":""},"categories":[1],"tags":[],"class_list":["post-19986","post","type-post","status-publish","format-standard","has-post-thumbnail","hentry","category-news"],"_links":{"self":[{"href":"https:\/\/agromt.news\/index.php?rest_route=\/wp\/v2\/posts\/19986"}],"collection":[{"href":"https:\/\/agromt.news\/index.php?rest_route=\/wp\/v2\/posts"}],"about":[{"href":"https:\/\/agromt.news\/index.php?rest_route=\/wp\/v2\/types\/post"}],"author":[{"embeddable":true,"href":"https:\/\/agromt.news\/index.php?rest_route=\/wp\/v2\/users\/1"}],"replies":[{"embeddable":true,"href":"https:\/\/agromt.news\/index.php?rest_route=%2Fwp%2Fv2%2Fcomments&post=19986"}],"version-history":[{"count":0,"href":"https:\/\/agromt.news\/index.php?rest_route=\/wp\/v2\/posts\/19986\/revisions"}],"wp:featuredmedia":[{"embeddable":true,"href":"https:\/\/agromt.news\/index.php?rest_route=\/wp\/v2\/media\/19987"}],"wp:attachment":[{"href":"https:\/\/agromt.news\/index.php?rest_route=%2Fwp%2Fv2%2Fmedia&parent=19986"}],"wp:term":[{"taxonomy":"category","embeddable":true,"href":"https:\/\/agromt.news\/index.php?rest_route=%2Fwp%2Fv2%2Fcategories&post=19986"},{"taxonomy":"post_tag","embeddable":true,"href":"https:\/\/agromt.news\/index.php?rest_route=%2Fwp%2Fv2%2Ftags&post=19986"}],"curies":[{"name":"wp","href":"https:\/\/api.w.org\/{rel}","templated":true}]}}