{"id":19983,"date":"2025-09-10T15:09:05","date_gmt":"2025-09-10T19:09:05","guid":{"rendered":"https:\/\/agromt.news\/?p=19983"},"modified":"2025-09-10T15:09:05","modified_gmt":"2025-09-10T19:09:05","slug":"colombianos-conhecem-iniciativas-do-fundecitrus-no-combate-ao-greening-e-cvc","status":"publish","type":"post","link":"https:\/\/agromt.news\/?p=19983","title":{"rendered":"Colombianos conhecem iniciativas do Fundecitrus no combate ao greening e CVC"},"content":{"rendered":"<p> <br \/>\n<\/p>\n<div>\n<p style=\"text-align:justify\">O Fundecitrus recebeu, na \u00faltima quinta-feira (28), a visita de pesquisadores da Corporaci\u00f3n Colombiana de Investigaci\u00f3n Agropecuaria \u2013 Agrosavia, da Col\u00f4mbia, que vieram conhecer de perto a citricultura brasileira. Participaram da visita o fitotecnista Maur\u00edcio Martinez e a fitopatologista Nubia Murcia.&#13;\n<\/p>\n<p style=\"text-align:justify\">Durante o encontro, os visitantes colombianos conheceram as principais iniciativas do Fundecitrus nas \u00e1reas de pesquisa e sustentabilidade, com foco no manejo do greening e da Clorose Variegada dos Citros (CVC). O objetivo da visita foi aprofundar conhecimentos e levar modelos de pesquisa e estrat\u00e9gias bem-sucedidas desenvolvidas no Brasil para adaptar junto aos produtores de citros na Col\u00f4mbia.<\/p>\n<p style=\"text-align:justify\">A Agrosavia \u00e9 uma entidade p\u00fablica colombiana, de car\u00e1ter cient\u00edfico e t\u00e9cnico, sem fins lucrativos, respons\u00e1vel pela gera\u00e7\u00e3o de conhecimento e desenvolvimento tecnol\u00f3gico no setor agr\u00edcola, que tem o objetivo de melhorar a competitividade, garantir a sustentabilidade dos recursos naturais e fortalecer a capacidade cient\u00edfica do pa\u00eds, contribuindo para a qualidade de vida da popula\u00e7\u00e3o.<\/p>\n<p style=\"text-align:justify\">Pela manh\u00e3, os pesquisadores visitaram os laborat\u00f3rios de Diagn\u00f3stico, Biotecnologia, Intera\u00e7\u00e3o Vetor-Planta-Pat\u00f3geno, Ecologia Qu\u00edmica e Comportamento de Insetos, al\u00e9m de participarem de palestras t\u00e9cnicas com pesquisadores do Fundecitrus. No per\u00edodo da tarde, os representantes da Agrosavia apresentaram um panorama da citricultura colombiana \u00e0 equipe da institui\u00e7\u00e3o.&#13;\n<\/p>\n<p style=\"text-align:justify\">O pesquisador do Fundecitrus Juan Arenas destacou a import\u00e2ncia da coopera\u00e7\u00e3o internacional no enfrentamento das pragas e doen\u00e7as que afetam a citricultura. \u201cAssim como o Brasil, a Col\u00f4mbia tamb\u00e9m enfrenta desafios com pragas e doen\u00e7as que comprometem a produ\u00e7\u00e3o de citros, como o greening. A troca de experi\u00eancias, tecnologias e estrat\u00e9gias de manejo entre as institui\u00e7\u00f5es fortalece o combate a essas doen\u00e7as. Parcerias como essa constroem pontes de conhecimento que beneficiam toda a cadeia citr\u00edcola na Am\u00e9rica Latina\u201d, afirma.<\/p>\n<p style=\"text-align:justify\">Os visitantes estavam acompanhados do pesquisador da Embrapa Mandioca e Fruticultura (Bahia) Walter Soares. Com o apoio da Embrapa, eles est\u00e3o conhecendo variedades de citros cultivadas no Brasil. \u201cA citricultura brasileira \u00e9 refer\u00eancia mundial, principalmente no combate ao greening, e atrai pesquisadores de outros pa\u00edses. Essa troca de conhecimento \u00e9 essencial para o avan\u00e7o das pesquisas\u201d, destaca.<\/p>\n<p style=\"text-align:justify\">De acordo com o fitotecnista Maur\u00edcio Martinez, o greening est\u00e1 presente na Col\u00f4mbia h\u00e1 oito anos e, agora, os primeiros casos de CVC tamb\u00e9m come\u00e7aram a surgir. \u201cConhecer uma institui\u00e7\u00e3o como o Fundecitrus, que atua em pesquisa, \u00e9 essencial para darmos continuidade ao nosso trabalho. Na Col\u00f4mbia, os pequenos produtores lideram o mercado de citros. Por isso, vamos levar tudo o que aprendemos no Brasil para que as estrat\u00e9gias de manejo sejam aplicadas da forma correta\u201d, explica.&#13;\n<\/p>\n<p style=\"text-align:justify\">Tamb\u00e9m participaram da visita o pesquisador do Fundecitrus Renato Bassanezi, o pesquisador da Embrapa Mandioca e Fruticultura Eduardo Girardi e o consultor do Fundecitrus e pesquisador Silvio Lopes.<\/p>\n<p style=\"text-align:justify\">Durante a semana, os pesquisadores colombianos visitaram pomares comerciais, cooperativas e packing house. Na sexta-feira (29), visitaram o Centro de Citricultura Sylvio Moreira, em Cordeir\u00f3polis (SP).<\/p>\n<\/p><\/div>\n<p><script data-cfasync=\"false\">\n    !function (f, b, e, v, n, t, s) {\n        if (f.fbq) return; n = f.fbq = function () {\n            n.callMethod ?\n                n.callMethod.apply(n, arguments) : n.queue.push(arguments)\n        };\n        if (!f._fbq) f._fbq = n; n.push = n; n.loaded = !0; n.version = '2.0';\n        n.queue = []; t = b.createElement(e); t.async = !0;\n        t.src = v; s = b.getElementsByTagName(e)[0];\n        s.parentNode.insertBefore(t, s)\n    }(window, document, 'script',\n        'https:\/\/connect.facebook.net\/en_US\/fbevents.js');\n    fbq('init', '522546078623747');\n    fbq('track', 'PageView');\n<\/script><br \/>\n<br \/><br \/>\n<br \/><a href=\"https:\/\/www.agrolink.com.br\/noticias\/colombianos-conhecem-iniciativas-do-fundecitrus-no-combate-ao-greening-e-cvc_505824.html\">Source link <\/a><\/p>\n","protected":false},"excerpt":{"rendered":"<p>O Fundecitrus recebeu, na \u00faltima quinta-feira (28), a visita de pesquisadores da Corporaci\u00f3n Colombiana de Investigaci\u00f3n Agropecuaria \u2013 Agrosavia, da<\/p>\n","protected":false},"author":1,"featured_media":19984,"comment_status":"open","ping_status":"open","sticky":false,"template":"","format":"standard","meta":{"_monsterinsights_skip_tracking":false,"_monsterinsights_sitenote_active":false,"_monsterinsights_sitenote_note":"","_monsterinsights_sitenote_category":0,"_uf_show_specific_survey":0,"_uf_disable_surveys":false,"footnotes":""},"categories":[8,1,14],"tags":[],"class_list":["post-19983","post","type-post","status-publish","format-standard","has-post-thumbnail","hentry","category-agro","category-news","category-politica-agro"],"_links":{"self":[{"href":"https:\/\/agromt.news\/index.php?rest_route=\/wp\/v2\/posts\/19983"}],"collection":[{"href":"https:\/\/agromt.news\/index.php?rest_route=\/wp\/v2\/posts"}],"about":[{"href":"https:\/\/agromt.news\/index.php?rest_route=\/wp\/v2\/types\/post"}],"author":[{"embeddable":true,"href":"https:\/\/agromt.news\/index.php?rest_route=\/wp\/v2\/users\/1"}],"replies":[{"embeddable":true,"href":"https:\/\/agromt.news\/index.php?rest_route=%2Fwp%2Fv2%2Fcomments&post=19983"}],"version-history":[{"count":0,"href":"https:\/\/agromt.news\/index.php?rest_route=\/wp\/v2\/posts\/19983\/revisions"}],"wp:featuredmedia":[{"embeddable":true,"href":"https:\/\/agromt.news\/index.php?rest_route=\/wp\/v2\/media\/19984"}],"wp:attachment":[{"href":"https:\/\/agromt.news\/index.php?rest_route=%2Fwp%2Fv2%2Fmedia&parent=19983"}],"wp:term":[{"taxonomy":"category","embeddable":true,"href":"https:\/\/agromt.news\/index.php?rest_route=%2Fwp%2Fv2%2Fcategories&post=19983"},{"taxonomy":"post_tag","embeddable":true,"href":"https:\/\/agromt.news\/index.php?rest_route=%2Fwp%2Fv2%2Ftags&post=19983"}],"curies":[{"name":"wp","href":"https:\/\/api.w.org\/{rel}","templated":true}]}}