{"id":19976,"date":"2025-09-10T11:15:40","date_gmt":"2025-09-10T15:15:40","guid":{"rendered":"https:\/\/agromt.news\/?p=19976"},"modified":"2025-09-10T11:15:40","modified_gmt":"2025-09-10T15:15:40","slug":"reuniao-tecnica-entre-fundecitrus-mapa-e-defesa-discute-plano-nacional-contra-o-greening","status":"publish","type":"post","link":"https:\/\/agromt.news\/?p=19976","title":{"rendered":"Reuni\u00e3o t\u00e9cnica entre Fundecitrus, Mapa e Defesa discute plano nacional contra o greening"},"content":{"rendered":"<p> <br \/>\n<\/p>\n<div>\n<div class=\"row\">\n<div class=\"col-lg col-infos mt-0 mt-lg-0\">\n<div class=\"section-sub-title\">\n<p itemprop=\"description\">&#13;<br \/>\n                                Encontro reuniu produtores viveiristas de citros&#13;\n                            <\/p>\n<\/p><\/div>\n<div class=\"container\">\n<div class=\"row\">\n<div class=\"col-lg p-0 text-lg-end\">\n<div>\n<div id=\"mdEnviarPagina\" class=\"modal fade\" role=\"dialog\">\n<div class=\"modal-dialog\">\n<div class=\"modal-content\">\n<div class=\"modal-body\">\n<p><strong>Estimado usu\u00e1rio.<\/strong><br \/>Preencha o formul\u00e1rio abaixo para remeter a p\u00e1gina.<\/p>\n<\/p><\/div>\n<\/p><\/div>\n<\/p><\/div>\n<\/div><\/div>\n<\/p><\/div>\n<\/p><\/div>\n<\/p><\/div>\n<\/p><\/div>\n<\/p><\/div>\n<div class=\"row justify-content-md-center mt-3\">\n<div class=\"col-lg-auto col-image block-news-main-image\">\n<p>                                <img decoding=\"async\" src=\"https:\/\/www.agrolink.com.br\/upload\/imagens-resizes\/673497ac442e46db93498581b375dfb3_858x483.jpg\" class=\"lazyload img-fluid\"\/><br \/>\n                                                <span class=\"publicity-photo d-block mt-1\">Foto: Fundecitrus<\/span><\/p><\/div>\n<\/p><\/div>\n<div class=\"section-description section-description-noticias mt-3\">\n<p style=\"text-align:justify\">O Fundecitrus recebeu, na semana passada, a visita t\u00e9cnica de servidores do Minist\u00e9rio da Agricultura e Pecu\u00e1ria (Mapa) e da Coordenadoria de Defesa Agropecu\u00e1ria do Estado de S\u00e3o Paulo para discutir os primeiros passos da execu\u00e7\u00e3o do Programa Nacional de Preven\u00e7\u00e3o e Controle do Greening, que ser\u00e1 implementado pelos estados. A portaria que institui o programa redefine, entre outros pontos, diretrizes mais rigorosas para o monitoramento da doen\u00e7a, o controle do inseto transmissor e a erradica\u00e7\u00e3o de plantas doentes.&#13;\n<\/p>\n<p style=\"text-align:justify\">O coordenador-geral de prote\u00e7\u00e3o\u00a0de\u00a0plantas do Mapa, Ricardo Hilman, destacou a relev\u00e2ncia do plano nacional e a necessidade de a\u00e7\u00f5es conjuntas para mitigar o avan\u00e7o do greening. \u201cA doen\u00e7a, indiscutivelmente, \u00e9 o maior problema da nossa citricultura. Com o programa nacional, tratamos n\u00e3o apenas das pr\u00f3ximas a\u00e7\u00f5es, mas tamb\u00e9m de todo o trabalho que precisa ser iniciado, principalmente em S\u00e3o Paulo, onde est\u00e1 concentrada a citricultura nacional. Ao longo dos pr\u00f3ximos meses, vamos nos organizar para aprimorar essa luta contra o greening e, com isso, reduzir sua incid\u00eancia no futuro. Esse \u00e9 o grande objetivo\u201d, afirmou.&#13;\n<\/p>\n<p style=\"text-align:justify\">A normativa, que contou com o Fundecitrus como um dos \u00f3rg\u00e3os consultivos, classifica os estados brasileiros em \u00e1reas com e sem ocorr\u00eancia da doen\u00e7a, estabelecendo responsabilidades espec\u00edficas para cada situa\u00e7\u00e3o. O encontro tamb\u00e9m reuniu produtores viveiristas de citros, que ressaltaram a necessidade de ampliar as discuss\u00f5es sobre a revis\u00e3o da legisla\u00e7\u00e3o federal referente ao cancro c\u00edtrico. Para o pesquisador do Fundecitrus Franklin Behlau o in\u00edcio da operacionaliza\u00e7\u00e3o do plano nacional e as tratativas para adequar as exig\u00eancias nos viveiros representam um avan\u00e7o importante para a realidade do produtor. \u201c\u00c9 essencial que haja intera\u00e7\u00e3o entre todos os envolvidos na elabora\u00e7\u00e3o de normativas que regulamentam o controle de doen\u00e7as quarenten\u00e1rias, sob responsabilidade do controle oficial, garantindo que estejam alinhadas \u00e0s necessidades e \u00e0 realidade do produtor\u201d, acrescentou.&#13;\n<\/p>\n<\/p><\/div>\n<\/p><\/div>\n<p><script data-cfasync=\"false\">\n    !function (f, b, e, v, n, t, s) {\n        if (f.fbq) return; n = f.fbq = function () {\n            n.callMethod ?\n                n.callMethod.apply(n, arguments) : n.queue.push(arguments)\n        };\n        if (!f._fbq) f._fbq = n; n.push = n; n.loaded = !0; n.version = '2.0';\n        n.queue = []; t = b.createElement(e); t.async = !0;\n        t.src = v; s = b.getElementsByTagName(e)[0];\n        s.parentNode.insertBefore(t, s)\n    }(window, document, 'script',\n        'https:\/\/connect.facebook.net\/en_US\/fbevents.js');\n    fbq('init', '522546078623747');\n    fbq('track', 'PageView');\n<\/script><br \/>\n<br \/><br \/>\n<br \/><a href=\"https:\/\/www.agrolink.com.br\/noticias\/reuniao-tecnica-entre-fundecitrus--mapa-e-defesa-discute-plano-nacional-contra-o-greening_505826.html\">Source link <\/a><\/p>\n","protected":false},"excerpt":{"rendered":"<p>&#13; Encontro reuniu produtores viveiristas de citros&#13; Estimado usu\u00e1rio.Preencha o formul\u00e1rio abaixo para remeter a p\u00e1gina. Foto: Fundecitrus O Fundecitrus<\/p>\n","protected":false},"author":1,"featured_media":19977,"comment_status":"open","ping_status":"open","sticky":false,"template":"","format":"standard","meta":{"_monsterinsights_skip_tracking":false,"_monsterinsights_sitenote_active":false,"_monsterinsights_sitenote_note":"","_monsterinsights_sitenote_category":0,"_uf_show_specific_survey":0,"_uf_disable_surveys":false,"footnotes":""},"categories":[8,1,14],"tags":[],"class_list":["post-19976","post","type-post","status-publish","format-standard","has-post-thumbnail","hentry","category-agro","category-news","category-politica-agro"],"_links":{"self":[{"href":"https:\/\/agromt.news\/index.php?rest_route=\/wp\/v2\/posts\/19976"}],"collection":[{"href":"https:\/\/agromt.news\/index.php?rest_route=\/wp\/v2\/posts"}],"about":[{"href":"https:\/\/agromt.news\/index.php?rest_route=\/wp\/v2\/types\/post"}],"author":[{"embeddable":true,"href":"https:\/\/agromt.news\/index.php?rest_route=\/wp\/v2\/users\/1"}],"replies":[{"embeddable":true,"href":"https:\/\/agromt.news\/index.php?rest_route=%2Fwp%2Fv2%2Fcomments&post=19976"}],"version-history":[{"count":0,"href":"https:\/\/agromt.news\/index.php?rest_route=\/wp\/v2\/posts\/19976\/revisions"}],"wp:featuredmedia":[{"embeddable":true,"href":"https:\/\/agromt.news\/index.php?rest_route=\/wp\/v2\/media\/19977"}],"wp:attachment":[{"href":"https:\/\/agromt.news\/index.php?rest_route=%2Fwp%2Fv2%2Fmedia&parent=19976"}],"wp:term":[{"taxonomy":"category","embeddable":true,"href":"https:\/\/agromt.news\/index.php?rest_route=%2Fwp%2Fv2%2Fcategories&post=19976"},{"taxonomy":"post_tag","embeddable":true,"href":"https:\/\/agromt.news\/index.php?rest_route=%2Fwp%2Fv2%2Ftags&post=19976"}],"curies":[{"name":"wp","href":"https:\/\/api.w.org\/{rel}","templated":true}]}}