{"id":19975,"date":"2025-09-10T10:49:32","date_gmt":"2025-09-10T14:49:32","guid":{"rendered":"https:\/\/agromt.news\/?p=19975"},"modified":"2025-09-10T10:49:32","modified_gmt":"2025-09-10T14:49:32","slug":"cafe-brasileiro-pode-continuar-fora-de-isencao-do-tarifaco-entenda","status":"publish","type":"post","link":"https:\/\/agromt.news\/?p=19975","title":{"rendered":"Caf\u00e9 brasileiro pode continuar fora de isen\u00e7\u00e3o do tarifa\u00e7o; entenda"},"content":{"rendered":"<p> <br \/>\n<br \/><img decoding=\"async\" src=\"https:\/\/agromt.news\/wp-content\/uploads\/2025\/08\/Exportadores-de-cafe-temem-que-reciprocidade-ao-tarifaco-amargue-negociacoes.jpg\" \/><\/p>\n<div>\n<p>Sendo os Estados Unidos o principal destino do caf\u00e9 do Brasil, havia a expectativa de que o produto entrasse na lista de exce\u00e7\u00f5es divulgada em agosto, quando o pa\u00eds efetivou o tarifa\u00e7o contra as exporta\u00e7\u00f5es brasileiras. Mas parece que isso n\u00e3o deve ocorrer t\u00e3o cedo. Pelo menos \u00e9 o que indica uma ordem assinada pelo presidente Donald Trump.<\/p>\n<p>O texto oficial, publicado no site da Casa Branca na \u00faltima sexta-feira (5), n\u00e3o cita diretamente o caf\u00e9 nem outros produtos. No entanto, Trump afirma que pode reduzir a zero as tarifas rec\u00edprocas de importa\u00e7\u00f5es consideradas estrat\u00e9gicas, desde que os pa\u00edses tenham compromissos firmados em acordos comerciais com os Estados Unidos e que isso atenda aos \u201cinteresses nacionais\u201d e \u00e0 emerg\u00eancia declarada pelo governo.\u00a0<\/p>\n<p>No <a href=\"https:\/\/www.whitehouse.gov\/presidential-actions\/2025\/09\/modifying-the-scope-of-reciprocal-tariffs-and-establishing-procedures-for-implementing-trade-and-security-agreements\/\">documento<\/a>, o l\u00edder norte-americano acrescenta que a lista de poss\u00edveis isen\u00e7\u00f5es re\u00fane produtos \u201cque n\u00e3o podem ser cultivados, minerados ou produzidos naturalmente nos Estados Unidos ou em quantidade suficiente para atender \u00e0 demanda dom\u00e9stica\u201d.<\/p>\n<h3 class=\"wp-block-heading\" id=\"h-negociacoes-em-andamento-o-que-diz-o-cecafe\">Negocia\u00e7\u00f5es em andamento: o que diz o Cecaf\u00e9\u00a0<\/h3>\n<p>Apesar da publica\u00e7\u00e3o, o Conselho dos Exportadores de Caf\u00e9 do Brasil (Cecaf\u00e9) confirma que o gr\u00e3o foi inserido na chamada \u201clista master\u201d de potenciais exce\u00e7\u00f5es. Isso porque o caf\u00e9 se enquadra entre os itens estrat\u00e9gicos n\u00e3o produzidos em escala suficiente nos Estados Unidos.\u00a0<\/p>\n<p>A entidade destaca, por\u00e9m, que n\u00e3o h\u00e1 defini\u00e7\u00e3o nem sele\u00e7\u00e3o dos pa\u00edses que produzem esses produtos a serem isentados pelo governo norte-americano. Para o Cecaf\u00e9, o pr\u00f3ximo passo ser\u00e1 levar o tema ao Comit\u00ea Interministerial de Gest\u00e3o da Crise do <a href=\"https:\/\/www.canalrural.com.br\/tag\/tarifaco\/\">Tarifa\u00e7o<\/a>, liderado pelo vice-presidente Geraldo Alckmin, com o objetivo de pleitear a isen\u00e7\u00e3o para o Brasil.\u00a0<\/p>\n<p>Vale lembrar que na semana passada, representantes do setor produtivo e da ind\u00fastria estiveram em Washington para tentar negociar uma sa\u00edda com os Estados Unidos. Em uma rede social, o diretor-geral do Cecaf\u00e9, Marcos Matos, reafirmou o papel da entidade nas negocia\u00e7\u00f5es. \u201cAlcan\u00e7amos um resultado e agora o foco est\u00e1 em levar essa informa\u00e7\u00e3o junto ao comit\u00ea\u201d.\u00a0<\/p>\n<p>Nos bastidores, a expectativa \u00e9 de que o pr\u00f3ximo passo seja justamente uma reuni\u00e3o com a gest\u00e3o interministerial para pleitear a isen\u00e7\u00e3o para o Brasil.<\/p>\n<h3 class=\"wp-block-heading\" id=\"h-cafe-brasileiro-sem-garantias-o-que-esperar\">Caf\u00e9 brasileiro sem garantias: o que esperar?<\/h3>\n<p>O consultor em agroneg\u00f3cios Carlos Cogo, diretor da Cogo Intelig\u00eancia em Agroneg\u00f3cio, no entanto, faz um alerta sobre a aus\u00eancia de men\u00e7\u00e3o expl\u00edcita do caf\u00e9. \u201cN\u00e3o est\u00e1 claro se haver\u00e1 redu\u00e7\u00e3o de tarifas sobre o caf\u00e9 de outros pa\u00edses. Por\u00e9m, se ocorrer, pode aliviar a situa\u00e7\u00e3o de abastecimento do mercado norte-americano\u201d. No longo prazo, o especialista afirma que isso poderia afetar negativamente os pre\u00e7os pagos no Brasil.<\/p>\n<p>Sobre o avan\u00e7o das negocia\u00e7\u00f5es entre os governos de Brasil e Estados Unidos, Cogo \u00e9 categ\u00f3rico: sem canal diplom\u00e1tico aberto neste momento, o caf\u00e9 brasileiro est\u00e1 na m\u00e3o das negocia\u00e7\u00f5es do setor privado dos dois pa\u00edses.<\/p>\n<\/p><\/div>\n<p><br \/>\n<br \/><a href=\"https:\/\/www.canalrural.com.br\/agricultura\/cafe\/cafe-brasileiro-pode-ficar-fora-de-isencao-do-tarifaco-entenda\/\">Source link <\/a><\/p>\n","protected":false},"excerpt":{"rendered":"<p>Sendo os Estados Unidos o principal destino do caf\u00e9 do Brasil, havia a expectativa de que o produto entrasse na<\/p>\n","protected":false},"author":1,"featured_media":19408,"comment_status":"open","ping_status":"open","sticky":false,"template":"","format":"standard","meta":{"_monsterinsights_skip_tracking":false,"_monsterinsights_sitenote_active":false,"_monsterinsights_sitenote_note":"","_monsterinsights_sitenote_category":0,"_uf_show_specific_survey":0,"_uf_disable_surveys":false,"footnotes":""},"categories":[1],"tags":[],"class_list":["post-19975","post","type-post","status-publish","format-standard","has-post-thumbnail","hentry","category-news"],"_links":{"self":[{"href":"https:\/\/agromt.news\/index.php?rest_route=\/wp\/v2\/posts\/19975"}],"collection":[{"href":"https:\/\/agromt.news\/index.php?rest_route=\/wp\/v2\/posts"}],"about":[{"href":"https:\/\/agromt.news\/index.php?rest_route=\/wp\/v2\/types\/post"}],"author":[{"embeddable":true,"href":"https:\/\/agromt.news\/index.php?rest_route=\/wp\/v2\/users\/1"}],"replies":[{"embeddable":true,"href":"https:\/\/agromt.news\/index.php?rest_route=%2Fwp%2Fv2%2Fcomments&post=19975"}],"version-history":[{"count":0,"href":"https:\/\/agromt.news\/index.php?rest_route=\/wp\/v2\/posts\/19975\/revisions"}],"wp:featuredmedia":[{"embeddable":true,"href":"https:\/\/agromt.news\/index.php?rest_route=\/wp\/v2\/media\/19408"}],"wp:attachment":[{"href":"https:\/\/agromt.news\/index.php?rest_route=%2Fwp%2Fv2%2Fmedia&parent=19975"}],"wp:term":[{"taxonomy":"category","embeddable":true,"href":"https:\/\/agromt.news\/index.php?rest_route=%2Fwp%2Fv2%2Fcategories&post=19975"},{"taxonomy":"post_tag","embeddable":true,"href":"https:\/\/agromt.news\/index.php?rest_route=%2Fwp%2Fv2%2Ftags&post=19975"}],"curies":[{"name":"wp","href":"https:\/\/api.w.org\/{rel}","templated":true}]}}