{"id":19954,"date":"2025-09-09T23:34:08","date_gmt":"2025-09-10T03:34:08","guid":{"rendered":"https:\/\/agromt.news\/?p=19954"},"modified":"2025-09-09T23:34:08","modified_gmt":"2025-09-10T03:34:08","slug":"expointer-marca-inicio-de-nova-etapa-na-parceria-entre-rs-e-italia","status":"publish","type":"post","link":"https:\/\/agromt.news\/?p=19954","title":{"rendered":"Expointer marca in\u00edcio de nova etapa na parceria entre RS e It\u00e1lia"},"content":{"rendered":"<p> <br \/>\n<\/p>\n<div>\n<p style=\"text-align:justify\">Foi inaugurado na \u00faltima semana o Espa\u00e7o It\u00e1lia na Expointer 2024, no Pavilh\u00e3o Internacional, em Esteio (RS). A iniciativa, promovida pelo Consulado-Geral da It\u00e1lia em Porto Alegre e pela C\u00e2mara de Com\u00e9rcio Italiana do Rio Grande do Sul, tem como objetivo estreitar os la\u00e7os econ\u00f4micos, culturais e institucionais entre o estado e o pa\u00eds europeu.&#13;\n<\/p>\n<p style=\"text-align:justify\">Segundo informa\u00e7\u00f5es divulgadas pelos organizadores, o evento contou com a presen\u00e7a do governador Eduardo Leite, do c\u00f4nsul-geral Valerio Caruso e do presidente da C\u00e2mara de Com\u00e9rcio Italiana e CEO da Be8, Erasmo Battistella, al\u00e9m de secret\u00e1rios estaduais, empres\u00e1rios e representantes da comunidade \u00edtalo-ga\u00facha.<\/p>\n<p style=\"text-align:justify\">Um dos an\u00fancios mais aguardados durante a cerim\u00f4nia foi a confirma\u00e7\u00e3o de uma miss\u00e3o oficial \u00e0 It\u00e1lia, prevista para outubro. A comitiva, liderada pelo governador, dever\u00e1 cumprir agendas em Roma e outras cidades italianas, com encontros na embaixada brasileira, reuni\u00f5es em minist\u00e9rios e rodadas de neg\u00f3cios com representantes do setor produtivo. Entre os temas centrais est\u00e1 a cria\u00e7\u00e3o de um voo direto entre Porto Alegre e Roma ou Mil\u00e3o, medida considerada estrat\u00e9gica para ampliar investimentos, turismo e interc\u00e2mbio cultural.&#13;\n<\/p>\n<p style=\"text-align:justify\">O governador Eduardo Leite destacou que a iniciativa simboliza n\u00e3o apenas a celebra\u00e7\u00e3o da heran\u00e7a cultural italiana no Rio Grande do Sul, mas tamb\u00e9m uma oportunidade concreta de ampliar parcerias. \u201c\u00c9 uma celebra\u00e7\u00e3o das nossas ra\u00edzes, mas tamb\u00e9m um compromisso com o presente e o futuro. Queremos transformar essa rela\u00e7\u00e3o em novas parcerias, investimentos e desenvolvimento econ\u00f4mico\u201d, afirmou.<\/p>\n<p style=\"text-align:justify\">O c\u00f4nsul Valerio Caruso refor\u00e7ou a import\u00e2ncia da iniciativa, lembrando que a ida da comitiva ga\u00facha \u00e0 It\u00e1lia ter\u00e1 forte peso diplom\u00e1tico. \u201cSer\u00e1 recebida como um gesto de amizade e coopera\u00e7\u00e3o. Temos muito a ganhar ao aprofundar essa rela\u00e7\u00e3o bilateral\u201d, destacou.&#13;\n<\/p>\n<p style=\"text-align:justify\">O estande italiano, com cerca de 100 m\u00b2, foi projetado como um espa\u00e7o de neg\u00f3cios e networking. Mais de 20 empresas italianas e \u00edtalo-brasileiras participam da exposi\u00e7\u00e3o, apresentando inova\u00e7\u00f5es nos setores agroindustrial, de mecaniza\u00e7\u00e3o e de servi\u00e7os. O local tamb\u00e9m faz parte das comemora\u00e7\u00f5es dos 150 anos da imigra\u00e7\u00e3o italiana no Rio Grande do Sul, a serem celebrados em 2025.\u00a0Entre os atrativos do espa\u00e7o est\u00e1 o lan\u00e7amento do NOVA Espumante Branco Seco Trebbiano Toscano \u2013 Edizione Speciale, elaborado pela Vin\u00edcola Nova Alian\u00e7a, escolhido como o r\u00f3tulo oficial das festividades do sesquicenten\u00e1rio da imigra\u00e7\u00e3o.<\/p>\n<\/p><\/div>\n<p><script data-cfasync=\"false\">\n    !function (f, b, e, v, n, t, s) {\n        if (f.fbq) return; n = f.fbq = function () {\n            n.callMethod ?\n                n.callMethod.apply(n, arguments) : n.queue.push(arguments)\n        };\n        if (!f._fbq) f._fbq = n; n.push = n; n.loaded = !0; n.version = '2.0';\n        n.queue = []; t = b.createElement(e); t.async = !0;\n        t.src = v; s = b.getElementsByTagName(e)[0];\n        s.parentNode.insertBefore(t, s)\n    }(window, document, 'script',\n        'https:\/\/connect.facebook.net\/en_US\/fbevents.js');\n    fbq('init', '522546078623747');\n    fbq('track', 'PageView');\n<\/script><br \/>\n<br \/><br \/>\n<br \/><a href=\"https:\/\/www.agrolink.com.br\/noticias\/expointer-marca-inicio-de-nova-etapa-na-parceria-entre-rs-e-italia_505766.html\">Source link <\/a><\/p>\n","protected":false},"excerpt":{"rendered":"<p>Foi inaugurado na \u00faltima semana o Espa\u00e7o It\u00e1lia na Expointer 2024, no Pavilh\u00e3o Internacional, em Esteio (RS). A iniciativa, promovida<\/p>\n","protected":false},"author":1,"featured_media":19955,"comment_status":"open","ping_status":"open","sticky":false,"template":"","format":"standard","meta":{"_monsterinsights_skip_tracking":false,"_monsterinsights_sitenote_active":false,"_monsterinsights_sitenote_note":"","_monsterinsights_sitenote_category":0,"_uf_show_specific_survey":0,"_uf_disable_surveys":false,"footnotes":""},"categories":[8,1,14],"tags":[],"class_list":["post-19954","post","type-post","status-publish","format-standard","has-post-thumbnail","hentry","category-agro","category-news","category-politica-agro"],"_links":{"self":[{"href":"https:\/\/agromt.news\/index.php?rest_route=\/wp\/v2\/posts\/19954"}],"collection":[{"href":"https:\/\/agromt.news\/index.php?rest_route=\/wp\/v2\/posts"}],"about":[{"href":"https:\/\/agromt.news\/index.php?rest_route=\/wp\/v2\/types\/post"}],"author":[{"embeddable":true,"href":"https:\/\/agromt.news\/index.php?rest_route=\/wp\/v2\/users\/1"}],"replies":[{"embeddable":true,"href":"https:\/\/agromt.news\/index.php?rest_route=%2Fwp%2Fv2%2Fcomments&post=19954"}],"version-history":[{"count":0,"href":"https:\/\/agromt.news\/index.php?rest_route=\/wp\/v2\/posts\/19954\/revisions"}],"wp:featuredmedia":[{"embeddable":true,"href":"https:\/\/agromt.news\/index.php?rest_route=\/wp\/v2\/media\/19955"}],"wp:attachment":[{"href":"https:\/\/agromt.news\/index.php?rest_route=%2Fwp%2Fv2%2Fmedia&parent=19954"}],"wp:term":[{"taxonomy":"category","embeddable":true,"href":"https:\/\/agromt.news\/index.php?rest_route=%2Fwp%2Fv2%2Fcategories&post=19954"},{"taxonomy":"post_tag","embeddable":true,"href":"https:\/\/agromt.news\/index.php?rest_route=%2Fwp%2Fv2%2Ftags&post=19954"}],"curies":[{"name":"wp","href":"https:\/\/api.w.org\/{rel}","templated":true}]}}