{"id":19952,"date":"2025-09-09T20:42:43","date_gmt":"2025-09-10T00:42:43","guid":{"rendered":"https:\/\/agromt.news\/?p=19952"},"modified":"2025-09-09T20:42:43","modified_gmt":"2025-09-10T00:42:43","slug":"semana-tera-chuva-acumulada-de-100-mm-em-duas-regioes-do-pais","status":"publish","type":"post","link":"https:\/\/agromt.news\/?p=19952","title":{"rendered":"Semana ter\u00e1 chuva acumulada de 100 mm em duas regi\u00f5es do pa\u00eds"},"content":{"rendered":"<p> <br \/>\n<\/p>\n<div>\n<p>A previs\u00e3o do tempo at\u00e9 a pr\u00f3xima segunda-feira (15) do Instituto Nacional de Meteorologia <strong><a href=\"https:\/\/www.canalrural.com.br\/tag\/INMET\/\">(Inmet)<\/a><\/strong> indica chuva volumosa em algumas regi\u00f5es e a completa aus\u00eancia dela em outras. Confira:<\/p>\n<div data-icp-cta=\"1\" id=\"icp-cta-unique\">Voc\u00ea quer entender como usar o clima a seu favor?<b> <\/b><a href=\"https:\/\/climacampo.canalrural.com.br\/climacampo_-01\">Preparamos um e-book exclusivo<\/a> para ajudar produtores rurais a se antecipar \u00e0s mudan\u00e7as do tempo e planejar melhor suas a\u00e7\u00f5es. Com base em previs\u00f5es meteorol\u00f3gicas confi\u00e1veis, ele oferece orienta\u00e7\u00f5es pr\u00e1ticas para proteger sua lavoura e otimizar seus resultados.<\/div>\n<h2 class=\"wp-block-heading\" id=\"h-sul\">Sul<\/h2>\n<p>Ao longo da semana, s\u00e3o previstos acumulados de at\u00e9 <strong>100 mm<\/strong> de chuva no sudoeste do <strong><a href=\"https:\/\/www.canalrural.com.br\/nacional\/rio-grande-do-sul\/\">Rio Grande do Sul<\/a><\/strong> (tons em amarelo e vermelho no mapa abaixo) e volumes de at\u00e9 50 mm na por\u00e7\u00e3o entre as mesorregi\u00f5es de Serrana e Vale do Itaja\u00ed, em Santa Catarina (verde). No restante da regi\u00e3o, com exce\u00e7\u00e3o do centro-norte paranaense, o Inmet indica precipita\u00e7\u00f5es de at\u00e9 10 mm (azul e cinza). Destaca-se, ainda, a baixa umidade relativa abaixo de 30% prevista no centro-norte do Paran\u00e1 durante os pr\u00f3ximos dias.<\/p>\n<h2 class=\"wp-block-heading\" id=\"h-sudeste\">Sudeste<\/h2>\n<p>A previs\u00e3o indica aus\u00eancia de chuva para a maior parte dos estados do Sudeste. Contudo, volumes de at\u00e9 10 mm s\u00e3o previstos em todo o Esp\u00edrito Santo e leste de Minas Gerais (azul e cinza). Ressalta-se, tamb\u00e9m, a umidade relativa abaixo de 30% prevista para os pr\u00f3ximos dias nas regi\u00f5es do Tri\u00e2ngulo Mineiro e grande parte do estado de S\u00e3o Paulo.<\/p>\n<h2 class=\"wp-block-heading\" id=\"h-centro-oeste\">Centro-Oeste<\/h2>\n<figure class=\"wp-block-image size-full\"><img fetchpriority=\"high\" decoding=\"async\" width=\"484\" height=\"577\" src=\"https:\/\/agromt.news\/wp-content\/uploads\/2025\/09\/Semana-tera-chuva-acumulada-de-100-mm-em-duas-regioes.jpg\" alt=\"mapa de chuva\" class=\"wp-image-4121692\"  \/><figcaption class=\"wp-element-caption\">Foto: Reprodu\u00e7\u00e3o<\/figcaption><\/figure>\n<p>A previs\u00e3o do Inmet mostra tempo est\u00e1vel, com aus\u00eancia de chuva em praticamente todos os estados (\u00e1reas em branco). Destaca-se, tamb\u00e9m, a previs\u00e3o de umidade relativa abaixo de 30% em toda a regi\u00e3o para os pr\u00f3ximos dias, principalmente no centro-sul de Goi\u00e1s, centro norte de Mato Grosso do Sul e em praticamente todo o Mato Grosso.<\/p>\n<h2 class=\"wp-block-heading\" id=\"h-nordeste\">Nordeste<\/h2>\n<p>N\u00e3o h\u00e1 previs\u00e3o de chuva ao longo da semana, com tend\u00eancia de redu\u00e7\u00e3o da umidade relativa do ar, especialmente na por\u00e7\u00e3o sul do Maranh\u00e3o, Piau\u00ed e oeste da Bahia, onde os valores ficam abaixo de 30%. J\u00e1 na parte litor\u00e2nea da regi\u00e3o os volumes de chuva permanecem abaixo de 10 mm (azul).<\/p>\n<h2 class=\"wp-block-heading\" id=\"h-norte\">Norte<\/h2>\n<p>\u00c1reas de instabilidade dever\u00e3o se concentrar na por\u00e7\u00e3o norte e sudoeste do Amazonas, com volumes que podem superar <strong>60 mm<\/strong> (amarelo e laranja). Os maiores acumulados de chuva, da ordem de <strong>100 mm<\/strong>, s\u00e3o previstos para o centro-norte do Amazonas. Em contraste, em grande parte do Par\u00e1, Tocantins, Amap\u00e1 e sul de Rond\u00f4nia n\u00e3o h\u00e1 previs\u00e3o de chuva ao longo da semana. No sul do Par\u00e1, Tocantins e extremo sul de Rond\u00f4nia a tend\u00eancia \u00e9 de redu\u00e7\u00e3o da umidade relativa do ar, que poder\u00e1 atingir n\u00edveis inferiores a 30%.<\/p>\n<\/p><\/div>\n<p><br \/>\n<br \/><a href=\"https:\/\/www.canalrural.com.br\/tempo\/semana-tera-chuva-acumulada-de-100-mm-em-duas-regioes-do-pais\/\">Source link <\/a><\/p>\n","protected":false},"excerpt":{"rendered":"<p>A previs\u00e3o do tempo at\u00e9 a pr\u00f3xima segunda-feira (15) do Instituto Nacional de Meteorologia (Inmet) indica chuva volumosa em algumas<\/p>\n","protected":false},"author":1,"featured_media":9921,"comment_status":"open","ping_status":"open","sticky":false,"template":"","format":"standard","meta":{"_monsterinsights_skip_tracking":false,"_monsterinsights_sitenote_active":false,"_monsterinsights_sitenote_note":"","_monsterinsights_sitenote_category":0,"_uf_show_specific_survey":0,"_uf_disable_surveys":false,"footnotes":""},"categories":[1],"tags":[],"class_list":["post-19952","post","type-post","status-publish","format-standard","has-post-thumbnail","hentry","category-news"],"_links":{"self":[{"href":"https:\/\/agromt.news\/index.php?rest_route=\/wp\/v2\/posts\/19952"}],"collection":[{"href":"https:\/\/agromt.news\/index.php?rest_route=\/wp\/v2\/posts"}],"about":[{"href":"https:\/\/agromt.news\/index.php?rest_route=\/wp\/v2\/types\/post"}],"author":[{"embeddable":true,"href":"https:\/\/agromt.news\/index.php?rest_route=\/wp\/v2\/users\/1"}],"replies":[{"embeddable":true,"href":"https:\/\/agromt.news\/index.php?rest_route=%2Fwp%2Fv2%2Fcomments&post=19952"}],"version-history":[{"count":0,"href":"https:\/\/agromt.news\/index.php?rest_route=\/wp\/v2\/posts\/19952\/revisions"}],"wp:featuredmedia":[{"embeddable":true,"href":"https:\/\/agromt.news\/index.php?rest_route=\/wp\/v2\/media\/9921"}],"wp:attachment":[{"href":"https:\/\/agromt.news\/index.php?rest_route=%2Fwp%2Fv2%2Fmedia&parent=19952"}],"wp:term":[{"taxonomy":"category","embeddable":true,"href":"https:\/\/agromt.news\/index.php?rest_route=%2Fwp%2Fv2%2Fcategories&post=19952"},{"taxonomy":"post_tag","embeddable":true,"href":"https:\/\/agromt.news\/index.php?rest_route=%2Fwp%2Fv2%2Ftags&post=19952"}],"curies":[{"name":"wp","href":"https:\/\/api.w.org\/{rel}","templated":true}]}}