{"id":19949,"date":"2025-09-09T20:14:36","date_gmt":"2025-09-10T00:14:36","guid":{"rendered":"https:\/\/agromt.news\/?p=19949"},"modified":"2025-09-09T20:14:36","modified_gmt":"2025-09-10T00:14:36","slug":"exportacoes-de-cafe-brasileiro-caem-175-no-volume-mas-aumentam-em-receita","status":"publish","type":"post","link":"https:\/\/agromt.news\/?p=19949","title":{"rendered":"Exporta\u00e7\u00f5es de caf\u00e9 brasileiro caem 17,5% no volume, mas aumentam em receita"},"content":{"rendered":"<p> <br \/>\n<\/p>\n<div>\n<p>O Brasil exportou 3,144 milh\u00f5es de sacas de 60 kg de todos os tipos caf\u00e9 em agosto de 2025, queda de<strong> 17,5%<\/strong> na compara\u00e7\u00e3o com os 3,813 milh\u00f5es do mesmo m\u00eas do ano passado, de acordo com relat\u00f3rio estat\u00edstico mensal do Conselho dos Exportadores Caf\u00e9 do Brasil (Cecaf\u00e9).<\/p>\n<p>A receita cambial, por sua vez, cresceu <strong>12,7%<\/strong> no mesmo intervalo comparativo, saltando para US$ 1,101 bilh\u00e3o. <\/p>\n<p>A queda no montante embarcado j\u00e1 era aguardada, conforme avalia o presidente da entidade, M\u00e1rcio Ferreira, devido ao pa\u00eds vir de exporta\u00e7\u00f5es recordes em 2024 e possuir menor disponibilidade de caf\u00e9 em fun\u00e7\u00e3o de uma safra que ficou aqu\u00e9m de seu potencial m\u00e1ximo produtivo.<\/p>\n<p>Ele comenta, ainda, que o <strong><a href=\"https:\/\/www.canalrural.com.br\/tag\/tarifaco\/\">tarifa\u00e7o de 50%<\/a><\/strong> imposto pelo governo de Donald Trump sobre os caf\u00e9s do Brasil a serem exportados para os Estados Unidos potencializou essa redu\u00e7\u00e3o.<\/p>\n<p>\u201cOs EUA deixaram de ser os maiores compradores de nosso caf\u00e9 em agosto, descendo para o segundo lugar, com 301 mil sacas importadas \u2013 de neg\u00f3cios realizados antes da vig\u00eancia do tarifa\u00e7o \u2013, o que implicou queda de 46% ante o mesmo m\u00eas de 2024 e de 26% contra julho deste ano. Assim, os norte-americanos ficaram atr\u00e1s da Alemanha, que importou 414 mil sacas no m\u00eas passado\u201d, revela.<\/p>\n<h2 class=\"wp-block-heading\" id=\"h-volatilidade-nos-precos-do-cafe\">Volatilidade nos pre\u00e7os do caf\u00e9<\/h2>\n<p>Ferreira analisa que o tarifa\u00e7o tamb\u00e9m afetou o mercado internacional do caf\u00e9, trazendo muita volatilidade aos pre\u00e7os e fazendo com que as cota\u00e7\u00f5es disparassem.<\/p>\n<p>\u201cOs fundamentos j\u00e1 s\u00e3o favor\u00e1veis para a alta h\u00e1 algumas safras, com oferta e demanda muito ajustadas ou mesmo com d\u00e9ficit de oferta, devido a adversidades clim\u00e1ticas nos principais produtores, em especial no Brasil, mas o tarifa\u00e7o desordenou o mercado e deu abertura para movimentos especulativos\u201d, afirma.<\/p>\n<p>Ele completa que, de 7 de agosto, quando entrou em vig\u00eancia a taxa\u00e7\u00e3o, at\u00e9 o fechamento do m\u00eas passado, o caf\u00e9 ar\u00e1bica subiu <strong>29,7%<\/strong> na Bolsa de Nova York, saindo de US$ 2,978 por libra-peso para US$ 3,861.<\/p>\n<p>\u201cSe o tarifa\u00e7o persistir, al\u00e9m de as exporta\u00e7\u00f5es de caf\u00e9 do Brasil seguirem invi\u00e1veis aos EUA, os consumidores americanos tamb\u00e9m enfrentar\u00e3o pre\u00e7os onerosos para degustar sua bebida favorita, uma vez que n\u00e3o h\u00e1 oferta de outros pa\u00edses para suprir a aus\u00eancia brasileira no mercado dos Estados Unidos, criando-se, assim, um cen\u00e1rio inflacion\u00e1rio por l\u00e1\u201d, projeta.<\/p>\n<h2 class=\"wp-block-heading\" id=\"h-exportacoes-ao-longo-do-ano\">Exporta\u00e7\u00f5es ao longo do ano<\/h2>\n<p>Tamb\u00e9m de acordo com o relat\u00f3rio estat\u00edstico mensal do Cecaf\u00e9, o Brasil embarcou 25,323 milh\u00f5es de sacas no acumulado entre janeiro e o fim de agosto deste ano, apresentando uma queda de <strong>20,9%<\/strong> na compara\u00e7\u00e3o com o volume remetido ao exterior nos mesmos oito meses de 2024. <\/p>\n<p>J\u00e1 a receita cambial \u00e9 recorde para esse intervalo, saltando para US$ 9,668 bilh\u00f5es no acumulado de 2025.<\/p>\n<p>\u201cO cen\u00e1rio, tanto em agosto quanto no acumulado do ano, n\u00e3o \u00e9 t\u00e3o distinto, com a queda no volume j\u00e1 esperada pela menor oferta ap\u00f3s os embarques recordes em 2024, bem como maiores ingressos de divisas ao caixa do Brasil devido a maiores cota\u00e7\u00f5es internacionais, impulsionados pelo equil\u00edbrio entre oferta e demanda h\u00e1 anos e, agora, potencializados pelo tarifa\u00e7o\u201d, destaca.<\/p>\n<h2 class=\"wp-block-heading\" id=\"h-principais-destinos\">Principais destinos <\/h2>\n<figure class=\"wp-block-image size-large\"><img fetchpriority=\"high\" decoding=\"async\" width=\"1024\" height=\"683\" alt=\"x\u00edcara de caf\u00e9\" class=\"wp-image-4103532\"  data-lazy- src=\"https:\/\/agromt.news\/wp-content\/uploads\/2025\/09\/Exportacoes-de-cafe-brasileiro-caem-175-no-volume-mas-aumentam.jpg\"\/><img decoding=\"async\" width=\"1024\" height=\"683\" src=\"https:\/\/agromt.news\/wp-content\/uploads\/2025\/09\/Exportacoes-de-cafe-brasileiro-caem-175-no-volume-mas-aumentam.jpg\" alt=\"x\u00edcara de caf\u00e9\" class=\"wp-image-4103532\"  \/><figcaption class=\"wp-element-caption\">Foto: Pixabay<\/figcaption><\/figure>\n<p>Mesmo com a queda nas compras em agosto, no acumulado dos oito primeiros meses de 2025, os norte-americanos permanecem como o principal importador do produto brasileiro: <\/p>\n<ul class=\"wp-block-list\">\n<li><strong>Estados Unidos:<\/strong> 4,028 milh\u00f5es de sacas, queda de 20,8% na compara\u00e7\u00e3o com o intervalo de janeiro ao fim de agosto de 2024;<\/li>\n<li><strong>Alemanha:<\/strong> importa\u00e7\u00e3o de 3,071 milh\u00f5es de sacas (-32,9%)<\/li>\n<li><strong>It\u00e1lia: <\/strong>1,981 milh\u00e3o de sacas (-23,6%); <\/li>\n<li><strong>Jap\u00e3o:<\/strong> 1,671 milh\u00e3o de sacas (+15,6%); e <\/li>\n<li><strong>B\u00e9lgica:<\/strong> 1,517 milh\u00e3o de sacas (-48,3%)<\/li>\n<\/ul>\n<h2 class=\"wp-block-heading\" id=\"h-tipos-de-cafe\">Tipos de caf\u00e9<\/h2>\n<p>Nos primeiros oito meses de 2025, o caf\u00e9 ar\u00e1bica foi a esp\u00e9cie mais exportada pelo Brasil, com a remessa de 20,209 milh\u00f5es de sacas ao exterior, montante que equivale a <strong>79,8%<\/strong> do total e implica queda de 13% frente a id\u00eantico intervalo anterior.<\/p>\n<p>A esp\u00e9cie can\u00e9fora (conilon + robusta) vem na sequ\u00eancia, com embarques equivalentes a 2,570 milh\u00f5es de sacas (10,1% do total), seguido pelo segmento do caf\u00e9 sol\u00favel, com 2,508 milh\u00f5es de sacas (9,9%), e pelo setor industrial de caf\u00e9 torrado e torrado e mo\u00eddo, com 36.700 sacas (0,1%).<\/p>\n<p>As exporta\u00e7\u00f5es brasileiras dos caf\u00e9s que possuem certificados de pr\u00e1ticas sustent\u00e1veis ou qualidade superior totalizaram 5,1 milh\u00f5es de sacas no acumulado dos oito primeiros meses de 2025, o que corresponde a 20,1% dos embarques de todos os tipos de caf\u00e9 nesse per\u00edodo, mostra o relat\u00f3rio do Cecaf\u00e9.<\/p>\n<p>Contudo, esse volume implica queda de 9,3% na compara\u00e7\u00e3o com as remessas ao exterior registradas entre janeiro e agosto do ano passado.<\/p>\n<p>Com pre\u00e7o m\u00e9dio de US$ 427,05 por saca, a receita cambial com os embarques do produto diferenciado chegou a US$ 2,178 bilh\u00f5es, o que equivale a <strong>22,5%<\/strong> do total obtido com todos os embarques nos oito primeiros meses deste ano. Na compara\u00e7\u00e3o com o mesmo intervalo de 2024, o valor \u00e9 <strong>54,2%<\/strong> superior.<\/p>\n<p>No ranking dos principais destinos dos caf\u00e9s diferenciados, aparecem os seguintes pa\u00edses:<\/p>\n<ul class=\"wp-block-list\">\n<li><strong>Estados Unidos:<\/strong> compra de 893.651 sacas, o equivalente a 17,5% do total desse tipo de produto exportado;<\/li>\n<li><strong>Alemanha:<\/strong> 656.585 sacas (12,9%); <\/li>\n<li><strong>B\u00e9lgica:<\/strong> 579.954 sacas (11,4%); <\/li>\n<li><strong>Holanda (Pa\u00edses Baixos):<\/strong> 428.540 sacas (8,4%); e <\/li>\n<li><strong>It\u00e1lia:<\/strong> 332.700 sacas (6,5%)<\/li>\n<\/ul>\n<p>O levantamento do Cecaf\u00e9 mostra, tamb\u00e9m, que o Porto de Santos permanece como o principal exportador dos caf\u00e9s do Brasil no acumulado de 2025, com o embarque de 20,310 milh\u00f5es de sacas e representatividade de 80,2% nos oito primeiros meses do ano. <\/p>\n<p>Na sequ\u00eancia, v\u00eam o complexo portu\u00e1rio do Rio de Janeiro, que responde por 15,8% ao enviar 4,010 milh\u00f5es de sacas ao exterior, e o Porto de Paranagu\u00e1 (PR), que exportou 245.100 sacas e tem representatividade de 1%.<\/p>\n<\/p><\/div>\n<p><br \/>\n<br \/><a href=\"https:\/\/www.canalrural.com.br\/agricultura\/exportacoes-de-cafe-brasileiro-caem-175-no-volume-mas-aumentam-em-receita\/\">Source link <\/a><\/p>\n","protected":false},"excerpt":{"rendered":"<p>O Brasil exportou 3,144 milh\u00f5es de sacas de 60 kg de todos os tipos caf\u00e9 em agosto de 2025, queda<\/p>\n","protected":false},"author":1,"featured_media":17164,"comment_status":"open","ping_status":"open","sticky":false,"template":"","format":"standard","meta":{"_monsterinsights_skip_tracking":false,"_monsterinsights_sitenote_active":false,"_monsterinsights_sitenote_note":"","_monsterinsights_sitenote_category":0,"_uf_show_specific_survey":0,"_uf_disable_surveys":false,"footnotes":""},"categories":[1],"tags":[],"class_list":["post-19949","post","type-post","status-publish","format-standard","has-post-thumbnail","hentry","category-news"],"_links":{"self":[{"href":"https:\/\/agromt.news\/index.php?rest_route=\/wp\/v2\/posts\/19949"}],"collection":[{"href":"https:\/\/agromt.news\/index.php?rest_route=\/wp\/v2\/posts"}],"about":[{"href":"https:\/\/agromt.news\/index.php?rest_route=\/wp\/v2\/types\/post"}],"author":[{"embeddable":true,"href":"https:\/\/agromt.news\/index.php?rest_route=\/wp\/v2\/users\/1"}],"replies":[{"embeddable":true,"href":"https:\/\/agromt.news\/index.php?rest_route=%2Fwp%2Fv2%2Fcomments&post=19949"}],"version-history":[{"count":0,"href":"https:\/\/agromt.news\/index.php?rest_route=\/wp\/v2\/posts\/19949\/revisions"}],"wp:featuredmedia":[{"embeddable":true,"href":"https:\/\/agromt.news\/index.php?rest_route=\/wp\/v2\/media\/17164"}],"wp:attachment":[{"href":"https:\/\/agromt.news\/index.php?rest_route=%2Fwp%2Fv2%2Fmedia&parent=19949"}],"wp:term":[{"taxonomy":"category","embeddable":true,"href":"https:\/\/agromt.news\/index.php?rest_route=%2Fwp%2Fv2%2Fcategories&post=19949"},{"taxonomy":"post_tag","embeddable":true,"href":"https:\/\/agromt.news\/index.php?rest_route=%2Fwp%2Fv2%2Ftags&post=19949"}],"curies":[{"name":"wp","href":"https:\/\/api.w.org\/{rel}","templated":true}]}}