{"id":19941,"date":"2025-09-09T19:13:11","date_gmt":"2025-09-09T23:13:11","guid":{"rendered":"https:\/\/agromt.news\/?p=19941"},"modified":"2025-09-09T19:13:11","modified_gmt":"2025-09-09T23:13:11","slug":"piracanjuba-recebe-multa-de-quase-r-700-mil-por-induzir-consumidor-a-erro","status":"publish","type":"post","link":"https:\/\/agromt.news\/?p=19941","title":{"rendered":"Piracanjuba recebe multa de quase R$ 700 mil por induzir consumidor a erro"},"content":{"rendered":"<p> <br \/>\n<br \/><img decoding=\"async\" src=\"https:\/\/agromt.news\/wp-content\/uploads\/2025\/09\/Piracanjuba-recebe-multa-de-quase-R-700-mil-por-induzir.jpg\" \/><\/p>\n<div>\n<p>A Latic\u00ednios Bela Vista S.A., dona da marca Piracanjuba, foi multada em <a href=\"https:\/\/www.canalrural.com.br\/tag\/minas-gerais\/\">Minas Gerais<\/a> por comercializar \u201cleite em p\u00f3 integral\u201d e \u201ccomposto l\u00e1cteo com maltodextrina\u201d com r\u00f3tulos semelhantes, pr\u00e1tica que pode induzir o consumidor a erro sobre a natureza dos produtos.<\/p>\n<p>O Procon-MPMG, \u00f3rg\u00e3o do Minist\u00e9rio P\u00fablico de Minas Gerais, aplicou multa de R$ 695.377,17 \u00e0 empresa.<\/p>\n<p>A investiga\u00e7\u00e3o foi conduzida pela 14\u00aa Promotoria de Justi\u00e7a de Defesa do Consumidor de Belo Horizonte, laudo t\u00e9cnico da Funda\u00e7\u00e3o Ezequiel Dias (Funed) indicou que, no produto l\u00e1cteo (composto de leite) a express\u00e3o \u201ccont\u00e9m soro de leite\u201d n\u00e3o est\u00e1 posicionada abaixo do nome do produto, como exige a legisla\u00e7\u00e3o vigente. <\/p>\n<\/div>\n<div>\n<p>De acordo com o \u00f3rg\u00e3o, os produtos \u201cleite em p\u00f3 integral\u201d e \u201ccomposto l\u00e1cteo com maltodextrina\u201d, ambos da marca Piracanjuba, apresentam grande semelhan\u00e7a visual, o que pode fazer com que consumidores comprem um produto acreditando ser outro.<\/p>\n<p>Diante das pr\u00e1ticas infrativas e da recusa em firmar Termo de Ajustamento de Conduta (TAC) e Transa\u00e7\u00e3o Administrativa (TA), o Procon-MG aplicou a multa ao fornecedor. <\/p>\n<h2 class=\"wp-block-heading\" id=\"h-resposta-da-piracanjuba\">Resposta da Piracanjuba<\/h2>\n<p>Em sua defesa, a empresa alegou, em nota, falhas no processo administrativo e negou a exist\u00eancia de infra\u00e7\u00e3o, sob o argumento de que cumpria as determina\u00e7\u00f5es do C\u00f3digo de Defesa do Consumidor e normas regulat\u00f3rias.<\/p>\n<\/p><\/div>\n<p><br \/>\n<br \/><a href=\"https:\/\/www.canalrural.com.br\/pecuaria\/leite\/piracanjuba-recebe-multa-de-quase-r-700-mil-por-induzir-consumidor-a-erro\/\">Source link <\/a><\/p>\n","protected":false},"excerpt":{"rendered":"<p>A Latic\u00ednios Bela Vista S.A., dona da marca Piracanjuba, foi multada em Minas Gerais por comercializar \u201cleite em p\u00f3 integral\u201d<\/p>\n","protected":false},"author":1,"featured_media":19942,"comment_status":"open","ping_status":"open","sticky":false,"template":"","format":"standard","meta":{"_monsterinsights_skip_tracking":false,"_monsterinsights_sitenote_active":false,"_monsterinsights_sitenote_note":"","_monsterinsights_sitenote_category":0,"_uf_show_specific_survey":0,"_uf_disable_surveys":false,"footnotes":""},"categories":[1],"tags":[],"class_list":["post-19941","post","type-post","status-publish","format-standard","has-post-thumbnail","hentry","category-news"],"_links":{"self":[{"href":"https:\/\/agromt.news\/index.php?rest_route=\/wp\/v2\/posts\/19941"}],"collection":[{"href":"https:\/\/agromt.news\/index.php?rest_route=\/wp\/v2\/posts"}],"about":[{"href":"https:\/\/agromt.news\/index.php?rest_route=\/wp\/v2\/types\/post"}],"author":[{"embeddable":true,"href":"https:\/\/agromt.news\/index.php?rest_route=\/wp\/v2\/users\/1"}],"replies":[{"embeddable":true,"href":"https:\/\/agromt.news\/index.php?rest_route=%2Fwp%2Fv2%2Fcomments&post=19941"}],"version-history":[{"count":0,"href":"https:\/\/agromt.news\/index.php?rest_route=\/wp\/v2\/posts\/19941\/revisions"}],"wp:featuredmedia":[{"embeddable":true,"href":"https:\/\/agromt.news\/index.php?rest_route=\/wp\/v2\/media\/19942"}],"wp:attachment":[{"href":"https:\/\/agromt.news\/index.php?rest_route=%2Fwp%2Fv2%2Fmedia&parent=19941"}],"wp:term":[{"taxonomy":"category","embeddable":true,"href":"https:\/\/agromt.news\/index.php?rest_route=%2Fwp%2Fv2%2Fcategories&post=19941"},{"taxonomy":"post_tag","embeddable":true,"href":"https:\/\/agromt.news\/index.php?rest_route=%2Fwp%2Fv2%2Ftags&post=19941"}],"curies":[{"name":"wp","href":"https:\/\/api.w.org\/{rel}","templated":true}]}}