{"id":19937,"date":"2025-09-09T18:45:34","date_gmt":"2025-09-09T22:45:34","guid":{"rendered":"https:\/\/agromt.news\/?p=19937"},"modified":"2025-09-09T18:45:34","modified_gmt":"2025-09-09T22:45:34","slug":"ex-ministra-reforca-que-agricultura-e-a-solucao-para-agenda-climatica-no-brasil","status":"publish","type":"post","link":"https:\/\/agromt.news\/?p=19937","title":{"rendered":"Ex-ministra refor\u00e7a que agricultura \u00e9 a solu\u00e7\u00e3o para agenda clim\u00e1tica no Brasil"},"content":{"rendered":"<p> <br \/>\n<br \/><img decoding=\"async\" src=\"https:\/\/agromt.news\/wp-content\/uploads\/2025\/09\/Ex-ministra-reforca-que-agricultura-e-a-solucao-para-agenda-climatica.png\" \/><\/p>\n<div>\n<p>A CNN Brasil realizou na noite da \u00faltima segunda-feira (8), em S\u00e3o Paulo, a edi\u00e7\u00e3o especial do CNN Talks \u2013 \u201cPot\u00eancia Verde\u201d, que reuniu lideran\u00e7as dos setores p\u00fablico e privado para discutir agricultura regenerativa, bioenergia e clima.<\/p>\n<p><iframe title=\"Rumo \u00e0 COP30: l\u00edderes do agro debatem clima, bioenergia e futuro sustent\u00e1vel\" width=\"800\" height=\"450\" src=\"https:\/\/www.youtube.com\/embed\/hTOzHe8glEY?feature=oembed\" frameborder=\"0\" allow=\"accelerometer; autoplay; clipboard-write; encrypted-media; gyroscope; picture-in-picture; web-share\" referrerpolicy=\"strict-origin-when-cross-origin\" allowfullscreen><\/iframe><\/p>\n<p>O di\u00e1logo cobriu temas que estar\u00e3o em foco na c\u00fapula mundial do clima e teve como objetivo fomentar o debate sobre solu\u00e7\u00f5es sustent\u00e1veis para o agroneg\u00f3cio.<\/p>\n<h2 class=\"wp-block-heading\" id=\"h-producao-preservacao-e-os-novos-refugiados\">Produ\u00e7\u00e3o, preserva\u00e7\u00e3o e os \u201cnovos refugiados\u201d<\/h2>\n<p>No painel inicial, Izabella Teixeira refor\u00e7ou a import\u00e2ncia da agricultura tropical como ferramenta de combate \u00e0s mudan\u00e7as clim\u00e1ticas. <\/p>\n<p>\u201cA agricultura \u00e9 a solu\u00e7\u00e3o para essa agenda, n\u00e3o o problema, como alguns insistem em dizer. O setor agro tem uma grande responsabilidade para a transforma\u00e7\u00e3o da economia global, tendo a natureza como uma grande aliada [\u2026]\u201d. <\/p>\n<p>Ela complementa dizendo que a agricultura tropical do Brasil \u00e9 um ativo, servindo como exemplo para redu\u00e7\u00e3o de emiss\u00f5es e ressalta tamb\u00e9m a import\u00e2ncia de superar o obst\u00e1culo da concilia\u00e7\u00e3o entre produ\u00e7\u00e3o e preserva\u00e7\u00e3o no pa\u00eds. <\/p>\n<p>A ex-ministra do Meio Ambiente destacou ainda as expectativas para os avan\u00e7os que podem ser promovidos a partir da <a href=\"https:\/\/www.canalrural.com.br\/cop30\/\">COP30<\/a>, que acontecer\u00e1 em novembro, em Bel\u00e9m.<\/p>\n<p>\u201cEssa COP vai expor a necessidade de se olhar para os refugiados clim\u00e1ticos. Na agenda, a quest\u00e3o social tamb\u00e9m \u00e9 indispens\u00e1vel. \u00c9 preciso ter uma sinergia de vis\u00f5es sobre os v\u00e1rios \u201cBrasis\u201d que existem hoje, para entender como as plataformas de ESG podem colaborar com as mudan\u00e7as, especialmente no aspecto social\u201d, refor\u00e7ou.<\/p>\n<\/div>\n<div>\n<h2 class=\"wp-block-heading\" id=\"h-bons-indicadores-ofuscados-pelo-desmatamento\">Bons indicadores ofuscados pelo desmatamento<\/h2>\n<p>Para Jo\u00e3o Paulo Capobianco, Secret\u00e1rio Executivo do Minist\u00e9rio do Meio Ambiente e Mudan\u00e7a do Clima, o Brasil segue sendo uma \u201cpot\u00eancia verde\u201d, mas que perde visibilidade pela alta reincid\u00eancia de desmatamento. <\/p>\n<p>\u201cMesmo que tenhamos reduzido o n\u00edvel em todos os biomas, incluindo o Cerrado, que muitos consideravam ser imposs\u00edvel, o desmatamento segue elevado, comprometendo a vis\u00e3o do mundo sobre os bons indicadores que temos no cen\u00e1rio internacional [\u2026]\u201d.<\/p>\n<p>O secret\u00e1rio tamb\u00e9m acredita que um dos caminhos \u00e9 continuar investindo em uma agenda que inclua os produtores rurais, tendo em vista a remunera\u00e7\u00e3o para o sequestro de carbono.<\/p>\n<h2 class=\"wp-block-heading\" id=\"h-eletrificacao-de-veiculos-e-uso-do-etanol\">Eletrifica\u00e7\u00e3o de ve\u00edculos e uso do etanol <\/h2>\n<p>Durante discuss\u00e3o focada na transi\u00e7\u00e3o energ\u00e9tica, Jo\u00e3o Irineu Medeiros, executivo da Stellantis, refor\u00e7ou que o cen\u00e1rio em que carros el\u00e9tricos compartilham espa\u00e7o com ve\u00edculos movidos a etanol pode ser a melhor alternativa na jornada da descarboniza\u00e7\u00e3o. <\/p>\n<p>\u201cPrecisamos ampliar a vis\u00e3o sobre combust\u00edvel renov\u00e1vel. Hoje, mais de 30% da frota brasileira roda com etanol, que equivale aos ve\u00edculos el\u00e9tricos quando falamos de emiss\u00f5es de carbono\u201d, disse.<\/p>\n<p>Cesar Barros, CEO e presidente do Centro de Tecnologia Canavieira, destacou como a efici\u00eancia na produ\u00e7\u00e3o da cana-de-a\u00e7\u00facar pode colaborar e gerar oportunidades neste trabalho. <\/p>\n<p>\u201cA cana pode ser ainda mais explorada do que \u00e9 hoje, colaborando para a cria\u00e7\u00e3o de uma cultura produtiva mais resiliente e que tolere as mudan\u00e7as no clima. \u00c9 fact\u00edvel multiplicar a produtividade sem aumentar a \u00e1rea cultivada da cana-de-a\u00e7\u00facar\u201d, salientou.<\/p>\n<p><em>Sob supervis\u00e3o de Victor Faverin<\/em><\/p>\n<\/p><\/div>\n<p><br \/>\n<br \/><a href=\"https:\/\/www.canalrural.com.br\/agricultura\/ex-ministra-reforca-que-agricultura-e-a-solucao-para-agenda-climatica-no-brasil\/\">Source link <\/a><\/p>\n","protected":false},"excerpt":{"rendered":"<p>A CNN Brasil realizou na noite da \u00faltima segunda-feira (8), em S\u00e3o Paulo, a edi\u00e7\u00e3o especial do CNN Talks \u2013<\/p>\n","protected":false},"author":1,"featured_media":19938,"comment_status":"open","ping_status":"open","sticky":false,"template":"","format":"standard","meta":{"_monsterinsights_skip_tracking":false,"_monsterinsights_sitenote_active":false,"_monsterinsights_sitenote_note":"","_monsterinsights_sitenote_category":0,"_uf_show_specific_survey":0,"_uf_disable_surveys":false,"footnotes":""},"categories":[1],"tags":[],"class_list":["post-19937","post","type-post","status-publish","format-standard","has-post-thumbnail","hentry","category-news"],"_links":{"self":[{"href":"https:\/\/agromt.news\/index.php?rest_route=\/wp\/v2\/posts\/19937"}],"collection":[{"href":"https:\/\/agromt.news\/index.php?rest_route=\/wp\/v2\/posts"}],"about":[{"href":"https:\/\/agromt.news\/index.php?rest_route=\/wp\/v2\/types\/post"}],"author":[{"embeddable":true,"href":"https:\/\/agromt.news\/index.php?rest_route=\/wp\/v2\/users\/1"}],"replies":[{"embeddable":true,"href":"https:\/\/agromt.news\/index.php?rest_route=%2Fwp%2Fv2%2Fcomments&post=19937"}],"version-history":[{"count":0,"href":"https:\/\/agromt.news\/index.php?rest_route=\/wp\/v2\/posts\/19937\/revisions"}],"wp:featuredmedia":[{"embeddable":true,"href":"https:\/\/agromt.news\/index.php?rest_route=\/wp\/v2\/media\/19938"}],"wp:attachment":[{"href":"https:\/\/agromt.news\/index.php?rest_route=%2Fwp%2Fv2%2Fmedia&parent=19937"}],"wp:term":[{"taxonomy":"category","embeddable":true,"href":"https:\/\/agromt.news\/index.php?rest_route=%2Fwp%2Fv2%2Fcategories&post=19937"},{"taxonomy":"post_tag","embeddable":true,"href":"https:\/\/agromt.news\/index.php?rest_route=%2Fwp%2Fv2%2Ftags&post=19937"}],"curies":[{"name":"wp","href":"https:\/\/api.w.org\/{rel}","templated":true}]}}